{"id":18167,"date":"2015-12-01T09:00:03","date_gmt":"2015-12-01T08:00:03","guid":{"rendered":"http:\/\/foment.itartech.com\/?p=18167"},"modified":"2022-12-13T15:54:39","modified_gmt":"2022-12-13T14:54:39","slug":"forum-prl-foment-entrega-galardones-las-mejores-practicas-sector-la-prevencion-riesgos-laborales","status":"publish","type":"post","link":"https:\/\/www.foment.com\/es\/forum-prl-foment-entrega-galardones-las-mejores-practicas-sector-la-prevencion-riesgos-laborales\/","title":{"rendered":"El Forum PRL de Foment entrega sus galardones a las mejores pr\u00e1cticas en el sector de la prevenci\u00f3n de riesgos laborales"},"content":{"rendered":"<section class=\"wpb-content-wrapper\"><p>[vc_row][vc_column width=\u00bb1\/1&#8243;][vc_column_text]El <a href=\"http:\/\/forumprl.foment.com\/\" target=\"_blank\" rel=\"noopener\">Forum de Prevenci\u00f3n de Riesgos Laborales<\/a> (Forum PRL) de Foment del Treball ha entregado los Premios a las Mejores Pr\u00e1cticas del Sector de la PRL, que en su 1\u00aa edici\u00f3n han reconocido la labor de <strong>Adding Plus Services<\/strong>,<strong> Fremap<\/strong>, <strong>MC Mutual<\/strong>, y <strong>Mutua Egarsat<\/strong> en las diversas categor\u00edas. Se trata de unos premios con que este foro profesional vinculado a Foment quiere reconocer p\u00fablicamente la innovaci\u00f3n y las mejores pr\u00e1cticas realizadas por empresas del sector de la prevenci\u00f3n de riesgos laborales, que hayan desarrollado acciones orientadas a sus clientes y\/o asociados contribuyendo a la mejora de la seguridad y salud laboral.<\/p>\n<ul>\n<li>El Jurado ha convenido conceder el Premio en la categor\u00eda <strong>Gesti\u00f3n<\/strong> en <strong>A<\/strong><strong>DDING PLUS SERVICES<\/strong>por el esfuerzo realizado para adaptar la coordinaci\u00f3n de actividades empresariales a las necesidades espec\u00edficas del sector de la log\u00edstica mediante el desarrollo de una plataforma, completamente adaptada y personalizada, que permite gestionar el flujo de documentaci\u00f3n derivado de la Coordinaci\u00f3n de Actividades Empresariales (CAE).<\/li>\n<\/ul>\n<p>[\/vc_column_text][\/vc_column][\/vc_row][vc_row][vc_column width=\u00bb1\/1&#8243;]<div class=\"spacer\" style=\"height: 20px;\"><\/div><div class=\"single_image wpb_content_element align-center    \" data-animation=\"none\" data-delay=\"0\"><img width=\"600\" height=\"400\" src=\"https:\/\/www.foment.com\/wp-content\/uploads\/2015\/12\/ADDING-PLUS.jpg\" class=\"attachment-full\" alt=\"\" loading=\"lazy\" title=\"an recogido el galard\u00f3n Francisco Solis, Gerente de Adding Plus Services, y Joaquim Verdejo, Director de Operaciones de Adding Plus Service. \u00a9 Llu\u00eds Pecoust\u00e1n\" srcset=\"https:\/\/www.foment.com\/wp-content\/uploads\/2015\/12\/ADDING-PLUS.jpg 600w, https:\/\/www.foment.com\/wp-content\/uploads\/2015\/12\/ADDING-PLUS-300x200.jpg 300w\" sizes=\"(max-width: 600px) 100vw, 600px\" \/><span class=\"single_image_caption\">an recogido el galard\u00f3n Francisco Solis, Gerente de Adding Plus Services, y Joaquim Verdejo, Director de Operaciones de Adding Plus Service. \u00a9 Llu\u00eds Pecoust\u00e1n<\/span><\/div><div class=\"spacer\" style=\"height: 20px;\"><\/div>[\/vc_column][\/vc_row][vc_row][vc_column width=\u00bb1\/1&#8243;][vc_column_text]<\/p>\n<ul>\n<li>El Jurado ha convenido conceder el Premio en la categor\u00eda <strong>Asesoramiento<\/strong> a <strong>MUTUA EGARSAT<\/strong>por el desarrollo de dos publicaciones: La \u00abGu\u00eda pr\u00e1ctica para elaborar un plan de movilidad\u00bb, elaborada con el objetivo de facilitar el desarrollo y la implantaci\u00f3n de planes de movilidad en las empresas a trav\u00e9s de unas pautas claras y organizadas y la \u00abGu\u00eda para desplazamientos laborales\u00bb, que indica 40 consejos dirigidos al departamento de recursos humanos y los profesionales que se desplacen por motivos laborales.<\/li>\n<\/ul>\n<p>[\/vc_column_text][\/vc_column][\/vc_row][vc_row][vc_column width=\u00bb1\/1&#8243;]<div class=\"spacer\" style=\"height: 20px;\"><\/div><div class=\"single_image wpb_content_element align-center    \" data-animation=\"none\" data-delay=\"0\"><img width=\"600\" height=\"406\" src=\"https:\/\/www.foment.com\/wp-content\/uploads\/2015\/12\/FREMAP.jpg\" class=\"attachment-full\" alt=\"\" loading=\"lazy\" title=\"Ha recogido el galard\u00f3n Jos\u00e9 Luis Checa, Subdirector general de Fremap. \u00a9 Llu\u00eds Pecoust\u00e1n\" srcset=\"https:\/\/www.foment.com\/wp-content\/uploads\/2015\/12\/FREMAP.jpg 600w, https:\/\/www.foment.com\/wp-content\/uploads\/2015\/12\/FREMAP-300x203.jpg 300w\" sizes=\"(max-width: 600px) 100vw, 600px\" \/><span class=\"single_image_caption\">Ha recogido el galard\u00f3n Jos\u00e9 Luis Checa, Subdirector general de Fremap. \u00a9 Llu\u00eds Pecoust\u00e1n<\/span><\/div><div class=\"spacer\" style=\"height: 20px;\"><\/div>[\/vc_column][\/vc_row][vc_row][vc_column width=\u00bb1\/1&#8243;][vc_column_text]<\/p>\n<ul>\n<li>El Jurado ha convenido conceder el Premio en la categor\u00eda <strong>Promoci\u00f3n<\/strong> a <strong>MC MUTUAL<\/strong> por la creaci\u00f3n del recurso en l\u00ednea \u00abEscuela de la espalda\u00bb, que ofrece contenidos pr\u00e1cticos para el cuidado de la espalda, tanto dentro como fuera del trabajo y cuyo objetivo es promover pautas de higiene postural para prevenir posibles trastornos m\u00fasculo-esquel\u00e9ticos. El Jurado tambi\u00e9n ha convenido conceder una Menci\u00f3n en la categor\u00eda Promoci\u00f3n a<strong> MUTUA EGARSAT<\/strong> por el desarrollo de tres aplicaciones para tel\u00e9fonos inteligentes. \u00abPrevenci\u00f3n Game\u00bb, que transmite conocimientos preventivos a los trabajadores de una manera sencilla y entretenida mediante el juego. \u00abPrimeros Auxilios\u00bb, que facilita conocimientos b\u00e1sicos sobre actuaci\u00f3n en primeros auxilios. Y \u00ababsentismo y competitividad\u00bb, que ayuda a los responsables de RRHH de las empresas en la gesti\u00f3n del absentismo laboral.<\/li>\n<\/ul>\n<p>[\/vc_column_text][\/vc_column][\/vc_row][vc_row][vc_column width=\u00bb1\/1&#8243;]<div class=\"spacer\" style=\"height: 20px;\"><\/div><div class=\"single_image wpb_content_element align-center    \" data-animation=\"none\" data-delay=\"0\"><img width=\"600\" height=\"392\" src=\"https:\/\/www.foment.com\/wp-content\/uploads\/2015\/12\/MC-MUTUAL-1.jpg\" class=\"attachment-full\" alt=\"\" loading=\"lazy\" title=\"Ha recogido el galard\u00f3n Alejandro Romero, Director divisi\u00f3n servicios de prevenci\u00f3n de MC Mutual. \u00a9 Llu\u00eds Pecoust\u00e1n\" srcset=\"https:\/\/www.foment.com\/wp-content\/uploads\/2015\/12\/MC-MUTUAL-1.jpg 600w, https:\/\/www.foment.com\/wp-content\/uploads\/2015\/12\/MC-MUTUAL-1-300x196.jpg 300w\" sizes=\"(max-width: 600px) 100vw, 600px\" \/><span class=\"single_image_caption\">Ha recogido el galard\u00f3n Alejandro Romero, Director divisi\u00f3n servicios de prevenci\u00f3n de MC Mutual. \u00a9 Llu\u00eds Pecoust\u00e1n<\/span><\/div><div class=\"spacer\" style=\"height: 20px;\"><\/div>[\/vc_column][\/vc_row][vc_row][vc_column width=\u00bb1\/1&#8243;][vc_column_text]<\/p>\n<ul>\n<li>El Jurado ha convenido conceder el Premio en la categor\u00eda <strong>Asesoramiento<\/strong> a <strong>MUTUA EGARSAT<\/strong>por el desarrollo de dos publicaciones: La \u00abGu\u00eda pr\u00e1ctica para elaborar un plan de movilidad\u00bb, elaborada con el objetivo de facilitar el desarrollo y la implantaci\u00f3n de planes de movilidad en las empresas a trav\u00e9s de unas pautas claras y organizadas y la \u00abGu\u00eda para desplazamientos laborales\u00bb, que indica 40 consejos dirigidos al departamento de recursos humanos y los profesionales que se desplacen por motivos laborales.<\/li>\n<\/ul>\n<p>[\/vc_column_text][\/vc_column][\/vc_row][vc_row][vc_column width=\u00bb1\/1&#8243;]<div class=\"spacer\" style=\"height: 20px;\"><\/div><div class=\"single_image wpb_content_element align-center    \" data-animation=\"none\" data-delay=\"0\"><img width=\"600\" height=\"330\" src=\"https:\/\/www.foment.com\/wp-content\/uploads\/2015\/12\/EGARSAT_PREMI.jpg\" class=\"attachment-full\" alt=\"\" loading=\"lazy\" title=\"Ha recogido el galard\u00f3n Antoni Capella, Presidente d\u2019Egarsat. \u00a9 Llu\u00eds Pecoust\u00e1n\" srcset=\"https:\/\/www.foment.com\/wp-content\/uploads\/2015\/12\/EGARSAT_PREMI.jpg 600w, https:\/\/www.foment.com\/wp-content\/uploads\/2015\/12\/EGARSAT_PREMI-300x165.jpg 300w\" sizes=\"(max-width: 600px) 100vw, 600px\" \/><span class=\"single_image_caption\">Ha recogido el galard\u00f3n Antoni Capella, Presidente d\u2019Egarsat. \u00a9 Llu\u00eds Pecoust\u00e1n<\/span><\/div><div class=\"spacer\" style=\"height: 20px;\"><\/div>[\/vc_column][\/vc_row][vc_row][vc_column width=\u00bb1\/1&#8243;][vc_column_text]Seg\u00fan muestran las <a href=\"\/wp-content\/uploads\/2016\/09\/Bases_FPRL15_Cat.pdf\" target=\"_blank\" rel=\"noopener\">bases <\/a>de los premios, han podido concurrir entidades que desarrollan su actividad profesional en el \u00e1mbito de la PRL, es decir: las consultoras, las mutuas, las entidades acreditadas ante la autoridad laboral como servicios de prevenci\u00f3n ajenos o como empresas auditoras del sistema de prevenci\u00f3n de riesgos laborales. Las empresas candidatas han podido presentar un m\u00e1ximo de dos candidaturas para una misma edici\u00f3n.<\/p>\n<p>El jurado que ha hecho el estudio y la valoraci\u00f3n de las candidaturas presentadas est\u00e1 formado por Xavier Casas, Responsable y coordinador de Prevenci\u00f3n de Endesa Distribuci\u00f3n El\u00e9ctrica en Catalu\u00f1a; Ramon Muniesa, Director de prevenci\u00f3n de la organizaci\u00f3n preventiva mancomunada de las Cooperativas de Cr\u00e9dito; Carles Ma\u00f1\u00e9, Jefe de Prevenci\u00f3n Riesgos Laborales en Fira de Barcelona; Francesca Trejo, Head of Real Estate &amp; Facility Services Spain &amp; Portugal de Novartis; Francisco Moral, Director Adjunto Calidad, Prevenci\u00f3n y Ambiente del Grupo Sorigu\u00e9; Laura P\u00e9rez, Healt &amp; Safety Manager en Marina Barcelona 92; Bea Beza, Responsable Prevenci\u00f3n de Riesgos Laborales, Calidad y Gesti\u00f3n Ambiental de Aguas de Barcelona; Alfonso Mansilla, Responsable de mejora y desarrollo PRL en Ferrovial Servicios; Narciso Amig\u00f3, Jefe de Recursos Sanitarios y Prevenci\u00f3n de Riesgos Laborales del Puerto de Barcelona; Regina Tornamorell, Responsable de Prevenci\u00f3n de Riesgos Laborales y Salud Laboral de \u00c1reas; Montse Gr\u00e0cia, Jefe de Implantaci\u00f3n Calidad, Prevenci\u00f3n de Riesgos Laborales y Medioambiente a Construccions Rubau; Adelina Beneit, Coordinadora del Servicio de Prevenci\u00f3n de Riesgos Laborales de Codorniu; Merc\u00e8 Serra, Responsable Prevenci\u00f3n de Riesgos Laborales en Idilia Foods.[\/vc_column_text][\/vc_column][\/vc_row][vc_row][vc_column width=\u00bb1\/1&#8243;]<div class=\"spacer\" style=\"height: 20px;\"><\/div>[vc_raw_html]JTNDaWZyYW1lJTIwc3JjJTNEJTIyaHR0cHMlM0ElMkYlMkZ3d3cuZmFjZWJvb2suY29tJTJGcGx1Z2lucyUyRnBvc3QucGhwJTNGaHJlZiUzRGh0dHBzJTI1M0ElMjUyRiUyNTJGd3d3LmZhY2Vib29rLmNvbSUyNTJGbWVkaWElMjUyRnNldCUyNTJGJTI1M0ZzZXQlMjUzRGEuNTI3NDMwMDE3NDIzNzE2LjEwNzM3NDE4NjAuMjY5ODE0MzgzMTg1MjgyJTI1MjZ0eXBlJTI1M0QzJTI2d2lkdGglM0Q1MDAlMjZzaG93X3RleHQlM0R0cnVlJTI2aGVpZ2h0JTNENzM1JTI2YXBwSWQlMjIlMjB3aWR0aCUzRCUyMjUwMCUyMiUyMGhlaWdodCUzRCUyMjczNSUyMiUyMHN0eWxlJTNEJTIyYm9yZGVyJTNBbm9uZSUzQm92ZXJmbG93JTNBaGlkZGVuJTIyJTIwc2Nyb2xsaW5nJTNEJTIybm8lMjIlMjBmcmFtZWJvcmRlciUzRCUyMjAlMjIlMjBhbGxvd1RyYW5zcGFyZW5jeSUzRCUyMnRydWUlMjIlM0UlM0MlMkZpZnJhbWUlM0U=[\/vc_raw_html][\/vc_column][\/vc_row]<\/p>\n<\/section>","protected":false},"excerpt":{"rendered":"<p>[vc_row][vc_column width=\u00bb1\/1&#8243;][vc_column_text]El Forum de Prevenci\u00f3n de Riesgos Laborales (Forum PRL) de Foment del Treball ha entregado los Premios a las Mejores Pr\u00e1cticas del Sector de la PRL, que en su 1\u00aa edici\u00f3n han reconocido la labor de Adding Plus Services, Fremap, MC Mutual, y Mutua Egarsat en las diversas categor\u00edas. Se trata de unos premios con que este foro profesional vinculado a Foment quiere reconocer p\u00fablicamente la innovaci\u00f3n y las mejores pr\u00e1cticas realizadas por empresas del sector de la prevenci\u00f3n de riesgos laborales, que hayan desarrollado acciones orientadas a sus clientes y\/o asociados contribuyendo a la mejora de la seguridad y salud laboral. El Jurado ha convenido conceder el Premio en la categor\u00eda Gesti\u00f3n en ADDING PLUS SERVICESpor el esfuerzo realizado para adaptar la coordinaci\u00f3n de actividades empresariales a las necesidades espec\u00edficas del sector de la log\u00edstica mediante el desarrollo de una plataforma, completamente adaptada y personalizada, que permite gestionar el flujo de documentaci\u00f3n derivado de la Coordinaci\u00f3n de Actividades Empresariales (CAE). [\/vc_column_text][\/vc_column][\/vc_row][vc_row][vc_column width=\u00bb1\/1&#8243;][\/vc_column][\/vc_row][vc_row][vc_column width=\u00bb1\/1&#8243;][vc_column_text] El Jurado ha convenido conceder el Premio en la categor\u00eda Asesoramiento a MUTUA EGARSATpor el desarrollo de dos publicaciones: La \u00abGu\u00eda pr\u00e1ctica para elaborar un plan de movilidad\u00bb, elaborada con el objetivo de facilitar el [&hellip;]<\/p>\n","protected":false},"author":24,"featured_media":18766,"comment_status":"closed","ping_status":"closed","sticky":false,"template":"","format":"standard","meta":{"_links_to":"","_links_to_target":""},"categories":[218,7389,216],"tags":[],"acf":[],"wps_subtitle":"Adding Plus Services, Fremap, MC Mutual, Prevencontrol y Mutua Egarsat reciben los premios y las menciones en las diversas categor\u00edas","_links":{"self":[{"href":"https:\/\/www.foment.com\/es\/wp-json\/wp\/v2\/posts\/18167"}],"collection":[{"href":"https:\/\/www.foment.com\/es\/wp-json\/wp\/v2\/posts"}],"about":[{"href":"https:\/\/www.foment.com\/es\/wp-json\/wp\/v2\/types\/post"}],"author":[{"embeddable":true,"href":"https:\/\/www.foment.com\/es\/wp-json\/wp\/v2\/users\/24"}],"replies":[{"embeddable":true,"href":"https:\/\/www.foment.com\/es\/wp-json\/wp\/v2\/comments?post=18167"}],"version-history":[{"count":1,"href":"https:\/\/www.foment.com\/es\/wp-json\/wp\/v2\/posts\/18167\/revisions"}],"predecessor-version":[{"id":155697,"href":"https:\/\/www.foment.com\/es\/wp-json\/wp\/v2\/posts\/18167\/revisions\/155697"}],"wp:featuredmedia":[{"embeddable":true,"href":"https:\/\/www.foment.com\/es\/wp-json\/wp\/v2\/media\/18766"}],"wp:attachment":[{"href":"https:\/\/www.foment.com\/es\/wp-json\/wp\/v2\/media?parent=18167"}],"wp:term":[{"taxonomy":"category","embeddable":true,"href":"https:\/\/www.foment.com\/es\/wp-json\/wp\/v2\/categories?post=18167"},{"taxonomy":"post_tag","embeddable":true,"href":"https:\/\/www.foment.com\/es\/wp-json\/wp\/v2\/tags?post=18167"}],"curies":[{"name":"wp","href":"https:\/\/api.w.org\/{rel}","templated":true}]}}