{"id":181710,"date":"2024-01-10T17:31:32","date_gmt":"2024-01-10T16:31:32","guid":{"rendered":"https:\/\/www.foment.com\/?p=181710"},"modified":"2024-04-29T17:31:49","modified_gmt":"2024-04-29T15:31:49","slug":"isabel-turpin-organaid-es-una-tecnologia-integrada-que-permet-provar-medicaments-de-forma-personalitzada","status":"publish","type":"post","link":"https:\/\/www.foment.com\/es\/isabel-turpin-organaid-es-una-tecnologia-integrada-que-permet-provar-medicaments-de-forma-personalitzada\/","title":{"rendered":"Isabel Turp\u00edn: \u201cOrganAID \u00e9s una tecnologia integrada que permet provar medicaments de forma personalitzada\u201d"},"content":{"rendered":"<p>Academy for Women Entrepreneurs (AWE) \u00e9s un programa de Foment del Treball, el Departament d\u2019Estat d\u2019Estats Units i el Consolat Americ\u00e0 en el qual han pogut participar 30 dones emprenedores. L\u2019AWE consta de 4 eixos: formaci\u00f3 en l\u00ednia per part de l\u2019Escola de negocis Thunderbird de la Universitat d\u2019Arizona, Masterclasses presencials, tours inspiradors i l\u2019oportunitat de formar part de la xarxa global AWE amb connexions a tot el m\u00f3n.<\/p>\n<p>Amb l\u2019objectiu de con\u00e8ixer m\u00e9s en detall els diferents projectes empresarials del programa, des de la revista \u201cF de Foment i Fepime\u201d us aproparem de primera m\u00e0 els perfils de les empres\u00e0ries que han format part de la segona edici\u00f3 de la Academy for Women Entrepreneurs a trav\u00e9s d\u2019entrevistes amb les diferents professionals.<\/p>\n<p>Avui parlem amb\u00a0<strong><em>Isabel Turp\u00edn Moreno, OrganAID.<\/em><\/strong><\/p>\n<p>&nbsp;<\/p>\n<p><strong>Quin projecte vas presentar per poder formar part del programa AWE?<\/strong><\/p>\n<p>OrganAID \u00e9s una tecnologia integrada que permet provar medicaments de forma personalitzada i predir la seva toxicitat i efic\u00e0cia, sense necessitat d\u2019exposar els pacients als riscos dels tractaments. OrganAID \u00e9s un projecte nascut a acad\u00e8mia i pensat per arribar fins i tot a la salut de col\u00b7lectius on la inversi\u00f3 i la investigaci\u00f3 estan m\u00e9s limitats, les malalties rares. En aquest projecte d\u2019<em>spin-off\u00a0<\/em>hem combinat tecnol\u00f2gicament diferents \u00e0rees de coneixement i t\u00e8cniques punteres com s\u00f3n (1) la creaci\u00f3 de \u201cmini \u00f2rgans\u201d derivats de c\u00e8l\u00b7lules de mare de persones malaltes per a l\u2019estudi concret de la seva malaltia en el seu propi context gen\u00e8tic, i (2) la intel\u00b7lig\u00e8ncia artificial que accelera el proc\u00e9s d\u2019an\u00e0lisi i \u00e9s capa\u00e7 d\u2019extreure informaci\u00f3 rellevant de les dades que no \u00e9s \u00f2bvia per a l\u2019ull hum\u00e0. Malauradament els tractaments de primera l\u00ednia no s\u00f3n efica\u00e7os en les malalties rares farmaco-resistents, i el nostre objectiu \u00e9s ser capaces de predir els millors f\u00e0rmacs per a cada, d\u2019aquesta manera millorar la qualitat de vida de tantes persones que a dia d\u2019avui no han trobat un tractament que els hi funcioni amb efic\u00e0cia.<\/p>\n<p><strong>Dels diferents eixos del programa, quin \u00e9s el que m\u00e9s t\u2019ha ajudat a tirar endavant el teu projecte?<\/strong><\/p>\n<p>Degut a la meva inexperi\u00e8ncia en el m\u00f3n de l\u2019empresa podria dir que, en conjunt, aquest programa m\u2019ha ajudat en tots i cadascun dels seus eixos. Des de la part m\u00e9s d\u2019ideaci\u00f3 fins a la part m\u00e9s legal, passant per totes i cadascuna de les sessions del programa, aix\u00ed com els tours i la formaci\u00f3 en l\u00ednia, sense dubte ha estat un gran enriquiment. Voldria tamb\u00e9 fer una menci\u00f3 especial a totes les meves companyes de l\u2019edici\u00f3 perqu\u00e8, sense cap dubte, gran part de l\u2019aprenentatge que m\u2019emporto els ho dec a elles per compartir les seves experi\u00e8ncies i els seus consells.<\/p>\n<p><strong>Quins s\u00f3n els reptes de futur m\u00e9s immediats per al teu projecte?<\/strong><\/p>\n<p>A nivell m\u00e9s immediat, finalitzar el proc\u00e9s de protecci\u00f3 de la nostra propietat intel.lectual i, com sembla obvi donat l\u2019estat de desenvolupament en el que ens trobem, el repte d\u2019OrganAID \u00e9s constituir-nos com a empresa\u00a0<em>start-up<\/em>, que esperem executar en els propers mesos. Ara ja tenim el proof-of-concept validat per una de les epil\u00e8psies infantils m\u00e9s severes i estem treballant per validar-ho com a e\u00efna per identificar els tractaments m\u00e9s adients pels tumors cerebrals. Un cop l\u2019OrgaAID estiguem constitu\u00efts volem comen\u00e7ar a fer proves Beta i validar nous medicaments i noves possibles indicacions. Al mateix temps, preparar-nos per establir la nostra empresa dintre del marc legislatiu europeu i americ\u00e0, on creiem que podem tenir una bona acollida, donat el seu peculiar sistema de salut. Per arrodonir aquests processos estem pensant en obrir una ronda de preseed, que ens permeti assolir el nivell de validacions abans d\u2019anar a la EMA i la FDA.<\/p>\n<p><strong>Com t\u2019ha ajudat Foment a fer cr\u00e9ixer la teva idea\/projecte?<\/strong><\/p>\n<p>Com ja he comentat, aquest programa m\u2019ha donat l\u2019oportunitat de rodejar-me de dones amb immensitat de coneixement i experi\u00e8ncia per compartir. A part de tota la formaci\u00f3 m\u00e9s te\u00f2rica, ha estat un gran enriquiment poder aprendre de l\u2019experi\u00e8ncia de totes les meves companyes, que, com jo, ja van estar en la meva situaci\u00f3 en el seu moment. M\u2019ha semblat una experi\u00e8ncia molt estimulant i motivadora poder veure i aprendre en primera persona i de primera m\u00e0 el proc\u00e9s natural, i no f\u00e0cil, de creaci\u00f3 d\u2019una empresa i de, paral\u00b7lelament, l\u2019adquisici\u00f3 personal del rol de lideratge. Tot plegat, aquesta experi\u00e8ncia m\u2019ha ajudat a establir m\u00e9s fermament quins s\u00f3n els proper passos a seguir per poder fer d\u2019aquest un projecte una realitat, aconseguir finan\u00e7ament i poder-nos constituir com a empresa. Per \u00faltim, el haver estat seleccionada com a un dels projectes destacats tamb\u00e9 ha estat una reafirmaci\u00f3 de la import\u00e0ncia que externament se li dona al nostre projecte i una motivaci\u00f3 m\u00e9s per seguir endavant en aquest proc\u00e9s.<\/p>\n","protected":false},"excerpt":{"rendered":"<p>Academy for Women Entrepreneurs (AWE) \u00e9s un programa de Foment del Treball, el Departament d\u2019Estat d\u2019Estats Units i el Consolat Americ\u00e0 en el qual han pogut participar 30 dones emprenedores. L\u2019AWE consta de 4 eixos: formaci\u00f3 en l\u00ednia per part de l\u2019Escola de negocis Thunderbird de la Universitat d\u2019Arizona, Masterclasses presencials, tours inspiradors i l\u2019oportunitat de formar part de la xarxa global AWE amb connexions a tot el m\u00f3n. Amb l\u2019objectiu de con\u00e8ixer m\u00e9s en detall els diferents projectes empresarials del programa, des de la revista \u201cF de Foment i Fepime\u201d us aproparem de primera m\u00e0 els perfils de les empres\u00e0ries que han format part de la segona edici\u00f3 de la Academy for Women Entrepreneurs a trav\u00e9s d\u2019entrevistes amb les diferents professionals. Avui parlem amb\u00a0Isabel Turp\u00edn Moreno, OrganAID. &nbsp; Quin projecte vas presentar per poder formar part del programa AWE? OrganAID \u00e9s una tecnologia integrada que permet provar medicaments de forma personalitzada i predir la seva toxicitat i efic\u00e0cia, sense necessitat d\u2019exposar els pacients als riscos dels tractaments. OrganAID \u00e9s un projecte nascut a acad\u00e8mia i pensat per arribar fins i tot a la salut de col\u00b7lectius on la inversi\u00f3 i la investigaci\u00f3 estan m\u00e9s limitats, les malalties rares. En [&hellip;]<\/p>\n","protected":false},"author":1,"featured_media":181707,"comment_status":"closed","ping_status":"closed","sticky":false,"template":"","format":"standard","meta":{"_links_to":"","_links_to_target":""},"categories":[8406],"tags":[5668,4847],"acf":[],"wps_subtitle":"","_links":{"self":[{"href":"https:\/\/www.foment.com\/es\/wp-json\/wp\/v2\/posts\/181710"}],"collection":[{"href":"https:\/\/www.foment.com\/es\/wp-json\/wp\/v2\/posts"}],"about":[{"href":"https:\/\/www.foment.com\/es\/wp-json\/wp\/v2\/types\/post"}],"author":[{"embeddable":true,"href":"https:\/\/www.foment.com\/es\/wp-json\/wp\/v2\/users\/1"}],"replies":[{"embeddable":true,"href":"https:\/\/www.foment.com\/es\/wp-json\/wp\/v2\/comments?post=181710"}],"version-history":[{"count":2,"href":"https:\/\/www.foment.com\/es\/wp-json\/wp\/v2\/posts\/181710\/revisions"}],"predecessor-version":[{"id":181712,"href":"https:\/\/www.foment.com\/es\/wp-json\/wp\/v2\/posts\/181710\/revisions\/181712"}],"wp:featuredmedia":[{"embeddable":true,"href":"https:\/\/www.foment.com\/es\/wp-json\/wp\/v2\/media\/181707"}],"wp:attachment":[{"href":"https:\/\/www.foment.com\/es\/wp-json\/wp\/v2\/media?parent=181710"}],"wp:term":[{"taxonomy":"category","embeddable":true,"href":"https:\/\/www.foment.com\/es\/wp-json\/wp\/v2\/categories?post=181710"},{"taxonomy":"post_tag","embeddable":true,"href":"https:\/\/www.foment.com\/es\/wp-json\/wp\/v2\/tags?post=181710"}],"curies":[{"name":"wp","href":"https:\/\/api.w.org\/{rel}","templated":true}]}}