{"id":181901,"date":"2021-05-18T18:46:13","date_gmt":"2021-05-18T16:46:13","guid":{"rendered":"https:\/\/www.foment.com\/?p=181901"},"modified":"2024-04-29T18:46:32","modified_gmt":"2024-04-29T16:46:32","slug":"stereo-rent-els-esdeveniments-online-han-vingut-per-quedar-se","status":"publish","type":"post","link":"https:\/\/www.foment.com\/es\/stereo-rent-els-esdeveniments-online-han-vingut-per-quedar-se\/","title":{"rendered":"Stereo Rent: Els esdeveniments online han vingut per quedar-se"},"content":{"rendered":"<p>La Covid-19 ens ha afectat de ple ja que l\u2019activitat de\u00a0<a href=\"http:\/\/stereorent.es\/\" target=\"_blank\" rel=\"noopener\">Stereo Rent<\/a>\u00a0est\u00e0 dedicada a l\u2019execuci\u00f3 t\u00e8cnica d\u2019esdeveniments de tot tipus i especialment congressos, convencions, rodes de premsa, presentacions i esdeveniments corporatius, entre d\u2019altres.<\/p>\n<p>Amb la pand\u00e8mia, tots han deixat de fer-se de manera presencial i hem hagut de reinventar-nos construint en temps record un plat\u00f3 que, a m\u00e9s de complir amb estrictes mesures de seguretat i prevenci\u00f3 de la Covid, est\u00e0 completament equipat amb equips d\u2019\u00e0udio, v\u00eddeo i il\u00b7luminaci\u00f3 per tal d\u2019oferir als nostres clients esdeveniments h\u00edbrids, amb ponents o assistents amb pres\u00e8ncia f\u00edsica i d\u2019altres, tant ponents com assistents amb participaci\u00f3 online.<\/p>\n<p>Passats els primers mesos, el client sent la necessitat de comunicar i de mantenir el contacte amb el seu col\u00b7lectiu, i \u00e9s per aix\u00f2 que hem hagut d\u2019ampliar el nostre estoc amb nous equips i productes i donar formaci\u00f3 als nostres t\u00e8cnics per poder fer totes aquestes tasques.<\/p>\n<p>El Streaming de fet \u00e9s una feina que fins abans de la Covid era un complement a l\u2019esdeveniment, fent difusi\u00f3 dels v\u00eddeos ja enregistrats, votacions, preguntes o donant pas a participants a distancia, per\u00f2 ara s\u2019ha convertit en el centre i \u00fanic vincle d\u2019uni\u00f3 entre emissor i espectador.<\/p>\n<p>No podem oblidar que aquests esdeveniments online tenen al seu favor un menor cost i la possibilitat de arribar a m\u00e9s audi\u00e8ncia aprofitant les xarxes socials i la facilitat d\u2019interacci\u00f3 amb els usuaris.<\/p>\n<p>Nosaltres tenim la confian\u00e7a de que, quan tot aix\u00f2 passi, els esdeveniments presencials tornaran. A la gent li agrada viatjar, dialogar, compartir i crear comunitat per\u00f2 tamb\u00e9 tenim clar que aquest format ha arribat per quedar-se i de ben segur estarem obligats a combinar els dos formats en un futur.<\/p>\n","protected":false},"excerpt":{"rendered":"<p>La Covid-19 ens ha afectat de ple ja que l\u2019activitat de\u00a0Stereo Rent\u00a0est\u00e0 dedicada a l\u2019execuci\u00f3 t\u00e8cnica d\u2019esdeveniments de tot tipus i especialment congressos, convencions, rodes de premsa, presentacions i esdeveniments corporatius, entre d\u2019altres. Amb la pand\u00e8mia, tots han deixat de fer-se de manera presencial i hem hagut de reinventar-nos construint en temps record un plat\u00f3 que, a m\u00e9s de complir amb estrictes mesures de seguretat i prevenci\u00f3 de la Covid, est\u00e0 completament equipat amb equips d\u2019\u00e0udio, v\u00eddeo i il\u00b7luminaci\u00f3 per tal d\u2019oferir als nostres clients esdeveniments h\u00edbrids, amb ponents o assistents amb pres\u00e8ncia f\u00edsica i d\u2019altres, tant ponents com assistents amb participaci\u00f3 online. Passats els primers mesos, el client sent la necessitat de comunicar i de mantenir el contacte amb el seu col\u00b7lectiu, i \u00e9s per aix\u00f2 que hem hagut d\u2019ampliar el nostre estoc amb nous equips i productes i donar formaci\u00f3 als nostres t\u00e8cnics per poder fer totes aquestes tasques. El Streaming de fet \u00e9s una feina que fins abans de la Covid era un complement a l\u2019esdeveniment, fent difusi\u00f3 dels v\u00eddeos ja enregistrats, votacions, preguntes o donant pas a participants a distancia, per\u00f2 ara s\u2019ha convertit en el centre i \u00fanic vincle d\u2019uni\u00f3 entre emissor i espectador. No [&hellip;]<\/p>\n","protected":false},"author":1,"featured_media":181898,"comment_status":"closed","ping_status":"closed","sticky":false,"template":"","format":"standard","meta":{"_links_to":"","_links_to_target":""},"categories":[8408],"tags":[],"acf":[],"wps_subtitle":"Article d\u2019Oriol Parra, Director T\u00e8cnic de Stereo Rent.","_links":{"self":[{"href":"https:\/\/www.foment.com\/es\/wp-json\/wp\/v2\/posts\/181901"}],"collection":[{"href":"https:\/\/www.foment.com\/es\/wp-json\/wp\/v2\/posts"}],"about":[{"href":"https:\/\/www.foment.com\/es\/wp-json\/wp\/v2\/types\/post"}],"author":[{"embeddable":true,"href":"https:\/\/www.foment.com\/es\/wp-json\/wp\/v2\/users\/1"}],"replies":[{"embeddable":true,"href":"https:\/\/www.foment.com\/es\/wp-json\/wp\/v2\/comments?post=181901"}],"version-history":[{"count":2,"href":"https:\/\/www.foment.com\/es\/wp-json\/wp\/v2\/posts\/181901\/revisions"}],"predecessor-version":[{"id":181903,"href":"https:\/\/www.foment.com\/es\/wp-json\/wp\/v2\/posts\/181901\/revisions\/181903"}],"wp:featuredmedia":[{"embeddable":true,"href":"https:\/\/www.foment.com\/es\/wp-json\/wp\/v2\/media\/181898"}],"wp:attachment":[{"href":"https:\/\/www.foment.com\/es\/wp-json\/wp\/v2\/media?parent=181901"}],"wp:term":[{"taxonomy":"category","embeddable":true,"href":"https:\/\/www.foment.com\/es\/wp-json\/wp\/v2\/categories?post=181901"},{"taxonomy":"post_tag","embeddable":true,"href":"https:\/\/www.foment.com\/es\/wp-json\/wp\/v2\/tags?post=181901"}],"curies":[{"name":"wp","href":"https:\/\/api.w.org\/{rel}","templated":true}]}}