{"id":181925,"date":"2021-04-08T18:55:27","date_gmt":"2021-04-08T16:55:27","guid":{"rendered":"https:\/\/www.foment.com\/?p=181925"},"modified":"2024-04-29T18:55:47","modified_gmt":"2024-04-29T16:55:47","slug":"lestrategia-de-digitalitzacio-despanya-i-lus-dels-fons-next-generation","status":"publish","type":"post","link":"https:\/\/www.foment.com\/es\/lestrategia-de-digitalitzacio-despanya-i-lus-dels-fons-next-generation\/","title":{"rendered":"L\u2019estrat\u00e8gia de digitalitzaci\u00f3 d\u2019Espanya i l\u2019\u00fas dels fons Next Generation"},"content":{"rendered":"<p>El Mecanisme de Recuperaci\u00f3 i Resili\u00e8ncia de la Uni\u00f3 Europea, del que participa Espanya com Estat Membre a trav\u00e9s del seu Pla de Recuperaci\u00f3, Transformaci\u00f3 i Resili\u00e8ncia, estableix la necessitat d\u2019impulsar una transici\u00f3 verda i una transformaci\u00f3 digital dels teixits econ\u00f2mic i social en el seu \u00fas. Aquesta transici\u00f3 i transformaci\u00f3 ha de ser coherent i consistent tant amb les directrius de la Uni\u00f3 Europea com amb les estrat\u00e8gies i plans previs elaborats per cada estat membre.<\/p>\n<p>Aix\u00f2 implica que l\u2019Agenda Espanya Digital 2025 \u00e9s el marc estrat\u00e8gic de refer\u00e8ncia en la transformaci\u00f3 digital que es posa en marxa a trav\u00e9s del Pla i que es financia a trav\u00e9s d\u2019aquests fons Next Generation. L\u2019agenda s\u2019articula al voltant de 10 eixos i 48 mesures, tot i que les que poden tenir un impacte m\u00e9s directe en l\u2019\u00e0mbit de l\u2019empresa i, especialment a les PIME s\u00f3n:<\/p>\n<ul>\n<li>Connectivitat Digital.<\/li>\n<li>Ciberseguretat.<\/li>\n<li>Compet\u00e8ncies Digitals.<\/li>\n<li>Transformaci\u00f3 Digital del Sector P\u00fablic.<\/li>\n<li>Transformaci\u00f3 Digital de l\u2019Empresa i Emprenedoria Digital.<\/li>\n<li>Projectes Tractors de Digitalitzaci\u00f3 Sectorial.<\/li>\n<\/ul>\n<p>Operativament, l\u2019Agenda s\u2019articula al voltant de diferents Plans associats, b\u00e0sicament, als seus diferents eixos, on en destacar\u00edem especialment tres:<\/p>\n<p><strong>1. El Pla d\u2019Impuls a la Digitalitzaci\u00f3 de PIMES 2021-2025:<\/strong>\u00a0pressupostat en 4.656 milions d\u2019euros, amb prop d\u2019un 96% d\u2019aquest total dedicat a ajuts a la pr\u00f2pia digitalitzaci\u00f3 i organitzat al voltant de 15 mesures. La iniciativa m\u00e9s destacable \u00e9s la \u201cDigital Toolkit\u201d, dotada amb 3.000 milions d\u2019euros per al per\u00edode 2021-2023, per\u00f2 on tamb\u00e9 recull actuacions de suport a la gesti\u00f3 del canvi o d\u2019impuls a l\u2019emprenedoria. Tamb\u00e9 hi apareixen una part significativa dels \u201cProjectes Tractors Sectorials\u201d, com els de Turisme, Comer\u00e7 o Ind\u00fastria. La seva intervenci\u00f3 afecta directament i indirectament a, com a m\u00ednim, tres grans \u00e0mbits organitzatius de l\u2019empresa:<\/p>\n<p>o L\u2019aplicaci\u00f3 tecnol\u00f2gica i la digitalitzaci\u00f3 \u201cpura\u201d dels productes, serveis i funcions de producci\u00f3 de les empreses.<\/p>\n<p>o La intervenci\u00f3 sobre els models productius, les estrat\u00e8gies de competitivitat i el propi funcionament de les empreses.<\/p>\n<p>o El treball sobre les persones i les plantilles, els seus perfils laborals i el seu paper dins l\u2019organitzaci\u00f3, tamb\u00e9 en els nivells directius.<\/p>\n<p><strong>2. El Pla Nacional de Compet\u00e8ncies Digitals<\/strong>: pressupostat en 3.750 milions d\u2019euros i articulat al voltant de 7 l\u00ednies de treball i 16 mesures, en el que es vol incidir sobre el conjunt de la ciutadania per\u00f2 tamb\u00e9 sobre els models educatius i formatius o la capacitaci\u00f3 dins les empreses i el mercat laboral. En aquest sentit, tres grans \u00e0mbits s\u00f3n els objectius preferents de les intervencions previstes:<\/p>\n<p>o Els elements competencials relacionats amb les empreses i els seus models funcionals i de negoci.<\/p>\n<p>o Els elements competencials i organitzatius propis de les Administracions P\u00fabliques i la prestaci\u00f3 dels seus serveis.<\/p>\n<p>o Els elements competencials i de relacions de la ciutadania.<\/p>\n<p><strong>3. El Pla Digital de les Administracions P\u00fabliques 2021-2025:<\/strong>\u00a0pressupostat en 2.600 milions d\u2019euros en 3 eixos i 17 mesures i on el principal impacte, m\u00e9s enll\u00e0 de les intervencions d\u2019organitzaci\u00f3 interna dels diferents nivells de l\u2019administraci\u00f3 a l\u2019Estat, estar\u00e0 en els canals utilitzats en la relaci\u00f3 amb empreses i ciutadania i el pes creixent de l\u2019\u00e0mbit digital en la prestaci\u00f3 dels serveis p\u00fablics, l\u2019acc\u00e9s als seus recursos o el compliment d\u2019obligacions legals.<\/p>\n<p>Tot i que l\u2019articulaci\u00f3 de l\u2019Agenda i els Plans \u00e9s coherent i consistent, el seu desenvolupament operatiu presenta desafiaments i dificultats que, ara mateix, encara no estan suficientment clarificades o resoltes. Aix\u00f2 pot dificultar tant l\u2019acc\u00e9s efectiu des de les empreses als recursos disponibles com la pr\u00f2pia capacitat de les Administracions per posar-los a la seva disposici\u00f3.<\/p>\n<p>En primer lloc, algunes mesures existents en els diferents plans es superposen o, millor dit, es repeteixen, donada la seva naturalesa \u201ctransversal\u201d. Aix\u00f2 vol dir, per exemple, que intervencions incorporades al Pla de Digitalitzaci\u00f3 de PIMES relacionades amb compet\u00e8ncies digitals o amb la formaci\u00f3 professional -i que com a tals estan sumades al pressupost enunciat del Pla- en realitat estan pagades a trav\u00e9s del Pla Nacional de Compet\u00e8ncies i tamb\u00e9 en formen part. Aix\u00ed, l\u2019import total efectiu i sobre el terreny dels diferents Plans ser\u00e0 inferior a la suma del total dels pressupostos que s\u2019han anunciat.<\/p>\n<p>Relacionat amb el que acabem d\u2019explicar, en aquells casos en els que les mesures s\u00f3n transversals per\u00f2 no necess\u00e0riament la mateixa, cal coordinar l\u2019aplicaci\u00f3 i la coher\u00e8ncia de les intervencions des de diferents administracions i ens p\u00fablics: nom\u00e9s en l\u2019\u00e0mbit de l\u2019Administraci\u00f3 General de l\u2019Estat n\u2019hi ha implicats m\u00e9s de 16, entre ministeris, secretaries d\u2019estat, organismes p\u00fablics, etc. Cal afegir all\u00e0 on sigui pertinent un nombre, sin\u00f3 equivalent, si significatiu en el nivell regional i, arribat el cas, en el nivell local, tamb\u00e9 en funci\u00f3 dels mitjans de transfer\u00e8ncia i cogovernan\u00e7a que s\u2019apliquin.<\/p>\n<p>La coordinaci\u00f3 dels mecanismes d\u2019\u00fas dels fons (convocat\u00f2ries, contractacions, etc.) o de la pr\u00f2pia naturalesa dels projectes finan\u00e7ats \u00e9s un repte molt important per al que encara no es veu una resposta clara i definida en cap nivell de l\u2019Administraci\u00f3 P\u00fablica. Tot i que hi ha una progressiva activaci\u00f3 de les mesures, com per exemple recentment a trav\u00e9s d\u2019una Manifestaci\u00f3 d\u2019Inter\u00e8s (MDI) del Ministeri d\u2019Assumptes Econ\u00f2mics i Transformaci\u00f3 Digital sobre \u201cEnfortiment de les capacitats de ciberseguretat de les PIMES\u201d, encara no \u00e9s visible l\u2019estructura de gesti\u00f3 i coordinaci\u00f3 que s\u2019utilitzar\u00e0 en cadascun dels Plans o, arribat el cas, per a la pr\u00f2pia Agenda Espanya Digital 2025 en relaci\u00f3 a l\u2019\u00fas dels fons de Next Generation. Caldr\u00e0 seguir-ho de ben a prop.<\/p>\n","protected":false},"excerpt":{"rendered":"<p>El Mecanisme de Recuperaci\u00f3 i Resili\u00e8ncia de la Uni\u00f3 Europea, del que participa Espanya com Estat Membre a trav\u00e9s del seu Pla de Recuperaci\u00f3, Transformaci\u00f3 i Resili\u00e8ncia, estableix la necessitat d\u2019impulsar una transici\u00f3 verda i una transformaci\u00f3 digital dels teixits econ\u00f2mic i social en el seu \u00fas. Aquesta transici\u00f3 i transformaci\u00f3 ha de ser coherent i consistent tant amb les directrius de la Uni\u00f3 Europea com amb les estrat\u00e8gies i plans previs elaborats per cada estat membre. Aix\u00f2 implica que l\u2019Agenda Espanya Digital 2025 \u00e9s el marc estrat\u00e8gic de refer\u00e8ncia en la transformaci\u00f3 digital que es posa en marxa a trav\u00e9s del Pla i que es financia a trav\u00e9s d\u2019aquests fons Next Generation. L\u2019agenda s\u2019articula al voltant de 10 eixos i 48 mesures, tot i que les que poden tenir un impacte m\u00e9s directe en l\u2019\u00e0mbit de l\u2019empresa i, especialment a les PIME s\u00f3n: Connectivitat Digital. Ciberseguretat. Compet\u00e8ncies Digitals. Transformaci\u00f3 Digital del Sector P\u00fablic. Transformaci\u00f3 Digital de l\u2019Empresa i Emprenedoria Digital. Projectes Tractors de Digitalitzaci\u00f3 Sectorial. Operativament, l\u2019Agenda s\u2019articula al voltant de diferents Plans associats, b\u00e0sicament, als seus diferents eixos, on en destacar\u00edem especialment tres: 1. El Pla d\u2019Impuls a la Digitalitzaci\u00f3 de PIMES 2021-2025:\u00a0pressupostat en 4.656 milions d\u2019euros, amb [&hellip;]<\/p>\n","protected":false},"author":1,"featured_media":181922,"comment_status":"closed","ping_status":"closed","sticky":false,"template":"","format":"standard","meta":{"_links_to":"","_links_to_target":""},"categories":[8408],"tags":[8415],"acf":[],"wps_subtitle":"Article de ROCA&amp;JUNYENT- DALEPH.","_links":{"self":[{"href":"https:\/\/www.foment.com\/es\/wp-json\/wp\/v2\/posts\/181925"}],"collection":[{"href":"https:\/\/www.foment.com\/es\/wp-json\/wp\/v2\/posts"}],"about":[{"href":"https:\/\/www.foment.com\/es\/wp-json\/wp\/v2\/types\/post"}],"author":[{"embeddable":true,"href":"https:\/\/www.foment.com\/es\/wp-json\/wp\/v2\/users\/1"}],"replies":[{"embeddable":true,"href":"https:\/\/www.foment.com\/es\/wp-json\/wp\/v2\/comments?post=181925"}],"version-history":[{"count":2,"href":"https:\/\/www.foment.com\/es\/wp-json\/wp\/v2\/posts\/181925\/revisions"}],"predecessor-version":[{"id":181927,"href":"https:\/\/www.foment.com\/es\/wp-json\/wp\/v2\/posts\/181925\/revisions\/181927"}],"wp:featuredmedia":[{"embeddable":true,"href":"https:\/\/www.foment.com\/es\/wp-json\/wp\/v2\/media\/181922"}],"wp:attachment":[{"href":"https:\/\/www.foment.com\/es\/wp-json\/wp\/v2\/media?parent=181925"}],"wp:term":[{"taxonomy":"category","embeddable":true,"href":"https:\/\/www.foment.com\/es\/wp-json\/wp\/v2\/categories?post=181925"},{"taxonomy":"post_tag","embeddable":true,"href":"https:\/\/www.foment.com\/es\/wp-json\/wp\/v2\/tags?post=181925"}],"curies":[{"name":"wp","href":"https:\/\/api.w.org\/{rel}","templated":true}]}}