{"id":181979,"date":"2024-04-30T13:15:38","date_gmt":"2024-04-30T11:15:38","guid":{"rendered":"https:\/\/www.foment.com\/foment-trasllada-propostes-eleccions-catalanes-al-candidat-partit-socialistes\/"},"modified":"2024-04-30T13:33:54","modified_gmt":"2024-04-30T11:33:54","slug":"foment-traslada-propuestas-elecciones-catalanas-al-candidato-partido-socialistas","status":"publish","type":"post","link":"https:\/\/www.foment.com\/es\/foment-traslada-propuestas-elecciones-catalanas-al-candidato-partido-socialistas\/","title":{"rendered":"Foment del Treball traslada sus propuestas para las elecciones catalanas al candidato del Partido de los Socialistas"},"content":{"rendered":"<section class=\"wpb-content-wrapper\"><p>[vc_row][vc_column][vc_column_text]<\/p>\n<ul>\n<li>Las prioridades de la patronal catalana son una fiscalidad m\u00e1s competitiva, la ejecuci\u00f3n de inversiones urgentes como la ampliaci\u00f3n del aeropuerto del Prat y una pol\u00edtica industrial m\u00e1s comprometida<\/li>\n<\/ul>\n<p>Una delegaci\u00f3n de Foment del Treball, encabezada por su presidente, <strong>Josep S\u00e1nchez Llibre<\/strong>, se ha reunido con el candidato del Partit dels Socialistes de Catalunya a las elecciones en el Parlament, <strong>Salvador Illa<\/strong>. En el encuentro se han tratado las cuestiones que la patronal catalana ha ido destacando \u00faltimamente para el pr\u00f3ximo contexto electoral: <strong>una fiscalidad m\u00e1s competitiva, la ejecuci\u00f3n de las inversiones que el pa\u00eds necesita, una pol\u00edtica industrial de mirada larga y lograr una mayor seguridad jur\u00eddica.<\/strong><\/p>\n<p>El presidente S\u00e1nchez Llibre ha enviado las <a href=\"https:\/\/www.foment.com\/es\/foment-del-treball-presenta-465-propuestas-economicas-para-las-proximas-elecciones-al-parlament\/\">465 propuestas que Foment del Treball considera primordiales ante la proxima convocatoria electoral<\/a>. En el encuentro se han valorado las necesidades y horizontes del tejido empresarial catal\u00e1n. Una de las preocupaciones de Foment es la cuesti\u00f3n fiscal y la situaci\u00f3n que viven empresas y familias catalanas por lo que es urgente poner las bases para un ecosistema econ\u00f3mico positivo y din\u00e1mico. <strong>La eliminaci\u00f3n del Impuesto de Patrimonio, la rebaja de los tipos marginales del IRPF en Catalu\u00f1a y rebajar el tipo impositivo del Impuesto de Sucesiones y Donaciones<\/strong> son algunas de las premisas de Foment.<\/p>\n<p>Tambi\u00e9n se han tratado cuestiones como <strong>la seguridad ciudadana y la situaci\u00f3n de la Justicia. Adem\u00e1s de elementos clave como la transformaci\u00f3n energ\u00e9tica, y la escasez h\u00eddrica y la gesti\u00f3n de la sequ\u00eda<\/strong>. En este marco, tambi\u00e9n se ha insistido en la situaci\u00f3n de las infraestructuras en Catalu\u00f1a. Para Foment es especialmente relevante <strong>la necesaria ampliaci\u00f3n del aeropuerto de Barcelona-El Prat <\/strong>y su conexi\u00f3n con las estaciones del AVE de Catalu\u00f1a. La patronal ya ha denunciado en otras ocasiones<strong> la falta de ejecuci\u00f3n de todas las administraciones p\u00fablicas en Catalu\u00f1a<\/strong>.<\/p>\n<p>La patronal catalana considera que es imprescindible trabajar para seguir mejorando la competitividad de la econom\u00eda. Tambi\u00e9n hay que destacar que <strong>los Fondos Next Generation representan una oportunidad \u00fanica para la recuperaci\u00f3n y la transformaci\u00f3n<\/strong> de la econom\u00eda y que Catalu\u00f1a tiene que tomar m\u00e1s protagonismo en la gesti\u00f3n y captaci\u00f3n de los mismos.<\/p>\n<p>La delegaci\u00f3n de Foment la han completado el secretario general, <strong>David Tornos<\/strong>, y los vicepresidentes <strong>Virginia Guinda, Mar Alarc\u00f3n, Joan Roget, Santiago Garc\u00eda-Nieto, Josep Maria Garde\u00f1es, Cinta Pascual, Jaume Roura, Santiago Ballest\u00e9, Llu\u00eds Moreno, Benet Maim\u00ed <\/strong>y <strong>Salvador Guillermo<\/strong>. Por parte del Partido de los Socialistas han participado tambi\u00e9n en la reuni\u00f3n <strong>Al\u00edcia Romero, Pol Gibert <\/strong>y <strong>Jordi Riba<\/strong>.<\/p>\n<p>Foment del Treball ya manifest\u00f3 que no har\u00eda ning\u00fan debate electoral, pero que manten\u00eda las puertas abiertas a todos las cabezas de lista para que pudieran hacer llegar sus programas. As\u00ed pues, esta es un encuentro que se incluye en la normalidad institucional.[\/vc_column_text]<div class=\"flexslider wpb_content_element\"><ul class=\"slides\"><li><img src=\"https:\/\/www.foment.com\/wp-content\/uploads\/2024\/04\/foment-01-scaled.jpg\" alt=\"\" \/><\/li><li><img src=\"https:\/\/www.foment.com\/wp-content\/uploads\/2024\/04\/foment-04-scaled.jpg\" alt=\"\" \/><\/li><li><img src=\"https:\/\/www.foment.com\/wp-content\/uploads\/2024\/04\/foment-03-scaled.jpg\" alt=\"\" \/><\/li><\/ul><\/div>[\/vc_column][\/vc_row]<\/p>\n<\/section>","protected":false},"excerpt":{"rendered":"<p>[vc_row][vc_column][vc_column_text] Las prioridades de la patronal catalana son una fiscalidad m\u00e1s competitiva, la ejecuci\u00f3n de inversiones urgentes como la ampliaci\u00f3n del aeropuerto del Prat y una pol\u00edtica industrial m\u00e1s comprometida Una delegaci\u00f3n de Foment del Treball, encabezada por su presidente, Josep S\u00e1nchez Llibre, se ha reunido con el candidato del Partit dels Socialistes de Catalunya a las elecciones en el Parlament, Salvador Illa. En el encuentro se han tratado las cuestiones que la patronal catalana ha ido destacando \u00faltimamente para el pr\u00f3ximo contexto electoral: una fiscalidad m\u00e1s competitiva, la ejecuci\u00f3n de las inversiones que el pa\u00eds necesita, una pol\u00edtica industrial de mirada larga y lograr una mayor seguridad jur\u00eddica. El presidente S\u00e1nchez Llibre ha enviado las 465 propuestas que Foment del Treball considera primordiales ante la proxima convocatoria electoral. En el encuentro se han valorado las necesidades y horizontes del tejido empresarial catal\u00e1n. Una de las preocupaciones de Foment es la cuesti\u00f3n fiscal y la situaci\u00f3n que viven empresas y familias catalanas por lo que es urgente poner las bases para un ecosistema econ\u00f3mico positivo y din\u00e1mico. La eliminaci\u00f3n del Impuesto de Patrimonio, la rebaja de los tipos marginales del IRPF en Catalu\u00f1a y rebajar el tipo impositivo del Impuesto [&hellip;]<\/p>\n","protected":false},"author":10,"featured_media":181974,"comment_status":"closed","ping_status":"closed","sticky":false,"template":"","format":"standard","meta":{"_links_to":"","_links_to_target":""},"categories":[114,68,5714],"tags":[1970,4408,8427,4531,4346,8428],"acf":[],"wps_subtitle":"","_links":{"self":[{"href":"https:\/\/www.foment.com\/es\/wp-json\/wp\/v2\/posts\/181979"}],"collection":[{"href":"https:\/\/www.foment.com\/es\/wp-json\/wp\/v2\/posts"}],"about":[{"href":"https:\/\/www.foment.com\/es\/wp-json\/wp\/v2\/types\/post"}],"author":[{"embeddable":true,"href":"https:\/\/www.foment.com\/es\/wp-json\/wp\/v2\/users\/10"}],"replies":[{"embeddable":true,"href":"https:\/\/www.foment.com\/es\/wp-json\/wp\/v2\/comments?post=181979"}],"version-history":[{"count":3,"href":"https:\/\/www.foment.com\/es\/wp-json\/wp\/v2\/posts\/181979\/revisions"}],"predecessor-version":[{"id":181983,"href":"https:\/\/www.foment.com\/es\/wp-json\/wp\/v2\/posts\/181979\/revisions\/181983"}],"wp:featuredmedia":[{"embeddable":true,"href":"https:\/\/www.foment.com\/es\/wp-json\/wp\/v2\/media\/181974"}],"wp:attachment":[{"href":"https:\/\/www.foment.com\/es\/wp-json\/wp\/v2\/media?parent=181979"}],"wp:term":[{"taxonomy":"category","embeddable":true,"href":"https:\/\/www.foment.com\/es\/wp-json\/wp\/v2\/categories?post=181979"},{"taxonomy":"post_tag","embeddable":true,"href":"https:\/\/www.foment.com\/es\/wp-json\/wp\/v2\/tags?post=181979"}],"curies":[{"name":"wp","href":"https:\/\/api.w.org\/{rel}","templated":true}]}}