{"id":182122,"date":"2021-01-21T19:06:03","date_gmt":"2021-01-21T18:06:03","guid":{"rendered":"https:\/\/www.foment.com\/?p=182122"},"modified":"2024-04-30T19:06:18","modified_gmt":"2024-04-30T17:06:18","slug":"david-ferrer-zynara-sadapta-a-les-necessitats-de-les-pimes","status":"publish","type":"post","link":"https:\/\/www.foment.com\/es\/david-ferrer-zynara-sadapta-a-les-necessitats-de-les-pimes\/","title":{"rendered":"David Ferrer: \u201cZynara s\u2019adapta a les necessitats de les pimes\u201d"},"content":{"rendered":"<p><strong>El Product Manager de Zynara, David Ferrer, explica a Foment de la Producci\u00f3 l\u2019\u00e8xit de la seva plataforma de gesti\u00f3 per a pimes<\/strong><span id=\"more-5262\"><\/span><\/p>\n<p><a href=\"https:\/\/www.zynara.com\/\" target=\"_blank\" rel=\"noopener noreferrer\">Zynara\u00a0<\/a>\u00e9s una plataforma de gesti\u00f3 orientada a diferents tipus de negoci i adaptable a les necessitats del client. Una eina intu\u00eftiva, senzilla i a un preu assequible que neix amb la voluntat de donar resposta a les necessitats de pimes i comer\u00e7os. En parlem amb David Ferrer, product manager de Zynara.<\/p>\n<p><strong>Amb quin objectiu va n\u00e9ixer Zynara?<\/strong><\/p>\n<p>Va n\u00e9ixer fa 5 anys amb la missi\u00f3 de convertir-se en una soluci\u00f3 per qualsevol negoci: vol\u00edem fer un software que permet\u00e9s cobrir totes les necessitats a preu econ\u00f2mic. Portem m\u00e9s de 25 anys treballant en el m\u00f3n de la programaci\u00f3. Ja als anys 90 vam crear un software de gesti\u00f3 MS-DOS i amb el temps hem pogut veure totes les car\u00e8ncies. Per aix\u00f2 vam decidir desenvolupar una eina que pogu\u00e9ssim controlar i ens permet\u00e9s donar soluci\u00f3 a les necessitats de les pimes.<\/p>\n<p><strong>A quin tipus de p\u00fablic va dirigir Zynara?<\/strong><\/p>\n<p>Est\u00e0 orientada a qualsevol tipus de negoci. Es tracta d\u2019una eina amb m\u00e9s de trena m\u00f2duls que l\u2019usuari pot seleccionar: facturaci\u00f3 peri\u00f2dica, pressupostos, control de prove\u00efdors, talles, colors, stock, ventes, compres, punt de venta t\u00e0ctil, etc. \u00c9s molt \u00fatil per petites empreses, comer\u00e7os i aut\u00f2noms. I, a m\u00e9s, \u00e9s molt f\u00e0cil d\u2019utilitzar; l\u2019usuari final no t\u00e9 temps per perdre amb programes complexes. Zynara va n\u00e9ixer l\u2019any 2012 per oferir una soluci\u00f3 senzilla, intu\u00eftiva i global.<\/p>\n<p><strong>Com ha evolucionat la plataforma?<\/strong><\/p>\n<p>Al 2012 van llan\u00e7ar les primeres versions. Ho vam fer amb clients propers i els va agradar molt. A partir d\u2019aqu\u00ed vam fer el salt de fer campanyes per tot Espanya i actualment estem en contacte amb partners de M\u00e8xic i de Col\u00f2mbia per fer el llan\u00e7ament a Sud-Am\u00e8rica al 2018, quan la plataforma estigui adaptada a la fiscalitat del continent. Estem molt orgullosos del producte perqu\u00e8 veiem que els clients estan contents i donem resposta a les seves necessitats.<\/p>\n<p><strong>A m\u00e9s a m\u00e9s, les actualitzacions s\u00f3n totalment gratu\u00eftes.<\/strong><\/p>\n<p>Exacte. Des del primer moment ens vam voler assegurar que l\u2019usuari final tingu\u00e9s sempre disponibles gratu\u00eftament totes les actualitzacions. Zynara s\u2019actualitza unes 15 vegades a l\u2019any, afegim continguts nous que ens proposen els clients o que nosaltres considerem interessants.<\/p>\n<p><strong>Els usuaris tamb\u00e9 ajuden a l\u2019evoluci\u00f3 del software?<\/strong><\/p>\n<p>Sempre. S\u00f3n els que fan servir l\u2019eina cada dia i ens poden ajudar a millorar Zynara constantment. Per aix\u00f2 tenim un correu electr\u00f2nic espec\u00edfic pels suggeriments i necessitats que tinguin. Nosaltres ens encarreguem de recopilar-les, filtrar-les i aplicar els canvis a la seg\u00fcent actualitzaci\u00f3. A m\u00e9s, els ho notifiquem a trav\u00e9s de les xarxes socials i el butllet\u00ed que reben, aix\u00ed que els clients veuen que les millores que demanen s\u2019apliquen sense cap cost.<\/p>\n<p><strong>En quins suports es pot utilitzar Zynara?<\/strong><\/p>\n<p>A trav\u00e9s de la plataforma Windows, de la versi\u00f3 7 cap amunt. A m\u00e9s, a la tardor llan\u00e7arem un enlla\u00e7 amb el Prestashop. Un nou m\u00f2dul que permetr\u00e0 sincronitzar els articles amb una botiga online.<\/p>\n<p><strong>Amb quants clients compteu actualment?<\/strong><\/p>\n<p>Per ara hem facilitat 200 llic\u00e8ncies i el nostre objectiu \u00e9s arriba a les 1.000 llic\u00e8ncies l\u2019any vinent. Zynara \u00e9s un bon producte i amb un preu popular que est\u00e0 tenint molt bona sortida. I per als usuaris que no ho tinguin clar, oferim una versi\u00f3 gratu\u00efta que poden provar (tot i que amb limitacions) per fer-se una idea de com funcionen els diferents m\u00f2duls i la quantitat de gestions que poden unificar en una mateixa plataforma sense comprom\u00eds.<\/p>\n<p><strong>L\u2019empresa s\u2019ubica a Sant Boi de Llobregat i sou socis d\u2019AEBALL. Com valoreu formar part de l\u2019associaci\u00f3?<\/strong><\/p>\n<p>Formar part d\u2019AEBALL \u00e9s molt positiu. Dins d\u2019una associaci\u00f3 d\u2019aquest tipus et pots donar a con\u00e8ixer i tamb\u00e9 fer contactes amb altres empreses del sector i del territori. Quan vam veure l\u2019oportunitat no vam dubtar a formar part del gremi i ho recomanem molt.<\/p>\n","protected":false},"excerpt":{"rendered":"<p>El Product Manager de Zynara, David Ferrer, explica a Foment de la Producci\u00f3 l\u2019\u00e8xit de la seva plataforma de gesti\u00f3 per a pimes Zynara\u00a0\u00e9s una plataforma de gesti\u00f3 orientada a diferents tipus de negoci i adaptable a les necessitats del client. Una eina intu\u00eftiva, senzilla i a un preu assequible que neix amb la voluntat de donar resposta a les necessitats de pimes i comer\u00e7os. En parlem amb David Ferrer, product manager de Zynara. Amb quin objectiu va n\u00e9ixer Zynara? Va n\u00e9ixer fa 5 anys amb la missi\u00f3 de convertir-se en una soluci\u00f3 per qualsevol negoci: vol\u00edem fer un software que permet\u00e9s cobrir totes les necessitats a preu econ\u00f2mic. Portem m\u00e9s de 25 anys treballant en el m\u00f3n de la programaci\u00f3. Ja als anys 90 vam crear un software de gesti\u00f3 MS-DOS i amb el temps hem pogut veure totes les car\u00e8ncies. Per aix\u00f2 vam decidir desenvolupar una eina que pogu\u00e9ssim controlar i ens permet\u00e9s donar soluci\u00f3 a les necessitats de les pimes. A quin tipus de p\u00fablic va dirigir Zynara? Est\u00e0 orientada a qualsevol tipus de negoci. Es tracta d\u2019una eina amb m\u00e9s de trena m\u00f2duls que l\u2019usuari pot seleccionar: facturaci\u00f3 peri\u00f2dica, pressupostos, control de prove\u00efdors, talles, colors, stock, [&hellip;]<\/p>\n","protected":false},"author":1,"featured_media":182119,"comment_status":"closed","ping_status":"closed","sticky":false,"template":"","format":"standard","meta":{"_links_to":"","_links_to_target":""},"categories":[8406],"tags":[4734,8424,906],"acf":[],"wps_subtitle":"","_links":{"self":[{"href":"https:\/\/www.foment.com\/es\/wp-json\/wp\/v2\/posts\/182122"}],"collection":[{"href":"https:\/\/www.foment.com\/es\/wp-json\/wp\/v2\/posts"}],"about":[{"href":"https:\/\/www.foment.com\/es\/wp-json\/wp\/v2\/types\/post"}],"author":[{"embeddable":true,"href":"https:\/\/www.foment.com\/es\/wp-json\/wp\/v2\/users\/1"}],"replies":[{"embeddable":true,"href":"https:\/\/www.foment.com\/es\/wp-json\/wp\/v2\/comments?post=182122"}],"version-history":[{"count":1,"href":"https:\/\/www.foment.com\/es\/wp-json\/wp\/v2\/posts\/182122\/revisions"}],"predecessor-version":[{"id":182123,"href":"https:\/\/www.foment.com\/es\/wp-json\/wp\/v2\/posts\/182122\/revisions\/182123"}],"wp:featuredmedia":[{"embeddable":true,"href":"https:\/\/www.foment.com\/es\/wp-json\/wp\/v2\/media\/182119"}],"wp:attachment":[{"href":"https:\/\/www.foment.com\/es\/wp-json\/wp\/v2\/media?parent=182122"}],"wp:term":[{"taxonomy":"category","embeddable":true,"href":"https:\/\/www.foment.com\/es\/wp-json\/wp\/v2\/categories?post=182122"},{"taxonomy":"post_tag","embeddable":true,"href":"https:\/\/www.foment.com\/es\/wp-json\/wp\/v2\/tags?post=182122"}],"curies":[{"name":"wp","href":"https:\/\/api.w.org\/{rel}","templated":true}]}}