{"id":182243,"date":"2021-01-21T19:51:58","date_gmt":"2021-01-21T18:51:58","guid":{"rendered":"https:\/\/www.foment.com\/?p=182243"},"modified":"2024-05-02T19:52:17","modified_gmt":"2024-05-02T17:52:17","slug":"laceb-i-la-uea-recuperen-professions-tradicionals-amb-programes-del-soc","status":"publish","type":"post","link":"https:\/\/www.foment.com\/es\/laceb-i-la-uea-recuperen-professions-tradicionals-amb-programes-del-soc\/","title":{"rendered":"L\u2019ACEB i la UEA recuperen professions tradicionals amb programes del SOC"},"content":{"rendered":"<p><a href=\"https:\/\/www.masburet.com\/es\/\" target=\"_blank\" rel=\"noopener noreferrer\"><strong>Mas Buret<\/strong><\/a><strong>\u00a0ha format a un apicultor i\u00a0<\/strong><a href=\"http:\/\/www.texber.com\/\" target=\"_blank\" rel=\"noopener noreferrer\"><strong>TEXBER<\/strong><\/a><strong>\u00a0compta amb un nou contramestre gr\u00e0cies als programes del Servei d\u2019Ocupaci\u00f3 de Catalunya.<\/strong><span id=\"more-5742\"><\/span><\/p>\n<p>Fem Ocupaci\u00f3 per a Joves (FOJ) i 30Plus s\u00f3n dos programes de pol\u00edtiques actives d\u2019ocupaci\u00f3 que desenvolupa el Servei d\u2019Ocupaci\u00f3 de Catalunya (SOC).\u00a0<strong>Fepime Catalunya<\/strong>\u00a0hi participa directament com a entitat organitzadora i, algunes de les seves entitats associades s\u2019hi adhereixen com a entitats vinculades.<\/p>\n<p>Aquest \u00e9s el cas de l\u2019<a href=\"http:\/\/www.aceb.cat\/\" target=\"_blank\" rel=\"noopener noreferrer\">Associaci\u00f3 Comarcal Empresaris Bergued\u00e0\u00a0<\/a>(ACEB) i la\u00a0<a href=\"http:\/\/www.uea.cat\/\" target=\"_blank\" rel=\"noopener noreferrer\">Uni\u00f3 Empresarial de l\u2019Anoia<\/a>\u00a0(UEA) que han facilitat la inserci\u00f3 laboral de dues persones per cobrir vacants en sectors tradicionals que tenen dificultats per trobar perfils adequats a les seves necessitats.<\/p>\n<h3><strong><u>Un apicultor a Mas Buret<\/u><\/strong><\/h3>\n<p>Josep Maria Oliva, gerent de\u00a0<a href=\"https:\/\/www.masburet.com\/es\/\" target=\"_blank\" rel=\"noopener noreferrer\">Mas Buret<\/a>, explica a Foment de la Producci\u00f3 l\u2019experi\u00e8ncia de participar al programa 30Plus.<\/p>\n<p><strong>Quin perfil necessit\u00e0veu incorporar?<\/strong><\/p>\n<p>Busc\u00e0vem una persona que pogu\u00e9s treballar a l\u2019obrador amb feines d\u2019envasament, etiquetatge i que alhora pogu\u00e9s anar al camp i fer feines d\u2019apicultor. No es f\u00e0cil trobar una persona que pugui fer les dues coses. Per treballar a l\u2018obrador no hi ha problema perqu\u00e8 \u00e9s una feina tranquil\u00b7la per\u00f2 per la feina d\u2019apicultor cal portar un vestit especial, passar calor, no ser al\u00b7l\u00e8rgic a les picades d\u2019abella, no tenir angoixa per les possibles picades\u2026 Cal ser una mica m\u00e9s valent.<\/p>\n<p><strong>Com us ha ajudat la UEA en aquest proc\u00e9s?<\/strong><\/p>\n<p>Ells tenien una persona i ens van aconsellar aquest perfil. Estem molt agra\u00efts a l\u2019assessorament que ens van donar perqu\u00e8 potser, veient nom\u00e9s el curr\u00edculum, no l\u2019hagu\u00e9ssim agafat per\u00f2 l\u2019important no s\u00f3n els t\u00edtols sin\u00f3 les persones.<\/p>\n<p><strong>I com ha anat l\u2019experi\u00e8ncia?<\/strong><\/p>\n<p>Molt b\u00e9. Hem trobat a la persona id\u00f2nia. Vam comen\u00e7ar amb un contracte de 24 hores a la setmana i a\u00a0 mig programa ja ho vam ampliar. Un cop passats els 9 mesos de programa hem decidit incorporar-lo a l\u2019equip.<\/p>\n<p>Estem molt agra\u00efts a la UEA per deixar que ens acoll\u00edssim al programa 30Plus. \u00c9s el primer cop que ho fem per\u00f2 no descartem tornar-nos-hi a adherir quan tinguem una pla\u00e7a vacant.<\/p>\n<h3><strong><u>Una teixidora i un contramestre a TEXBER<\/u><\/strong><\/h3>\n<p>Josep Miquel Canal, gerent de\u00a0<a href=\"http:\/\/www.texber.com\/\" target=\"_blank\" rel=\"noopener noreferrer\">TEXBER<\/a>, ens explica a l\u2019experi\u00e8ncia de buscar una teixidora a trav\u00e9s del programa FOJ i un contramestre amb el 30Plus.<\/p>\n<p><strong>\u00a0<\/strong><strong>\u00c9s dif\u00edcil trobar personal qualificat per al sector t\u00e8xtil?<\/strong><\/p>\n<p>Molt, de fet no es troba personal format i la majoria d\u2019incorporacions s\u00f3n persones de fora del sector a les que hem d\u2019ensenyar i formar a l\u2019empresa.<\/p>\n<p><strong>Quins perfils heu pogut cobrir amb els programes FOJ i 30Plus?<\/strong><\/p>\n<p>Amb el programa FOJ hem pogut formar, durant dos mesos, a una teixidora per substituir una baixa per malaltia.<\/p>\n<p>I a trav\u00e9s del programa 30Plus hem incorporat un contramestre, que \u00e9s qui s\u2019encarrega de solucionar qualsevol incid\u00e8ncia que passi al taller\u00a0 i de tornar a posar en marxa les m\u00e0quines.\u00a0 \u00c9s una feina que nom\u00e9s s\u2019apr\u00e8n a base d\u2019experi\u00e8ncia i de passar molt de temps als telers. El programa nom\u00e9s ens permetia tenir-lo contractat durant 9 mesos per\u00f2 l\u2019objectiu \u00e9s incorporar-lo a l\u2019equip per suplir una jubilaci\u00f3.<\/p>\n<p><strong>\u00c9s el primer cop que participeu en aquests programes?<\/strong><\/p>\n<p>S\u00ed, per\u00f2 hi hem trobat una gran ajuda perqu\u00e8 els per\u00edodes de formaci\u00f3 a c\u00e0rrec de l\u2019empresa siguin m\u00e9s lleus. De fet, aquest 2018 tenim previst tornar-hi a participar per formar a un ordidor.<\/p>\n","protected":false},"excerpt":{"rendered":"<p>Mas Buret\u00a0ha format a un apicultor i\u00a0TEXBER\u00a0compta amb un nou contramestre gr\u00e0cies als programes del Servei d\u2019Ocupaci\u00f3 de Catalunya. Fem Ocupaci\u00f3 per a Joves (FOJ) i 30Plus s\u00f3n dos programes de pol\u00edtiques actives d\u2019ocupaci\u00f3 que desenvolupa el Servei d\u2019Ocupaci\u00f3 de Catalunya (SOC).\u00a0Fepime Catalunya\u00a0hi participa directament com a entitat organitzadora i, algunes de les seves entitats associades s\u2019hi adhereixen com a entitats vinculades. Aquest \u00e9s el cas de l\u2019Associaci\u00f3 Comarcal Empresaris Bergued\u00e0\u00a0(ACEB) i la\u00a0Uni\u00f3 Empresarial de l\u2019Anoia\u00a0(UEA) que han facilitat la inserci\u00f3 laboral de dues persones per cobrir vacants en sectors tradicionals que tenen dificultats per trobar perfils adequats a les seves necessitats. Un apicultor a Mas Buret Josep Maria Oliva, gerent de\u00a0Mas Buret, explica a Foment de la Producci\u00f3 l\u2019experi\u00e8ncia de participar al programa 30Plus. Quin perfil necessit\u00e0veu incorporar? Busc\u00e0vem una persona que pogu\u00e9s treballar a l\u2019obrador amb feines d\u2019envasament, etiquetatge i que alhora pogu\u00e9s anar al camp i fer feines d\u2019apicultor. No es f\u00e0cil trobar una persona que pugui fer les dues coses. Per treballar a l\u2018obrador no hi ha problema perqu\u00e8 \u00e9s una feina tranquil\u00b7la per\u00f2 per la feina d\u2019apicultor cal portar un vestit especial, passar calor, no ser al\u00b7l\u00e8rgic a les picades d\u2019abella, no tenir angoixa per [&hellip;]<\/p>\n","protected":false},"author":1,"featured_media":182240,"comment_status":"closed","ping_status":"closed","sticky":false,"template":"","format":"standard","meta":{"_links_to":"","_links_to_target":""},"categories":[8406],"tags":[6718,8424,5774],"acf":[],"wps_subtitle":"","_links":{"self":[{"href":"https:\/\/www.foment.com\/es\/wp-json\/wp\/v2\/posts\/182243"}],"collection":[{"href":"https:\/\/www.foment.com\/es\/wp-json\/wp\/v2\/posts"}],"about":[{"href":"https:\/\/www.foment.com\/es\/wp-json\/wp\/v2\/types\/post"}],"author":[{"embeddable":true,"href":"https:\/\/www.foment.com\/es\/wp-json\/wp\/v2\/users\/1"}],"replies":[{"embeddable":true,"href":"https:\/\/www.foment.com\/es\/wp-json\/wp\/v2\/comments?post=182243"}],"version-history":[{"count":2,"href":"https:\/\/www.foment.com\/es\/wp-json\/wp\/v2\/posts\/182243\/revisions"}],"predecessor-version":[{"id":182245,"href":"https:\/\/www.foment.com\/es\/wp-json\/wp\/v2\/posts\/182243\/revisions\/182245"}],"wp:featuredmedia":[{"embeddable":true,"href":"https:\/\/www.foment.com\/es\/wp-json\/wp\/v2\/media\/182240"}],"wp:attachment":[{"href":"https:\/\/www.foment.com\/es\/wp-json\/wp\/v2\/media?parent=182243"}],"wp:term":[{"taxonomy":"category","embeddable":true,"href":"https:\/\/www.foment.com\/es\/wp-json\/wp\/v2\/categories?post=182243"},{"taxonomy":"post_tag","embeddable":true,"href":"https:\/\/www.foment.com\/es\/wp-json\/wp\/v2\/tags?post=182243"}],"curies":[{"name":"wp","href":"https:\/\/api.w.org\/{rel}","templated":true}]}}