{"id":182355,"date":"2024-05-06T15:42:47","date_gmt":"2024-05-06T13:42:47","guid":{"rendered":"https:\/\/www.foment.com\/?p=182355"},"modified":"2024-05-06T15:51:04","modified_gmt":"2024-05-06T13:51:04","slug":"foment-alerta-brecha-paro-registrado-efectivo","status":"publish","type":"post","link":"https:\/\/www.foment.com\/es\/foment-alerta-brecha-paro-registrado-efectivo\/","title":{"rendered":"Foment del Treball alerta de que se mantiene la brecha entre el paro registrado y el efectivo"},"content":{"rendered":"<ul>\n<li>La patronal pone de manifiesto la elevada mortalidad de los contratos indefinidos<\/li>\n<li>Se\u00f1ala que pese al crecimiento de la contrataci\u00f3n en t\u00e9rminos anuales se registra un decrecimiento relevante<\/li>\n<li>Muestra su preocupaci\u00f3n por la inseguridad jur\u00eddica derivada de los cambios legislativos constantes<\/li>\n<\/ul>\n<p>El n\u00famero de desempleados en Catalu\u00f1a se ha reducido en el mes de abril en 7.359 personas (-2,14%). En t\u00e9rminos interanuales, el paro registrado ha descendido en 1.765 (-0,52%). El n\u00famero de personas desempleadas se sit\u00faa en 337.030. Respecto a la contrataci\u00f3n, se han efectuado m\u00e1s contratos que el mes anterior (18.027 contratos m\u00e1s), de los cuales 45,62% (93.967 contratos) lo han sido de car\u00e1cter indefinido, y el resto (54,38%, es decir, 112.006 contratos) han sido temporales.<\/p>\n<p>Foment del Treball considera que, a pesar de que se ha producido un incremento de la afiliaci\u00f3n y el empleo, se est\u00e1 produciendo una cierta desaceleraci\u00f3n en el crecimiento interanual del empleo, por lo que se deber\u00e1 estar pendiente de la evoluci\u00f3n de las tendencias en los pr\u00f3ximos meses. Igualmente, a pesar del crecimiento de la contrataci\u00f3n en el mes de abril, en t\u00e9rminos anuales el decrecimiento es relevante. De igual modo, se mantiene la brecha entre el paro registrado y efectivo, as\u00ed como de otros fen\u00f3menos crecientes tras la entrada en vigor de la \u00faltima Reforma Laboral, como la elevada mortalidad de los contratos indefinidos.<\/p>\n<p>Finalmente, desde Foment queremos poner el \u00e9nfasis en nuestra preocupaci\u00f3n por la inseguridad jur\u00eddica derivada de los cambios legislativos constantes, as\u00ed como de los anuncios de futuras regulaciones para esta legislatura, que perjudicar\u00edan notablemente a la actividad empresarial y a la creaci\u00f3n de empleo.<\/p>\n<p>&nbsp;<\/p>\n<p><a href=\"https:\/\/www.foment.com\/wp-content\/uploads\/2024\/05\/paroo-11.png\"><img loading=\"lazy\" class=\"alignnone size-full wp-image-182356\" src=\"https:\/\/www.foment.com\/wp-content\/uploads\/2024\/05\/paroo-11.png\" alt=\"\" width=\"2148\" height=\"1006\" srcset=\"https:\/\/www.foment.com\/wp-content\/uploads\/2024\/05\/paroo-11.png 2148w, https:\/\/www.foment.com\/wp-content\/uploads\/2024\/05\/paroo-11-300x141.png 300w, https:\/\/www.foment.com\/wp-content\/uploads\/2024\/05\/paroo-11-1024x480.png 1024w, https:\/\/www.foment.com\/wp-content\/uploads\/2024\/05\/paroo-11-768x360.png 768w, https:\/\/www.foment.com\/wp-content\/uploads\/2024\/05\/paroo-11-1536x719.png 1536w, https:\/\/www.foment.com\/wp-content\/uploads\/2024\/05\/paroo-11-2048x959.png 2048w\" sizes=\"(max-width: 2148px) 100vw, 2148px\" \/><\/a><\/p>\n<p style=\"text-align: center;\">Fuente: Elaboraci\u00f3n propia a partir de los datos del Ministerio de Trabajo y Econom\u00eda Social.<\/p>\n<p>&nbsp;<\/p>\n<p>La cifra del paro registrado en Catalu\u00f1a se sit\u00faa en 337.030 personas desempleadas.<\/p>\n<p>El descenso, <u>en t\u00e9rminos interanuales<\/u>, del paro registrado del 0,52% supone 1.765 personas menos desempleadas en relaci\u00f3n con el mismo mes del a\u00f1o anterior.<\/p>\n<p>&nbsp;<\/p>\n<p><a href=\"https:\/\/www.foment.com\/wp-content\/uploads\/2024\/05\/paroo-12.png\"><img loading=\"lazy\" class=\"size-full wp-image-182359 aligncenter\" src=\"https:\/\/www.foment.com\/wp-content\/uploads\/2024\/05\/paroo-12.png\" alt=\"\" width=\"802\" height=\"386\" srcset=\"https:\/\/www.foment.com\/wp-content\/uploads\/2024\/05\/paroo-12.png 802w, https:\/\/www.foment.com\/wp-content\/uploads\/2024\/05\/paroo-12-300x144.png 300w, https:\/\/www.foment.com\/wp-content\/uploads\/2024\/05\/paroo-12-768x370.png 768w\" sizes=\"(max-width: 802px) 100vw, 802px\" \/><\/a><\/p>\n<p style=\"text-align: center;\">Fuente: elaboraci\u00f3n propia a partir de los datos del Ministerio de Trabajo y Econom\u00eda Social.<\/p>\n<p>&nbsp;<\/p>\n<p>Respecto a la <u>variaci\u00f3n mensual<\/u>, en Catalu\u00f1a, en este mes de abril de 2024 el paro ha registrado un descenso de 7.359 personas desempleadas respecto al mes anterior (un -2,14% en t\u00e9rminos relativos).<\/p>\n<p>&nbsp;<\/p>\n<p><a href=\"https:\/\/www.foment.com\/wp-content\/uploads\/2024\/05\/cataluna-3.png\"><img loading=\"lazy\" class=\"size-full wp-image-182362 aligncenter\" src=\"https:\/\/www.foment.com\/wp-content\/uploads\/2024\/05\/cataluna-3.png\" alt=\"\" width=\"1018\" height=\"461\" srcset=\"https:\/\/www.foment.com\/wp-content\/uploads\/2024\/05\/cataluna-3.png 1018w, https:\/\/www.foment.com\/wp-content\/uploads\/2024\/05\/cataluna-3-300x136.png 300w, https:\/\/www.foment.com\/wp-content\/uploads\/2024\/05\/cataluna-3-768x348.png 768w\" sizes=\"(max-width: 1018px) 100vw, 1018px\" \/><\/a><\/p>\n<p style=\"text-align: center;\">Fuente: elaboraci\u00f3n propia a partir de los datos del Ministerio de Trabajo y Econom\u00eda Social.<\/p>\n<p>&nbsp;<\/p>\n<p><strong>Por sectores<\/strong>, el paro se reduce en todos los sectores, concentr\u00e1ndose el mayor descenso del paro registrado en el sector servicios. En este sentido, en el sector de la agricultura el paro registrado se reduce en 142 personas, en la industria en 662 parados menos, en la construcci\u00f3n en 431 parados menos, en servicios con 5.690 parados menos y en personas sin empleo anterior en 434.<\/p>\n<p><strong>Por provincias<\/strong>, el paro registrado mensualmente se ha reducido en todas las provincias. En este sentido, en Barcelona se ha reducido en 5.241 personas, en Girona se reduce en 703 personas, en Lleida en 367 personas y en Tarragona ha descendido en 1.048 personas. \u00a0En t\u00e9rminos interanuales, el paro disminuye en un 0,14% en Barcelona, en un 1,76% en Girona, en un 4,28% en Lleida y en un 0,35% en Tarragona.<\/p>\n<p>El paro registrado en cada provincia se sit\u00faa este mes de abril en 250.666 en Barcelona, 30.001 en Girona, 16.792 en Lleida y 39.571 en Tarragona.<\/p>\n<p><u>Contrataci\u00f3n<\/u>. Respecto al n\u00famero de contratos registrados este mes se sit\u00faan en 205.973 contratos, de los cuales 45,62% (93.967 contratos) lo han sido de car\u00e1cter indefinido, y el resto (54,38%, es decir, 112.006 contratos) han sido temporales. El n\u00famero de contratos registrados en Catalu\u00f1a se ha incrementado en un 9,59% respecto al mes anterior (18.027 contratos m\u00e1s) y en un 11,65% respecto al mes de abril de 2023 (21.500 contratos m\u00e1s).<\/p>\n<p><u>A <\/u><u>nivel estatal<\/u> el paro registrado se ha reducido en 60.503 personas en relaci\u00f3n al mes anterior (-2,22%). La cifra de paro a nivel estatal se sit\u00faa en el mes de abril de 2024 en 2.666.500 personas\u00a0 (-4,37% en t\u00e9rminos anuales).<\/p>\n<p><u>Afiliaci\u00f3n.<\/u> En Catalu\u00f1a, el n\u00famero de afiliados a la Seguridad Social se ha situado en el mes de abril de 2024 en 3.764.170 ocupados, lo que supone 33.089 ocupados m\u00e1s respecto el mes marzo de 2024 (0,89%), y 88.440 ocupados m\u00e1s respecto al mismo mes del a\u00f1o anterior (2,41%).<\/p>\n<p>&nbsp;<\/p>\n<p><a href=\"https:\/\/www.foment.com\/wp-content\/uploads\/2024\/05\/cataluna-4.png\"><img loading=\"lazy\" class=\"alignnone size-full wp-image-182365\" src=\"https:\/\/www.foment.com\/wp-content\/uploads\/2024\/05\/cataluna-4.png\" alt=\"\" width=\"1881\" height=\"906\" srcset=\"https:\/\/www.foment.com\/wp-content\/uploads\/2024\/05\/cataluna-4.png 1881w, https:\/\/www.foment.com\/wp-content\/uploads\/2024\/05\/cataluna-4-300x144.png 300w, https:\/\/www.foment.com\/wp-content\/uploads\/2024\/05\/cataluna-4-1024x493.png 1024w, https:\/\/www.foment.com\/wp-content\/uploads\/2024\/05\/cataluna-4-768x370.png 768w, https:\/\/www.foment.com\/wp-content\/uploads\/2024\/05\/cataluna-4-1536x740.png 1536w\" sizes=\"(max-width: 1881px) 100vw, 1881px\" \/><\/a><\/p>\n<p style=\"text-align: center;\">Fuente: elaboraci\u00f3n propia a partir de los datos del Ministerio de Inclusi\u00f3n, Seguridad Social y Migraciones.<\/p>\n<p>&nbsp;<\/p>\n<p><u>En \u00e1mbito estatal<\/u> el n\u00famero de afiliados a la Seguridad Social se ha situado en el mes de abril en 21.101.505, lo que supone respecto el mes de marzo de 2024 un incremento de 199.538 ocupados (0,95%), y 486.516 ocupados m\u00e1s respecto al mismo mes del a\u00f1o anterior (2,36%).<\/p>\n","protected":false},"excerpt":{"rendered":"<p>La patronal pone de manifiesto la elevada mortalidad de los contratos indefinidos Se\u00f1ala que pese al crecimiento de la contrataci\u00f3n en t\u00e9rminos anuales se registra un decrecimiento relevante Muestra su preocupaci\u00f3n por la inseguridad jur\u00eddica derivada de los cambios legislativos constantes El n\u00famero de desempleados en Catalu\u00f1a se ha reducido en el mes de abril en 7.359 personas (-2,14%). En t\u00e9rminos interanuales, el paro registrado ha descendido en 1.765 (-0,52%). El n\u00famero de personas desempleadas se sit\u00faa en 337.030. Respecto a la contrataci\u00f3n, se han efectuado m\u00e1s contratos que el mes anterior (18.027 contratos m\u00e1s), de los cuales 45,62% (93.967 contratos) lo han sido de car\u00e1cter indefinido, y el resto (54,38%, es decir, 112.006 contratos) han sido temporales. Foment del Treball considera que, a pesar de que se ha producido un incremento de la afiliaci\u00f3n y el empleo, se est\u00e1 produciendo una cierta desaceleraci\u00f3n en el crecimiento interanual del empleo, por lo que se deber\u00e1 estar pendiente de la evoluci\u00f3n de las tendencias en los pr\u00f3ximos meses. Igualmente, a pesar del crecimiento de la contrataci\u00f3n en el mes de abril, en t\u00e9rminos anuales el decrecimiento es relevante. De igual modo, se mantiene la brecha entre el paro registrado y efectivo, [&hellip;]<\/p>\n","protected":false},"author":281,"featured_media":182348,"comment_status":"closed","ping_status":"closed","sticky":false,"template":"","format":"standard","meta":{"_links_to":"","_links_to_target":""},"categories":[114,69,5714],"tags":[303],"acf":[],"wps_subtitle":"","_links":{"self":[{"href":"https:\/\/www.foment.com\/es\/wp-json\/wp\/v2\/posts\/182355"}],"collection":[{"href":"https:\/\/www.foment.com\/es\/wp-json\/wp\/v2\/posts"}],"about":[{"href":"https:\/\/www.foment.com\/es\/wp-json\/wp\/v2\/types\/post"}],"author":[{"embeddable":true,"href":"https:\/\/www.foment.com\/es\/wp-json\/wp\/v2\/users\/281"}],"replies":[{"embeddable":true,"href":"https:\/\/www.foment.com\/es\/wp-json\/wp\/v2\/comments?post=182355"}],"version-history":[{"count":3,"href":"https:\/\/www.foment.com\/es\/wp-json\/wp\/v2\/posts\/182355\/revisions"}],"predecessor-version":[{"id":182377,"href":"https:\/\/www.foment.com\/es\/wp-json\/wp\/v2\/posts\/182355\/revisions\/182377"}],"wp:featuredmedia":[{"embeddable":true,"href":"https:\/\/www.foment.com\/es\/wp-json\/wp\/v2\/media\/182348"}],"wp:attachment":[{"href":"https:\/\/www.foment.com\/es\/wp-json\/wp\/v2\/media?parent=182355"}],"wp:term":[{"taxonomy":"category","embeddable":true,"href":"https:\/\/www.foment.com\/es\/wp-json\/wp\/v2\/categories?post=182355"},{"taxonomy":"post_tag","embeddable":true,"href":"https:\/\/www.foment.com\/es\/wp-json\/wp\/v2\/tags?post=182355"}],"curies":[{"name":"wp","href":"https:\/\/api.w.org\/{rel}","templated":true}]}}