{"id":182905,"date":"2021-01-21T09:36:20","date_gmt":"2021-01-21T08:36:20","guid":{"rendered":"https:\/\/www.foment.com\/?p=182905"},"modified":"2024-05-17T09:38:52","modified_gmt":"2024-05-17T07:38:52","slug":"josep-roca-lobjectiu-de-la-fundacio-es-enfortir-les-pimes-industrials-amb-accions-concretes","status":"publish","type":"post","link":"https:\/\/www.foment.com\/es\/josep-roca-lobjectiu-de-la-fundacio-es-enfortir-les-pimes-industrials-amb-accions-concretes\/","title":{"rendered":"Josep Roca: \u201cL\u2019objectiu de la Fundaci\u00f3 \u00e9s enfortir les pimes industrials amb accions concretes\u201d"},"content":{"rendered":"<p><strong>El President de la Fundaci\u00f3 per la Ind\u00fastria, Josep Roca, comparteix a Foment de la Producci\u00f3 els reptes de futur del teixit industrial catal\u00e0.<\/strong><span id=\"more-6680\"><\/span><\/p>\n<p>Josep Roca \u00e9s el President de la\u00a0<a href=\"https:\/\/fundacioperlaindustria.org\/es\/\" target=\"_blank\" rel=\"noopener noreferrer\">Fundaci\u00f3 per la Ind\u00fastria<\/a>, una instituci\u00f3 nascuda en el si del Gremi de Fabricants de Sabadell, que treballa per potenciar la ind\u00fastria catalana. Llicenciat en Ci\u00e8ncies Qu\u00edmiques per la Universitat de Barcelona i M\u00e0ster en Administraci\u00f3 d\u2019Empreses per ESADE, Roca \u00e9s un empresari t\u00e8xtil que viu entre el Vall\u00e8s i el Piamont, a It\u00e0lia. Va ser President del Gremi de Fabricants de Sabadell entre 1997 i 2001 i \u00e9s Patr\u00f3 de la Fundaci\u00f3 1559 Caixa Sabadell.<\/p>\n<p><strong>Quina \u00e9s la identitat de la Fundaci\u00f3 per la Ind\u00fastria?<\/strong><\/p>\n<p>La Fundaci\u00f3 per la Ind\u00fastria. Sabadell 1559 neix en el si del Gremi de Fabricants l\u2019any 2000 amb el comprom\u00eds de treballar pel desenvolupament del teixit industrial catal\u00e0, impulsant accions de millora perqu\u00e8 les pimes industrials puguin afrontar els reptes que sorgeixen a cada moment. La Fundaci\u00f3 agrupa a un conjunt d\u2019empresaris i, com a lobby, defensem els valors de la ind\u00fastria com a creadora d\u2019ocupaci\u00f3 i de progr\u00e9s. Des d\u2019aquest esperit, som interlocutors amb l\u2019administraci\u00f3 per l\u2019impuls de pol\u00edtiques que enforteixin el sector industrial i organitzem espais de reflexi\u00f3 i networking per la creaci\u00f3 i transmissi\u00f3 de coneixement.<\/p>\n<p><strong>Quins s\u00f3n els nous reptes que s\u2019ha marcat al capdavant de la Fundaci\u00f3 per la Ind\u00fastria per aquest 2019?<\/strong><\/p>\n<p>Com us comentava, l\u2019objectiu de la Fundaci\u00f3 \u00e9s contribuir a l\u2019enfortiment de les pimes industrials i fer-ho amb accions concretes, tangibles, efectives que donin resposta a les necessitats espec\u00edfiques que tenen. En aquest sentit, \u00e9s inq\u00fcestionable que la digitalitzaci\u00f3 o la intel\u00b7lig\u00e8ncia artificial s\u00f3n una realitat que no es pot defugir. Les empreses tenen molta feina a fer per continuar sent competitives en un m\u00f3n cada cop m\u00e9s digital. \u00c9s per aix\u00f2 que el nostre objectiu \u00e9s el d\u2019acompanyar-les en el coneixement i la transformaci\u00f3 cap a la ind\u00fastria 4.0.<\/p>\n<p><strong>Quines s\u00f3n les principals necessitats de les pimes avui en dia?<\/strong><\/p>\n<p>Les resumeixo en dues: millorar la seva competitivitat en el m\u00f3n global i, en els casos que sigui possible, cr\u00e9ixer en dimensi\u00f3 per optimitzar recursos i facilitar el creixement exterior. La dimensi\u00f3 mitjana de les nostres pimes \u00e9s m\u00e9s petita que les del nostre entorn europeu. Sabem que hi ha una relaci\u00f3 directa entre la dimensi\u00f3 de la empresa i la seva activitat innovadora o la seva vocaci\u00f3 internacional. Una major dimensi\u00f3 li permetria un major acc\u00e9s als mercats i ser m\u00e9s competitiva.<\/p>\n<p><strong>La Ind\u00fastria 4.0 ja \u00e9s aqu\u00ed. En s\u00f3n prou conscients els empresaris? Cal m\u00e9s pedagogia en aquest \u00e0mbit?<\/strong><\/p>\n<p>S\u00ed, i aquesta \u00e9s la nostra missi\u00f3, ajudar-les a comprendre les conseq\u00fc\u00e8ncies que els comportar\u00e0 si no fan aquesta transformaci\u00f3. Es detecta un nivell de sensibilitzaci\u00f3 alt dels empresaris per la necessitat de digitalitzar els seus processos per\u00f2 encara s\u00f3n poques les empreses que han iniciat aquest proc\u00e9s i, en general, es tracta d\u2019empreses m\u00e9s grans. Un dels motius pels quals no han fet aquest pas \u00e9s la falta d\u2019una visi\u00f3 clara dels beneficis que pot aportar i el retorn d\u2019aquesta inversi\u00f3.<\/p>\n<p><strong>Per qu\u00e8 \u00e9s important que petites i mitjanes empreses entenguin la transformaci\u00f3 digital com una prioritat? Quins perills corren si no hi aposten de forma decidida?<\/strong><\/p>\n<p>Les pimes constitueixen la base del desenvolupament socioecon\u00f2mic del nostre territori i la transformaci\u00f3 que s\u2019est\u00e0 produint, tant a nivell tecnol\u00f2gic com organitzacional, la tenim completament present. Com a empresari, penso que les que no ho considerin com una prioritat, perdran competitivitat i tindran un futur complicat. Les transicions impliquen costos elevats i per cr\u00e9ixer cal sempre una estrat\u00e8gia a llarg termini.<\/p>\n<p><strong>Quin moment viu el teixit industrial catal\u00e0 i quines accions s\u00f3n necess\u00e0ries per millorar de forma m\u00e9s immediata?<\/strong><\/p>\n<p>El teixit industrial catal\u00e0 \u00e9s molt din\u00e0mic, amb una bona pres\u00e8ncia en el mercats exteriors. Sempre ha estat h\u00e0bil i ha pogut resistir els embats de la crisi iniciada el 2007.En aquest sentit, s\u00f3c optimista, les empreses tenim capacitat per adaptar-nos. El que s\u00ed ens cal per ser competitives \u00e9s un sistema p\u00fablic efica\u00e7. Necessitem que les administracions, sobretot les locals, facilitin les pol\u00edtiques industrials i de suport a la R&amp;D, agilitzaci\u00f3 de tr\u00e0mits administratius, etc. I, tamb\u00e9, que les organitzacions empresarials treballem coordinament per fer que les coses passin i no quedar-nos nom\u00e9s en la intenci\u00f3.<\/p>\n<p><strong>Aquest 2018, la Fundaci\u00f3 ha organitzat una nova edici\u00f3 de la Jornada d\u2019economia dedicada a la resili\u00e8ncia econ\u00f2mica i urbana per con\u00e8ixer estrat\u00e8gies de transformaci\u00f3 en ciutats industrials, amb ponents de reconeixement internacional. Quin impacte ha tingut i quina \u00e9s la valoraci\u00f3 que fa la Fundaci\u00f3?<\/strong><\/p>\n<p>La Fundaci\u00f3 en fa una valoraci\u00f3 molt positiva. La Jornada ha servit per posar de relleu els impactes dels canvis industrials i tamb\u00e9 per con\u00e8ixer casos d\u2019\u00e8xit d\u2019altres ciutats europees que s\u2019han adaptat a la nova realitat. La voluntat de la Fundaci\u00f3 \u00e9s que aquest impacte i les conclusions que se\u2019n van derivar, marquin el cam\u00ed a seguir i es pugui mesurar amb la implicaci\u00f3 de les administracions locals i del govern de Catalunya.<\/p>\n<p><strong>Foto: Diari Digital iSabadell<\/strong><\/p>\n","protected":false},"excerpt":{"rendered":"<p>El President de la Fundaci\u00f3 per la Ind\u00fastria, Josep Roca, comparteix a Foment de la Producci\u00f3 els reptes de futur del teixit industrial catal\u00e0. Josep Roca \u00e9s el President de la\u00a0Fundaci\u00f3 per la Ind\u00fastria, una instituci\u00f3 nascuda en el si del Gremi de Fabricants de Sabadell, que treballa per potenciar la ind\u00fastria catalana. Llicenciat en Ci\u00e8ncies Qu\u00edmiques per la Universitat de Barcelona i M\u00e0ster en Administraci\u00f3 d\u2019Empreses per ESADE, Roca \u00e9s un empresari t\u00e8xtil que viu entre el Vall\u00e8s i el Piamont, a It\u00e0lia. Va ser President del Gremi de Fabricants de Sabadell entre 1997 i 2001 i \u00e9s Patr\u00f3 de la Fundaci\u00f3 1559 Caixa Sabadell. Quina \u00e9s la identitat de la Fundaci\u00f3 per la Ind\u00fastria? La Fundaci\u00f3 per la Ind\u00fastria. Sabadell 1559 neix en el si del Gremi de Fabricants l\u2019any 2000 amb el comprom\u00eds de treballar pel desenvolupament del teixit industrial catal\u00e0, impulsant accions de millora perqu\u00e8 les pimes industrials puguin afrontar els reptes que sorgeixen a cada moment. La Fundaci\u00f3 agrupa a un conjunt d\u2019empresaris i, com a lobby, defensem els valors de la ind\u00fastria com a creadora d\u2019ocupaci\u00f3 i de progr\u00e9s. Des d\u2019aquest esperit, som interlocutors amb l\u2019administraci\u00f3 per l\u2019impuls de pol\u00edtiques que enforteixin el sector [&hellip;]<\/p>\n","protected":false},"author":1,"featured_media":182902,"comment_status":"closed","ping_status":"closed","sticky":false,"template":"","format":"standard","meta":{"_links_to":"","_links_to_target":""},"categories":[8406],"tags":[8424],"acf":[],"wps_subtitle":"","_links":{"self":[{"href":"https:\/\/www.foment.com\/es\/wp-json\/wp\/v2\/posts\/182905"}],"collection":[{"href":"https:\/\/www.foment.com\/es\/wp-json\/wp\/v2\/posts"}],"about":[{"href":"https:\/\/www.foment.com\/es\/wp-json\/wp\/v2\/types\/post"}],"author":[{"embeddable":true,"href":"https:\/\/www.foment.com\/es\/wp-json\/wp\/v2\/users\/1"}],"replies":[{"embeddable":true,"href":"https:\/\/www.foment.com\/es\/wp-json\/wp\/v2\/comments?post=182905"}],"version-history":[{"count":5,"href":"https:\/\/www.foment.com\/es\/wp-json\/wp\/v2\/posts\/182905\/revisions"}],"predecessor-version":[{"id":182910,"href":"https:\/\/www.foment.com\/es\/wp-json\/wp\/v2\/posts\/182905\/revisions\/182910"}],"wp:featuredmedia":[{"embeddable":true,"href":"https:\/\/www.foment.com\/es\/wp-json\/wp\/v2\/media\/182902"}],"wp:attachment":[{"href":"https:\/\/www.foment.com\/es\/wp-json\/wp\/v2\/media?parent=182905"}],"wp:term":[{"taxonomy":"category","embeddable":true,"href":"https:\/\/www.foment.com\/es\/wp-json\/wp\/v2\/categories?post=182905"},{"taxonomy":"post_tag","embeddable":true,"href":"https:\/\/www.foment.com\/es\/wp-json\/wp\/v2\/tags?post=182905"}],"curies":[{"name":"wp","href":"https:\/\/api.w.org\/{rel}","templated":true}]}}