{"id":182939,"date":"2021-03-10T09:47:28","date_gmt":"2021-03-10T08:47:28","guid":{"rendered":"https:\/\/www.foment.com\/?p=182939"},"modified":"2024-05-17T09:47:44","modified_gmt":"2024-05-17T07:47:44","slug":"cesar-sanchez-oprl-la-prevencio-de-riscos-laborals-no-pot-quedar-se-al-marge-de-la-revolucio-tecnologica","status":"publish","type":"post","link":"https:\/\/www.foment.com\/es\/cesar-sanchez-oprl-la-prevencio-de-riscos-laborals-no-pot-quedar-se-al-marge-de-la-revolucio-tecnologica\/","title":{"rendered":"C\u00e9sar S\u00e1nchez (OPRL): \u201cLa prevenci\u00f3 de riscos laborals no pot quedar-se al marge de la revoluci\u00f3 tecnol\u00f2gica\u201d"},"content":{"rendered":"<p>Amb l\u2019objectiu de donar a con\u00e8ixer la tasca de les diferents \u00e0rees de Foment del Treball, des de la revista \u201cF de Foment i Fepime\u201d us aproparem de primera m\u00e0 la feina que es fa des de l\u2019entitat a trav\u00e9s d\u2019entrevistes amb els professionals que lideren cada \u00e0mbit.<\/p>\n<p>Comencem conversant amb el Director de l\u2019Oficina de Riscos Laborals de Foment el Treball, C\u00e9sar S\u00e1nchez.<\/p>\n<p><strong>Quina \u00e9s la tasca principal de l\u2019Oficina de Prevenci\u00f3 de Riscos Laborals (OPRL)?<\/strong><\/p>\n<p>Els eixos centrals de l\u2019actuaci\u00f3 de la OPRL s\u2019articulen en un servei d\u2019assessorament t\u00e8cnic en mat\u00e8ria de prevenci\u00f3 de riscos laborals, en l\u2019elaboraci\u00f3 d\u2019eines preventives que faciliten la integraci\u00f3 preventiva en la gesti\u00f3 de la seguretat i salut laboral, en un conjunt d\u2019activitats d\u2019informaci\u00f3 que desenvolupen temes d\u2019actualitat i que permeten adquirir nous coneixements per a la millora de la seguretat i salut laboral, aix\u00ed com en el foment i incentivaci\u00f3 de \u201cbones pr\u00e0ctiques preventives\u201d que serveixin com a exemple motivador per a altres empreses.<\/p>\n<p>D\u2019altra banda, des de l\u2019OPRL tamb\u00e9 desenvolupem una important tasca representant Foment i els interessos de les empreses en mat\u00e8ria de prevenci\u00f3 de riscos laborals en els diferents \u00f2rgans de participaci\u00f3 institucional existents a nivell estatal, auton\u00f2mic i local en aquesta mat\u00e8ria, com per exemple a la Comisi\u00f3n Nacional de Seguridad y Salud en el Trabajo, a la Comissi\u00f3 de Seguretat i Salut Laboral del Consell de Relacions Laborals o al Consell Assessor de Salut Laboral de l\u2019Ajuntament de Barcelona.<\/p>\n<p><strong>Quins serveis oferiu als socis de Foment del Treball?<\/strong><\/p>\n<p>Donat el car\u00e0cter confederal de la nostra organitzaci\u00f3, els nostres interlocutors s\u00f3n empreses de diferents grand\u00e0ries i sectors. Aix\u00f2 ha suposat que el nostre Departament hagi diversificat els seus productes i serveis per a poder donar resposta a les necessitats de totes elles. De manera que, depenent del tipus de servei, \u00e9s demandat m\u00e9s per unes que per unes altres.<\/p>\n<p>Per exemple, els destinataris preferents de les tasques d\u2019assessorament s\u00f3n pimes, ja que representen el 98% del total d\u2019empreses i, a m\u00e9s, s\u00f3n les que tenen majors dificultats a l\u2019hora d\u2019implementar la prevenci\u00f3 de riscos laborals. No obstant aix\u00f2, determinades guies i\/o aplicacions inform\u00e0tiques s\u00f3n demandades per empreses de major grand\u00e0ria que tenen estructures preventives superiors i m\u00e9s especialitzades.<\/p>\n<p>La tasca de la OPRL es concreta en un conjunt de serveis, activitats i productes gratu\u00efts per a les empreses de Catalunya com son:<\/p>\n<ul>\n<li><strong>Servei d\u2019assessorament t\u00e8cnic<\/strong><\/li>\n<\/ul>\n<p>La OPRL posa a la disposici\u00f3 de les empreses un servei d\u2019assessorament t\u00e8cnic en mat\u00e8ria de prevenci\u00f3 de riscos laborals, a trav\u00e9s de consultes telef\u00f2niques o correu electr\u00f2nic.<\/p>\n<p>L\u2019assessorament per tel\u00e8fon o correu electr\u00f2nic permet a les empreses efectuar qualsevol tipus de consultes i dubtes en mat\u00e8ria de seguretat i salut laboral, tant en temes legislatius com de gesti\u00f3, mesures de prevenci\u00f3, documentaci\u00f3 necess\u00e0ria, etc.<\/p>\n<ul>\n<li><strong>Activitats i serveis d\u2019informaci\u00f3<\/strong><\/li>\n<\/ul>\n<p>La OPRL realitza activitats i productes d\u2019informaci\u00f3 relacionats amb la prevenci\u00f3 de riscos laborals amb l\u2019objectiu de desenvolupar una aut\u00e8ntica cultura preventiva en les empreses i incrementar la conscienciaci\u00f3 i sensibilitzaci\u00f3 en mat\u00e8ria de seguretat i salut laboral.<\/p>\n<p>Les activitats i serveis d\u2019informaci\u00f3 es concreten en la celebraci\u00f3 de jornades de PRL \u2013que possibiliten el debat i la reflexi\u00f3 sobre temes d\u2019actualitat en mat\u00e8ria de seguretat i salut laboral\u2013, l\u2019edici\u00f3 d\u2019un butllet\u00ed electr\u00f2nic mensual i una revista monogr\u00e0fica dedicada \u00edntegrament a la prevenci\u00f3 de riscos laborals \u2013que permet mantenir informat a socis, subscriptors i interessats sobre l\u2019actualitat en mat\u00e8ria de seguretat i salut laboral\u2013i la realitzaci\u00f3 de campanyes de sensibilitzaci\u00f3.<\/p>\n<p>Dins de les activitats d\u2019informaci\u00f3 voldria destacar la creaci\u00f3 del\u00a0<strong>F\u00f2rum Professional de PRL<\/strong>, la finalitat del qual \u00e9s impulsar la millora de la prevenci\u00f3 de riscos laborals en les empreses i fomentar-la en el conjunt de la societat a trav\u00e9s de l\u2019intercanvi de coneixements, la reflexi\u00f3 i l\u2019aprenentatge continu.<\/p>\n<p>I, finalment, voldria esmentar els\u00a0<strong>Premis ATLANTE<\/strong>, que pretenen incentivar a empreses catalanes cap a la millora cont\u00ednua de la seva activitat preventiva.<\/p>\n<ul>\n<li><strong>Elaboraci\u00f3 d\u2019eines preventives<\/strong><\/li>\n<\/ul>\n<p>La OPRL elabora eines preventives orientades a t\u00e8cnics de PRL, comandaments intermedis, gerents, etc. per a facilitar la implementaci\u00f3 de la prevenci\u00f3 en la presa de decisions i en l\u2019activitat di\u00e0ria de les empreses.<\/p>\n<p>Des de la seva creaci\u00f3 fa vint anys, la OPRL t\u00e9 entre els seus objectius col\u00b7laborar amb els diferents sectors i branques de l\u2019activitat econ\u00f2mica per a contribuir a una millor i m\u00e9s efectiva implementaci\u00f3 de la seguretat i salut laboral de les petites i mitjanes empreses.<\/p>\n<p>En aquest sentit, algunes de les accions, productes i serveis s\u2019han dut a terme amb la col\u00b7laboraci\u00f3 i participaci\u00f3 dels gremis, associacions i organitzacions empresarials m\u00e9s representatives dels sectors sobre els quals es pretenia incidir.<\/p>\n<p>Aquests sectors han estat el de la distribuci\u00f3 d\u2019aliments i begudes, el del transport per carretera, el de la depend\u00e8ncia, el de la fusta, el de la construcci\u00f3 i l\u2019agrari, entre d\u2019altres.<\/p>\n<p>A m\u00e9s del desenvolupament d\u2019eines preventives espec\u00edfiques per a determinats sectors i branques de l\u2019activitat econ\u00f2mica, tamb\u00e9 elaborem productes i activitats que desenvolupen \u00e0rees tem\u00e0tiques i especialitats preventives espec\u00edfiques. En aquest sentit la OPRL ha elaborat eines espec\u00edfiques per als col\u00b7lectius d\u2019especial sensibilitat \u2013treballadors amb discapacitat f\u00edsica, sensorial i intel\u00b7lectual, treballadors immigrants, etc.\u2013 i eines espec\u00edfiques per al desenvolupament de les especialitats o disciplines preventives \u2013seguretat en el treball, higiene industrial, ergonomia i psicosociologia aplicada i medicina del treball\u2013.<\/p>\n<p>Tota la informaci\u00f3 sobre els serveis, informaci\u00f3 i eines preventives elaborades per la OPRL de Foment del Treball estan disponibles a trav\u00e9s de la seva p\u00e0gina web:\u00a0<a href=\"http:\/\/prl.foment.com\/\" target=\"_blank\" rel=\"noopener\">http:\/\/prl.foment.com\/<\/a><\/p>\n<p><strong>Quines s\u00f3n les peticions i dubtes que m\u00e9s us traslladen les empreses?<\/strong><\/p>\n<p>Des de que vivim immersos en aquesta terrible pand\u00e8mia, el tema m\u00e9s recurrent en les consultes que rebem son els relacionats amb la gesti\u00f3 de la COVID-19 en els centres de treball. Ha sigut un any molt intens en el que els serveis de prevenci\u00f3 de riscos laborals han estat cridats a col\u00b7laborar amb les administracions sanit\u00e0ries amb la finalitat de fer front aquesta crisi sanit\u00e0ria. La incertesa de la situaci\u00f3, els canvis constants en la normativa i els criteris d\u2019aplicaci\u00f3, aix\u00ed com la manca de material i equips de protecci\u00f3 han fet que la nostra activitat s\u2019hagi centrat al llarg d\u2019aquest \u00faltim any en donar suport a les empreses en aquest tema.<\/p>\n<p>D\u2019altra banda, fins l\u2019arribada de la COVID-19, entre els temes m\u00e9s preguntats per les empreses catalanes, destaquen els relacionats amb la gesti\u00f3 de la prevenci\u00f3, els vinculats a les especialitats preventives, els de formaci\u00f3 en prevenci\u00f3 de riscos laborals i els relatius a la modalitat organitzativa. Tamb\u00e9 resulta destacable l\u2019inter\u00e8s per les activitats productes i serveis desenvolupats per l\u2019Oficina de Prevenci\u00f3 de Riscos Laborals de Foment del Treball.<\/p>\n<p><strong>Les empreses catalanes estan al dia en mat\u00e8ria de riscos laborals?<\/strong><\/p>\n<p>En els \u00faltims 20 anys, els empresaris han hagut d\u2019adaptar-se a diversos canvis econ\u00f2mics i socials que estan transformant el m\u00f3n del treball i que, a vegades, han tingut efectes significatius sobre la seguretat i salut en el treball.<\/p>\n<p>Les empreses, per a adaptar-se a aquesta nova realitat, han pres consci\u00e8ncia que el lideratge en el mercat no pot separar-se de la integraci\u00f3 de la prevenci\u00f3 de riscos laborals en la gesti\u00f3 di\u00e0ria de les organitzacions.<\/p>\n<p>El principal canvi cultural de les empreses en mat\u00e8ria preventiva s\u2019ha reflectit en una major sensibilitzaci\u00f3 respecte a que l\u2019adopci\u00f3 de mesures preventives redunda en un increment de la productivitat i en una major qualitat de l\u2019ocupaci\u00f3.<\/p>\n<p>Les organitzacions han constatat que les inversions realitzades en prevenci\u00f3 de riscos laborals, es tradueixen en un estalvi de costos (sancions, indemnitzacions, costos derivats de la reparaci\u00f3 dels danys, etc.) i en un increment del rendiment, l\u2019efic\u00e0cia i la competitivitat de l\u2019empresa.<\/p>\n<p>Aquest canvi de cultura preventiva de les organitzacions, s\u2019ha materialitzat en una\u00a0<strong>progressiva i sostinguda reducci\u00f3 de la sinistralitat laboral<\/strong>. La incid\u00e8ncia d\u2019accidents de treball en jornada de treball ha disminu\u00eft progressivament des de l\u2019any 2008. En general, en tot el per\u00edode, la disminuci\u00f3 s\u2019ha produ\u00eft en les tres catalogacions de gravetat: l\u2019\u00edndex d\u2019incid\u00e8ncia dels accidents greus ha disminu\u00eft un 60%, els mortals un 50% i els lleus un 45%.<\/p>\n<p>Les dades posen de manifest que durant el transcurs d\u2019aquests anys, els entorns de treball segurs s\u2019han arrelat fermament en el conjunt del teixit productiu i han passat a formar part de l\u2019estrat\u00e8gia empresarial, consolidant-se un profund canvi de cultura de les organitzacions en mat\u00e8ria de seguretat i salut laboral.<\/p>\n<p><strong>Les empreses inverteixen suficient en prevenci\u00f3 de riscos?<\/strong><\/p>\n<p>Parlar de sufici\u00e8ncia de recursos mentre es continu\u00efn produint accidents de treball per falta de mesures de seguretat resultaria bastant paradoxal. No obstant aix\u00f2, considero que les empreses han fet i continuen fent grans esfor\u00e7os a mantenir i fins i tot incrementar les seves inversions en aquesta mat\u00e8ria, encara que les inversions no cal valorar-les simplement per la quantitat invertida sin\u00f3 per la seva efic\u00e0cia i tamb\u00e9 per la seva efici\u00e8ncia. Encara que pugui semblar contradictori, fer b\u00e9 les coses en prevenci\u00f3 de riscos laborals, integrant la prevenci\u00f3 en la gesti\u00f3 de l\u2019empresa, pot suposar una disminuci\u00f3 de les inversions.<\/p>\n<p><strong>Com s\u2019han adaptat les empreses en mat\u00e8ria de riscos laborals durant la pand\u00e8mia?<\/strong><\/p>\n<p>Des de l\u2019inici d\u2019aquesta crisi sanit\u00e0ria, les empreses i especialment els seus serveis de prevenci\u00f3 de riscos laborals han estat cridats a cooperar amb les autoritats sanit\u00e0ries, adaptant la seva activitat i recomanacions amb l\u2019objectiu general de limitar els contagis de SARS-CoV-2. Durant tot aquest per\u00edode\u00a0<strong>les empreses han fet un important esfor\u00e7<\/strong>\u00a0per donar resposta a aquesta crida a la cooperaci\u00f3, arribant fins i tot, moltes d\u2019elles a modificar les seves estructures i processos productius per a donar resposta a la falta d\u2019equips, material sanitari i equips de protecci\u00f3 que sofria el nostre sistema sanitari davant el col\u00b7lapse pel pic de contagis per coronavirus.<\/p>\n<p>Les empreses han assumit i demostrat la seva<strong>\u00a0capacitat solid\u00e0ria i de conjuminar voluntats<\/strong>\u00a0per intentar sortir d\u2019aquesta crisi el m\u00e9s aviat possible. De fet, les empreses que en tot moment han continuat prestant serveis declarats com a essencials, han fet un doble esfor\u00e7, d\u2019una banda per mantenir aquesta activitat, considerada essencial per al nostre dia a dia i, per un altre, per continuar vetllant per la seguretat i la salut dels seus treballadors, a trav\u00e9s de la implantaci\u00f3 de les pautes i recomanacions formulades per les autoritats sanit\u00e0ries, que s\u2019han anat succeint i actualitzant de manera urgent i precipitada.<\/p>\n<p>Gr\u00e0cies a la implicaci\u00f3 i esfor\u00e7os de les empreses en la implantaci\u00f3 d\u2019aquestes mesures, el n\u00famero de brots (agrupaci\u00f3 de 3 o m\u00e9s casos amb infecci\u00f3 activa en els que s\u2019ha establert un vincle epidemiol\u00f2gic) que es produeixen en els centres de treball \u00e9s molt menor que el n\u00famero de brots que es produeixen en l\u2019\u00e0mbit social i familiar.<\/p>\n<p>Les empreses han invertit molts recursos en l\u2019adopci\u00f3 d\u2019aquestes mesures preventives. Els costos que han de suportar s\u00f3n molt elevats, pel fet que aquesta situaci\u00f3 s\u2019est\u00e0 prolongant en el temps i el dif\u00edcil control dels brots epid\u00e8mics i especialment si es t\u00e9 en compte la delicada situaci\u00f3 econ\u00f2mica en la que es troben moltes d\u2019elles.<\/p>\n<p>Per aquest motiu, des de l\u2019OPRL de Foment hem desenvolupament un estudi que s\u2019ha elaborat mitjan\u00e7ant un q\u00fcestionari que han resp\u00f2s 152 empreses amb domicili, seu social, delegacions o centres de treball ubicats a Catalunya i que posa de manifest els esfor\u00e7os realitzats per les empreses per al desenvolupament segur de l\u2019activitat econ\u00f2mica i la prevenci\u00f3 del contagi.<\/p>\n<p><strong>El coronavirus ha accelerat la implantaci\u00f3 del teletreball. Quins factors cal tenir en compte per mantenir la salut laboral treballant des de casa?<\/strong><\/p>\n<p>Efectivament, la situaci\u00f3 ha accelerat la implantaci\u00f3 d\u2019un teletreball que en moltes ocasions ha sigut precipitat, improvisat i obligatori per la conjuntura que estem vivint. Ara b\u00e9, hem de distingir aquesta situaci\u00f3 excepcional que, gr\u00e0cies a la bona predisposici\u00f3 d\u2019empreses i persones treballadores, ha servit per donar continu\u00eftat a moltes activitats productives, del que veritablement es el teletreball i per al que recentment disposem d\u2019un nou marc normatiu on es regula aquesta modalitat de treball mitjan\u00e7ant el Reial decret llei 28\/2020, de 22 de setembre, de treball a dist\u00e0ncia.<\/p>\n<p>Per tant, les empreses que vulguin mantenir aquesta modalitat de treball hauran d\u2019estudiar els factors de risc espec\u00edfics i realitzar les seves preceptives avaluacions de riscos laborals derivats del teletreball en les que els riscos ergon\u00f2mics i psicosocials tindran una major prevalen\u00e7a.<\/p>\n<p>Resulta clau que, donat que en aquesta norma el legislador no ha fet cap esment espec\u00edfic a la qualificaci\u00f3 d\u2019accident de treball en el treball a dist\u00e0ncia, quanta m\u00e9s informaci\u00f3 disposi l\u2019empresari millor podr\u00e0 garantir la seguretat dels seus treballadors, delimitar el seu \u00e0mbit de responsabilitat i delimitar la presumpci\u00f3 de laboralitat en cas d\u2019accident.<\/p>\n<p><strong>La digitalitzaci\u00f3 i la innovaci\u00f3 constant de les empreses tenen tamb\u00e9 un efecte en la prevenci\u00f3 de riscos?<\/strong><\/p>\n<p>Les noves eines tecnol\u00f2giques estan ampliant els canals d\u2019informaci\u00f3 i comunicaci\u00f3 disponibles, la interacci\u00f3 entre equips i el treball col\u00b7laboratiu, permetent l\u2019aprenentatge interactiu i l\u2019aprofitament dels recursos amb major efici\u00e8ncia. Les Tecnologies de la Informaci\u00f3 i la Comunicaci\u00f3 (TIC) estan produint un canvi de paradigma en les formes de treball i la revoluci\u00f3 tecnol\u00f2gica est\u00e0 transformant la societat del segle XXI, d\u2019igual forma que la revoluci\u00f3 industrial va modificar la societat del segle XIX.<\/p>\n<p>La prevenci\u00f3 de riscos laborals no ha de romandre al marge d\u2019aquesta revoluci\u00f3 tecnol\u00f2gica i les organitzacions han d\u2019adaptar-se a aquest nou desafiament i aprofitar les oportunitats que ofereixen les TIC per a perfeccionar la gesti\u00f3 preventiva.<\/p>\n<p>La utilitzaci\u00f3 de les Tecnologies de la Informaci\u00f3 i la Comunicaci\u00f3 ofereixen m\u00faltiples<strong>\u00a0oportunitats per a optimitzar la utilitzaci\u00f3 de recursos amb major efic\u00e0cia i efici\u00e8ncia<\/strong>. Aspectes relacionats amb la coordinaci\u00f3 d\u2019activitats empresarials, la vigil\u00e0ncia de la salut, la gesti\u00f3 de dades usades en el Big Data relatius a la seguretat i salut dels treballadors, etc. poden ser susceptibles d\u2019optimitzaci\u00f3 mitjan\u00e7ant l\u2019\u00fas de TIC\u2019s. Per\u00f2 hem de tenir en consideraci\u00f3 que malgrat disposar de la tecnologia i el programari necessari per a gestionar les dades recopilades i per a realitzar el tractament estad\u00edstic de les dades obtingudes en mat\u00e8ria de seguretat i salut laboral, existeixen barreres legals que impedeixen la correcta compilaci\u00f3 i an\u00e0lisi de la informaci\u00f3 obtinguda, que \u00e9s necessari modificar si es vol optimitzar la utilitzaci\u00f3 d\u2019aquests recursos.<\/p>\n<p>D\u2019altra banda, tamb\u00e9 hem de tenir en compte que els riscos emergents als quals ens enfrontem vindran determinats per l\u2019evoluci\u00f3 de les nanotecnologies, l\u2019envelliment de la poblaci\u00f3, les noves tecnologies de la informaci\u00f3, etc. i que els riscos de seguretat i higiene industrial es veuran for\u00e7osament redu\u00efts per la substituci\u00f3 d\u2019un parc de maquin\u00e0ria molt m\u00e9s segur, aix\u00ed com per l\u2019automatitzaci\u00f3 de molts processos productius, considero que ens trobarem amb una major prevalen\u00e7a de riscos relacionats amb els trastorns musculoesquel\u00e8tics i psicosocials.<\/p>\n<p>Tenint en compte que els factors de risc que els generen s\u00f3n molt m\u00e9s complexos, ja que el nombre de variables que poden originar-los \u00e9s elevat i la determinaci\u00f3 del grau de predomini d\u2019aspectes relacionats amb l\u2019esfera individual o personal del treballador enfront del grau d\u2019influ\u00e8ncia de les condicions de treball resulta molt complexa, em fa pensar que el futur de la recerca i de les actuacions en mat\u00e8ria de seguretat i salut laboral aniran encaminades a la inclusi\u00f3 d\u2019estrat\u00e8gies molt m\u00e9s hol\u00edstiques que aniran m\u00e9s enll\u00e0 del mer control de les condicions materials de treball, incorporant la promoci\u00f3 d\u2019h\u00e0bits saludables, aix\u00ed com, millorant les condicions per a aconseguir l\u2019adaptaci\u00f3 dels llocs de treball a les caracter\u00edstiques de les persones treballadores.<\/p>\n","protected":false},"excerpt":{"rendered":"<p>Amb l\u2019objectiu de donar a con\u00e8ixer la tasca de les diferents \u00e0rees de Foment del Treball, des de la revista \u201cF de Foment i Fepime\u201d us aproparem de primera m\u00e0 la feina que es fa des de l\u2019entitat a trav\u00e9s d\u2019entrevistes amb els professionals que lideren cada \u00e0mbit. Comencem conversant amb el Director de l\u2019Oficina de Riscos Laborals de Foment el Treball, C\u00e9sar S\u00e1nchez. Quina \u00e9s la tasca principal de l\u2019Oficina de Prevenci\u00f3 de Riscos Laborals (OPRL)? Els eixos centrals de l\u2019actuaci\u00f3 de la OPRL s\u2019articulen en un servei d\u2019assessorament t\u00e8cnic en mat\u00e8ria de prevenci\u00f3 de riscos laborals, en l\u2019elaboraci\u00f3 d\u2019eines preventives que faciliten la integraci\u00f3 preventiva en la gesti\u00f3 de la seguretat i salut laboral, en un conjunt d\u2019activitats d\u2019informaci\u00f3 que desenvolupen temes d\u2019actualitat i que permeten adquirir nous coneixements per a la millora de la seguretat i salut laboral, aix\u00ed com en el foment i incentivaci\u00f3 de \u201cbones pr\u00e0ctiques preventives\u201d que serveixin com a exemple motivador per a altres empreses. D\u2019altra banda, des de l\u2019OPRL tamb\u00e9 desenvolupem una important tasca representant Foment i els interessos de les empreses en mat\u00e8ria de prevenci\u00f3 de riscos laborals en els diferents \u00f2rgans de participaci\u00f3 institucional existents a nivell estatal, auton\u00f2mic i [&hellip;]<\/p>\n","protected":false},"author":1,"featured_media":182935,"comment_status":"closed","ping_status":"closed","sticky":false,"template":"","format":"standard","meta":{"_links_to":"","_links_to_target":""},"categories":[8406],"tags":[5668],"acf":[],"wps_subtitle":"","_links":{"self":[{"href":"https:\/\/www.foment.com\/es\/wp-json\/wp\/v2\/posts\/182939"}],"collection":[{"href":"https:\/\/www.foment.com\/es\/wp-json\/wp\/v2\/posts"}],"about":[{"href":"https:\/\/www.foment.com\/es\/wp-json\/wp\/v2\/types\/post"}],"author":[{"embeddable":true,"href":"https:\/\/www.foment.com\/es\/wp-json\/wp\/v2\/users\/1"}],"replies":[{"embeddable":true,"href":"https:\/\/www.foment.com\/es\/wp-json\/wp\/v2\/comments?post=182939"}],"version-history":[{"count":2,"href":"https:\/\/www.foment.com\/es\/wp-json\/wp\/v2\/posts\/182939\/revisions"}],"predecessor-version":[{"id":182941,"href":"https:\/\/www.foment.com\/es\/wp-json\/wp\/v2\/posts\/182939\/revisions\/182941"}],"wp:featuredmedia":[{"embeddable":true,"href":"https:\/\/www.foment.com\/es\/wp-json\/wp\/v2\/media\/182935"}],"wp:attachment":[{"href":"https:\/\/www.foment.com\/es\/wp-json\/wp\/v2\/media?parent=182939"}],"wp:term":[{"taxonomy":"category","embeddable":true,"href":"https:\/\/www.foment.com\/es\/wp-json\/wp\/v2\/categories?post=182939"},{"taxonomy":"post_tag","embeddable":true,"href":"https:\/\/www.foment.com\/es\/wp-json\/wp\/v2\/tags?post=182939"}],"curies":[{"name":"wp","href":"https:\/\/api.w.org\/{rel}","templated":true}]}}