{"id":183020,"date":"2021-02-01T10:05:20","date_gmt":"2021-02-01T09:05:20","guid":{"rendered":"https:\/\/www.foment.com\/?p=183020"},"modified":"2024-05-17T10:05:35","modified_gmt":"2024-05-17T08:05:35","slug":"alex-huertas-de-esta-pandemia-surgiran-nuevos-modelos-de-negocio-nuevas-companias-y-nuevas-formas-de-publicitarse","status":"publish","type":"post","link":"https:\/\/www.foment.com\/es\/alex-huertas-de-esta-pandemia-surgiran-nuevos-modelos-de-negocio-nuevas-companias-y-nuevas-formas-de-publicitarse\/","title":{"rendered":"Alex Huertas: \u201cDe esta pandemia surgir\u00e1n nuevos modelos de negocio, nuevas compa\u00f1\u00edas y nuevas formas de publicitarse\u201d"},"content":{"rendered":"<p>Nombrado por la revista Forbes uno de los emprendedores menores de 30 a\u00f1os m\u00e1s influyentes de Europa,\u00a0<strong>Alex Huertas<\/strong>\u00a0es Co \u2013 Founder de\u00a0<a href=\"https:\/\/northweek.com\/\" target=\"_blank\" rel=\"noopener\">Northweek Sunglasses<\/a>\u00a0y creador del m\u00e9todo\u00a0<a href=\"https:\/\/www.de0a1m.com\/\" target=\"_blank\" rel=\"noopener\">De 0 a 1 mill\u00f3n<\/a>.<\/p>\n<p>Northweek Sunglasses fue fundada desde 0 por Alex Huertas y su socio y amigo Hector Rey. En 2016 fue adquirida por el grupo Hawkers (Hawkers, Bratleboro, Wolfnoir, Miss Hamptons) y Alex pas\u00f3 a ser el m\u00e1ximo responsable de la marca dentro del nuevo grupo.<\/p>\n<p>Nacida en 2013 en la costa de Barcelona, Northweek fue una de las primeras start ups exitosas del estado espa\u00f1ol distribuyendo sus gafas a todo el mundo a trav\u00e9s de internet. En 2019 vendieron m\u00e1s de 500.000 unidades lo que convierte a Northweek en una de las primeras marcas de gafas de sol en cuota de mercado a nivel Espa\u00f1ol.<\/p>\n<p><strong>\u00bfEn qu\u00e9 punto se encuentra actualmente Northweek Sunglasses?<\/strong><\/p>\n<p>Estamos madurando. Estamos convirti\u00e9ndonos en aquello que siempre hab\u00edamos querido ser, una marca para toda la vida de aquellas que se quedan en nuestras vidas y son reconocidas por pr\u00e1cticamente todo el mundo tengan la edad que tengan. Northweek tuvo un crecimiento fulgurante los primeros a\u00f1os, de una expansi\u00f3n rapid\u00edsima no solo en Espa\u00f1a sino en pa\u00edses como Francia, Alemania, Reino Unido, Italia, M\u00e9xico, Colombia, Australia\u2026 Gracias a esta expansi\u00f3n somos los que somos a d\u00eda de hoy pero en estos momentos nuestra estrat\u00e9gia es otra, apostamos por la consolidaci\u00f3n de la compa\u00f1ia en los pa\u00edses donde realmente somos fuertes y no tanto en una expansi\u00f3n desmesurada como en los inicios. El mercado ha cambiado y ya no te permite penetrar tan facilmente.<\/p>\n<p><strong>La crisis provocada por la pandemia ha afectado en mayor o menor medida a todas las empresas \u00bfC\u00f3mo os hab\u00e9is adaptado desde Northweek Sunglasses a la nueva realidad?<\/strong><\/p>\n<p>Esta crisis ha sido una verdadera locura y ha puesto a prueba el tejido empresarial y de startups de medio mundo dejando claro que muchos modelos tradicionales de planificaci\u00f3n son ineficaces. Northweek se ha visto claramente afectada, por supuesto. Las compras online de productos no esenciales como el nuestro se redujeron a 0 durante los confinamientos y el retail a d\u00eda de hoy sigue bajo m\u00ednimos. Si es verdad que, gracias a ser precisamente una startup y contar con una estructura personal muy polivalente y una planificaci\u00f3n que se adapta d\u00eda a d\u00eda, hemos podido mover nuestra hoja de ruta hacia minimizar el gasto y maximizar el beneficio utilizando las palancas m\u00e1s rentables para nosotros, c\u00f3mo la generaci\u00f3n de tr\u00e1fico org\u00e1nico.<\/p>\n<p><strong>Cu\u00e1les son los retos de futuro que os marc\u00e1is en Northweek Sunglasses?<\/strong><\/p>\n<p>A d\u00eda de hoy marcarse objetivos parece una utop\u00eda.\u00a0 La pandemia parece lejos de desaparecer y esta sacudida dejar\u00e1 un nuevo panorama empresarial donde surgir\u00e1n nuevos modelos de negocio, nuevas compa\u00f1\u00edas y nuevas formas de publicitarse. Para nosotros el reto es volver a la senda programada lo antes posible y seguir con nuestra hoja de ruta de consolidaci\u00f3n por delante de la expansi\u00f3n.<\/p>\n<p><strong>Adem\u00e1s de joven empresario de \u00e9xito, eres el creador del curso \u201cDe 0 a 1 mill\u00f3n\u201d. \u00bfEn qu\u00e9 consiste?<\/strong><\/p>\n<p>Es una larga historia, voy a intentar resumirla. Desde el \u00e9xito de Northweek nos invitan a dar charlas y conferencias en escuelas de negocio, universidades, eventos\u2026 En estas conferencias suelo hablar de nuestros inicios, sobre c\u00f3mo lo hicimos, qu\u00e9 hacemos a d\u00eda de hoy, etc. Y siempre termino rodeado de gente charlando sobre sus proyectos y dando mi punto de vista as\u00ed como consejos, igual a trav\u00e9s de las redes sociales. Durante la pandemia se me ocurri\u00f3 crear un curso sobre todo lo que s\u00e9 a nivel startup, c\u00f3mo empezar sin recursos, de d\u00f3nde sacar buenas ideas de negocio, c\u00f3mo estudiar su viabilidad, c\u00f3mo relacionarte con tus socios, c\u00f3mo hacer crecer tu compa\u00f1\u00eda de manera sostenible\u2026 B\u00e1sicamente todo aquello que a mi me hubiera gustado saber cuando empec\u00e9 Northweek con 18 a\u00f1os. As\u00ed que decid\u00ed producir un curso de alrededor de 10 horas de v\u00eddeos donde cuento todos mis pasos y experiencias personales para que otros puedan hacer lo mismo.<\/p>\n<p><strong>\u00bfQu\u00e9 aprender\u00e1n los alumnos?<\/strong><\/p>\n<p>Aprender\u00e1n la realidad de ser emprendedor. Los futuros emprendedores est\u00e1n acostumbrados a solo ver la parte bonita, a solo ver los casos de \u00e9xito y nunca saber qu\u00e9 hay detr\u00e1s de esos casos. Nadie ense\u00f1a los fracasos, los malos momentos, las disputas entre socios, pocos hablan de ello, y menos te cuentan realmente c\u00f3mo lo han conseguido. Yo quiero acabar con esto, yo quiero que todos puedan ver, conocer y sentir la realidad de una startup desde dentro. Lo que significa emprender desde 0, sin conocimiento ni recursos y a\u00fan as\u00ed, poder materializar las ideas.<\/p>\n<p><strong>\u00bfA cu\u00e1ntos emprendedores has ayudado con este curso? \u00bfNos puedes contar alg\u00fan caso de \u00e9xito?<\/strong><\/p>\n<p>Desde que lanc\u00e9 el curso a mediados de 2020 ya son casi 200 emprendedores que han confiado en mi para proyectar sus ideas o negocios. Una locura. Tengo varios casos de los cuales me siento muy orgulloso de haber podido ayudarles, dos son muy especiales para mi. Por un lado est\u00e1 Saul, un hombre de 37 a\u00f1os que trabajaba en el centro log\u00edstico de Amazon en el Prat pero su vocaci\u00f3n siempre hab\u00eda sido el emprendimiento aunque nunca se hab\u00eda atrevido a dar el paso. Entr\u00f3 en el curso, pude conocerlo, ver sus planes, ordenar sus ideas y sentar unas bases s\u00f3lidas para sus ideas de negocio. Al cabo de unas semanas dej\u00f3 su trabajo para emprender por su cuenta y s\u00f3lo unos meses m\u00e1s tarde ya ten\u00eda su propio negocio funcionando. Por otro lado el de Erick, un joven entrenador de Alicante que no solo hizo el curso si no que vino personalmente a Barcelona a conocerme y juntos dise\u00f1amos un plan para su futura startup de entrenamiento personal a distancia. Otro m\u00e1s que hoy en d\u00eda vive de ese peque\u00f1o proyecto que tan solo acaba de empezar.<\/p>\n<p><strong>\u00bfTodas las ideas pueden llegar a facturar millones? \u00bfQu\u00e9 pasa cuando el emprendedor fracasa?<\/strong><\/p>\n<p>Todas. \u00bfPor qu\u00e9 no? Seguramente si tu idea no tiene la capacidad de facturar es porque no hay mercado y si no hay mercado no hace falta ni que empecemos. Esta es una de las bases en DE 0 A 1 MILL\u00d3N, identificar y analizar si el modelo de negocio que tenemos en nuestra cabeza es realmente viable o no.<br \/>\nTodos fracasamos, yo el primero. No pasa nada, hay que aprender de los errores para que estos no vuelvan a suceder. El fracaso es algo que a mi me gusta tambi\u00e9n planificar, cuando dise\u00f1o un nuevo modelo de negocio o concibo una idea, tambi\u00e9n pienso en la v\u00eda de escape, tambi\u00e9n dise\u00f1o la salida en el caso de que no funcione con la simple intenci\u00f3n de amortiguar el golpe y que perdamos por lo menos, el m\u00ednimo dinero posible.<\/p>\n<p><strong>La revista Forbes te ha definido como uno de los emprendedores menores de 30 a\u00f1os m\u00e1s influyentes de Europa. \u00bfCu\u00e1l es el secreto?<\/strong><\/p>\n<p>Puede sonar a t\u00f3pico pero el secreto es el trabajo. D\u00eda a d\u00eda, mes tras mes y a\u00f1o tras a\u00f1o picando piedra por y para tu proyecto. No creo en los atajos hacia este tipo de reconocimientos. Creo que hay que apuntar alto y trabajar para llegar arriba con la intenci\u00f3n de hacer sonar las campanas de aquellos que ya est\u00e1n en la cima. Forbes es una compa\u00f1\u00eda muy grande, con presencia mundial, que nos llamaran para proponernos incluirnos en la lista\u00a0<em>Forbes 30 under 30\u00a0<\/em>fue algo bestial, significa que hab\u00edamos trascendido lo suficiente para que una redacci\u00f3n Europea en Londres de una revista americana pensara en 2 chavales de Barcelona como unos de los 30 mejores emprendedores. Lo piensas fr\u00edamente y es una locura, pero detr\u00e1s de eso hay muchos a\u00f1os de trabajar y trabajar por llevar tu marca a todo el mundo.<\/p>\n<p><strong>\u00bfQu\u00e9 les dir\u00edas a todos aquellos que se est\u00e1n planteando emprender un negocio pero no se atreven?<\/strong><\/p>\n<p>Que emprender engancha y que una vez lo pruebas no puedes dejar de hacerlo. A mi personalmente el hecho de emprender me lo ha dado todo, he conseguido hacer todo aquello que cuando ten\u00eda 16 a\u00f1os so\u00f1aba y a medida que he ido creciendo mis metas han ido aumentando, es la gracia, nunca tienes suficiente. Para emprender hay que estar hecho de otra pasta pero el simple hecho de plante\u00e1rselo ya indica que tienes algo dentro, una espinita. No te quedes con la duda, hazlo.<\/p>\n","protected":false},"excerpt":{"rendered":"<p>Nombrado por la revista Forbes uno de los emprendedores menores de 30 a\u00f1os m\u00e1s influyentes de Europa,\u00a0Alex Huertas\u00a0es Co \u2013 Founder de\u00a0Northweek Sunglasses\u00a0y creador del m\u00e9todo\u00a0De 0 a 1 mill\u00f3n. Northweek Sunglasses fue fundada desde 0 por Alex Huertas y su socio y amigo Hector Rey. En 2016 fue adquirida por el grupo Hawkers (Hawkers, Bratleboro, Wolfnoir, Miss Hamptons) y Alex pas\u00f3 a ser el m\u00e1ximo responsable de la marca dentro del nuevo grupo. Nacida en 2013 en la costa de Barcelona, Northweek fue una de las primeras start ups exitosas del estado espa\u00f1ol distribuyendo sus gafas a todo el mundo a trav\u00e9s de internet. En 2019 vendieron m\u00e1s de 500.000 unidades lo que convierte a Northweek en una de las primeras marcas de gafas de sol en cuota de mercado a nivel Espa\u00f1ol. \u00bfEn qu\u00e9 punto se encuentra actualmente Northweek Sunglasses? Estamos madurando. Estamos convirti\u00e9ndonos en aquello que siempre hab\u00edamos querido ser, una marca para toda la vida de aquellas que se quedan en nuestras vidas y son reconocidas por pr\u00e1cticamente todo el mundo tengan la edad que tengan. Northweek tuvo un crecimiento fulgurante los primeros a\u00f1os, de una expansi\u00f3n rapid\u00edsima no solo en Espa\u00f1a sino en pa\u00edses como [&hellip;]<\/p>\n","protected":false},"author":1,"featured_media":183017,"comment_status":"closed","ping_status":"closed","sticky":false,"template":"","format":"standard","meta":{"_links_to":"","_links_to_target":""},"categories":[8406],"tags":[8415],"acf":[],"wps_subtitle":"","_links":{"self":[{"href":"https:\/\/www.foment.com\/es\/wp-json\/wp\/v2\/posts\/183020"}],"collection":[{"href":"https:\/\/www.foment.com\/es\/wp-json\/wp\/v2\/posts"}],"about":[{"href":"https:\/\/www.foment.com\/es\/wp-json\/wp\/v2\/types\/post"}],"author":[{"embeddable":true,"href":"https:\/\/www.foment.com\/es\/wp-json\/wp\/v2\/users\/1"}],"replies":[{"embeddable":true,"href":"https:\/\/www.foment.com\/es\/wp-json\/wp\/v2\/comments?post=183020"}],"version-history":[{"count":2,"href":"https:\/\/www.foment.com\/es\/wp-json\/wp\/v2\/posts\/183020\/revisions"}],"predecessor-version":[{"id":183022,"href":"https:\/\/www.foment.com\/es\/wp-json\/wp\/v2\/posts\/183020\/revisions\/183022"}],"wp:featuredmedia":[{"embeddable":true,"href":"https:\/\/www.foment.com\/es\/wp-json\/wp\/v2\/media\/183017"}],"wp:attachment":[{"href":"https:\/\/www.foment.com\/es\/wp-json\/wp\/v2\/media?parent=183020"}],"wp:term":[{"taxonomy":"category","embeddable":true,"href":"https:\/\/www.foment.com\/es\/wp-json\/wp\/v2\/categories?post=183020"},{"taxonomy":"post_tag","embeddable":true,"href":"https:\/\/www.foment.com\/es\/wp-json\/wp\/v2\/tags?post=183020"}],"curies":[{"name":"wp","href":"https:\/\/api.w.org\/{rel}","templated":true}]}}