{"id":183029,"date":"2021-01-21T10:08:06","date_gmt":"2021-01-21T09:08:06","guid":{"rendered":"https:\/\/www.foment.com\/?p=183029"},"modified":"2024-05-17T10:08:21","modified_gmt":"2024-05-17T08:08:21","slug":"rosvi-moix-el-gremi-te-un-sentit-de-ser-despres-de-gairebe-500-anys-dhistoria","status":"publish","type":"post","link":"https:\/\/www.foment.com\/es\/rosvi-moix-el-gremi-te-un-sentit-de-ser-despres-de-gairebe-500-anys-dhistoria\/","title":{"rendered":"Rosvi Moix: \u201cEl Gremi t\u00e9 un sentit de ser despr\u00e9s de gaireb\u00e9 500 anys d\u2019hist\u00f2ria\u201d"},"content":{"rendered":"<p><strong>Rosvi Moix i Queralt\u00f3 ha estat recentment escollida presidenta del Gremi de Fabricants de Sabadell, en substituci\u00f3 de Blai Costa i Creus (2015-2019). \u00c9s la primera dona que ostenta la presid\u00e8ncia del Gremi i compta amb una nova Junta Directiva jove i amb perfils industrials.<\/strong><span id=\"more-7164\"><\/span><\/p>\n<p><strong>\u2022 Vost\u00e8 \u00e9s directora de l\u2019empresa Tintes Industrials Moix (TIMSA) i t\u00e9 una \u00e0mplia experi\u00e8ncia en la ind\u00fastria. En quin moment es troba actualment el sector t\u00e8xtil?<\/strong><\/p>\n<p>El sector ha tingut una important transformaci\u00f3 en els darrers anys. Les empreses t\u00e8xtils catalanes han innovat i s\u2019han adequat a les demandes del mercat internacional. Les exportacions suposen el 8% de la ind\u00fastria manufacturera catalana i el sector t\u00e8xtil dona una ocupaci\u00f3 a m\u00e9s de 30.000 treballadors a Catalunya, essent un 7% de la ind\u00fastria manufacturera catalana.<\/p>\n<p><strong>\u2022 Quins s\u00f3n els reptes m\u00e9s importants de la ind\u00fastria t\u00e8xtil de cara al futur?<\/strong><\/p>\n<p>Seguir donant resposta a la demanda dels nostres clients a nivell mundial, donant els millors productes de qualitat. Les nostres empreses innoven cont\u00ednuament i s\u2019adeq\u00fcen a la digitalitzaci\u00f3 i a la ind\u00fastria 4.0.<\/p>\n<p>Treballem per tenir els professionals formats en el nostre sector i adequar la formaci\u00f3 professional a les necessitat de les empreses.<\/p>\n<p>Alhora les nostres empreses estan compromeses amb la sostenibilitat i amb el medi ambient. I ho fem tant des dels nostres processos productius com treballant per produir el m\u00ednim de residus i estem potenciant al m\u00e0xim l\u2019educaci\u00f3 i la sensibilitzaci\u00f3 dels consumidors per utilitzar els teixits de qualitat per aix\u00ed contaminar el menys possible i no malmetre el medi ambient.<\/p>\n<p>Som uns ferms defensors que la ind\u00fastria en general i en concret la ind\u00fastria t\u00e8xtil \u00e9s generadora d\u2019ocupaci\u00f3 i treballem per aconseguir la m\u00e0xima estabilitat.<\/p>\n<p><strong>\u2022 Qu\u00e8 la va impulsar a presentar la seva candidatura com a presidenta del Gremi de Fabricants de Sabadell?<\/strong><\/p>\n<p>Des de fa molts anys estic compromesa amb el Gremi. Vaig ser Presidenta de l\u2019Institut Sallar\u00e8s i Pla, que agrupa els joves empresaris t\u00e8xtils, en el per\u00edode 1993-1995, tot i que vaig tenir-hi responsabilitats des del 1989. Sempre m\u00e9s he seguit formant part activa de la instituci\u00f3.<\/p>\n<p>Crec que els empresaris ens hem d\u2019implicar en les institucions perqu\u00e8 compartint experi\u00e8ncies i visi\u00f3, podem contribuir a fer avan\u00e7ar les empreses. Les institucions requereixen de persones amb voluntat de servei i considero que d\u2019alguna manera \u00e9s una obligaci\u00f3 de tots aportar el millor que puguem.<\/p>\n<p><strong>\u2022 Quins objectius principals es marca al capdavant del Gremi durant els propers quatre anys (2019-2023)?<\/strong><\/p>\n<p>Primer de tot, vull recon\u00e8ixer la feina feta per l\u2019equip anterior. Es va fer una bona feina i una bona part de les seves accions endegades han de tenir continu\u00eftat. El Gremi t\u00e9 sentit de ser despr\u00e9s de gaireb\u00e9 cinc-cents anys d\u2019hist\u00f2ria. Estem presents a la ciutat, a la demarcaci\u00f3 i al territori i contribu\u00efm aportant la nostra opini\u00f3 i participant en totes les taules i debats que poden ajudar a millorar l\u2019economia productiva i el benestar dels ciutadans.<\/p>\n<p>Estem tamb\u00e9 compromesos amb la cultura i la hist\u00f2ria t\u00e8xtil de la nostra ciutat i del nostre pa\u00eds. Seguirem treballant per donar suport a les empreses industrials t\u00e8xtils i especialment a les petites empreses i fomentar el seu creixement i la generaci\u00f3 d\u2019ocupaci\u00f3.<\/p>\n<p><strong>\u2022 Quins projectes tindran continu\u00eftat i quins sorgiran de nou?<\/strong><\/p>\n<p>Seguirem sent part essencial i activa de Texfor com la principal patronal t\u00e8xtil. Amb Texfor estem a prop de les empreses i som part activa del Consejo Intertextil Espa\u00f1ol essent presents a les principals taules de decisi\u00f3 d\u2019Europa.<\/p>\n<p>Seguim tenint la presid\u00e8ncia del Consell Intersectorial d\u2019Empresaris de Sabadell i Comarca que t\u00e9 el comprom\u00eds de donar suport al desenvolupament del nostre territori per fomentar l\u2019economia productiva i el desenvolupament social i econ\u00f2mic de les persones que hi viuen i hi treballen. Seguirem empenyent el Consell d\u2019Economia productiva i treballant per aconseguir les millors infraestructures al Vall\u00e8s at\u00e8s que \u00e9s una de les regions m\u00e9s potents del sud d\u2019Europa.<\/p>\n<p>Tenim la sort de treballar coordinadament amb la Fundaci\u00f3 per la Ind\u00fastria que dona suport a la ind\u00fastria catalana. Junts treballem per crear coneixement i afavorir les ajudes al desenvolupament de les empreses.<\/p>\n<p>Seguirem treballant estretament amb Foment i Fepime per donar resposta a les necessitats i inquietuds de les nostres empreses.<\/p>\n<p>Continuarem recolzant la cultura i la creaci\u00f3 de coneixement, at\u00e8s que \u00e9s fonamental pel futur de les persones, de la nostra ciutat i del nostre pa\u00eds.<\/p>\n<p>Un dels elements prioritaris que m\u2019he marcat pel meu mandat \u00e9s apropar als empresaris industrials m\u00e9s joves cap a la nostra instituci\u00f3 i comprometre\u2019ls en aquesta tasca conjunta.<\/p>\n<p><strong>\u2022 La Junta Directiva que l\u2019acompanya tamb\u00e9 s\u2019ha renovat. Com descriuria la nova junta?<\/strong><\/p>\n<p>Em sento especialment agra\u00efda i satisfeta de comptar amb una \u00e0mplia junta, renovada, amb una mitjana d\u2019edat m\u00e9s jove, amb dones i homes i tots ells al capdavant d\u2019empreses industrials t\u00e8xtils de diferents \u00e0mbits.<\/p>\n<p>En la nostra junta hem incorporat empreses dels diferents subsectors t\u00e8xtils: acabats, filadors, teixidors i empreses que estan en el m\u00f3n de la moda. Tamb\u00e9 hi tenim representades empreses que s\u00f3n punteres amb la creaci\u00f3 de teixits t\u00e8cnics. La innovaci\u00f3 i la internacionalitzaci\u00f3 s\u00f3n dues constants presents en elles.<\/p>\n<p><strong>\u2022 \u00c9s la primera dona que presideix l\u2019entitat en els seus 460 anys d\u2019hist\u00f2ria. Aix\u00f2 suposa un repte afegit o m\u00e9s pressi\u00f3?<\/strong><\/p>\n<p>Personalment ho visc amb molta naturalitat. Penso que el m\u00e9s important s\u00f3n les ganes, la dedicaci\u00f3 i la il\u00b7lusi\u00f3. Tot i aix\u00f2 no puc deixar de recon\u00e8ixer la import\u00e0ncia que t\u00e9 que el Gremi compti amb una dona presidenta i una secretaria general que tamb\u00e9 \u00e9s dona. D\u2019alguna manera aquest fet, certifica que estem normalitzant el sector cap a la igualtat de g\u00e8nere.<\/p>\n","protected":false},"excerpt":{"rendered":"<p>Rosvi Moix i Queralt\u00f3 ha estat recentment escollida presidenta del Gremi de Fabricants de Sabadell, en substituci\u00f3 de Blai Costa i Creus (2015-2019). \u00c9s la primera dona que ostenta la presid\u00e8ncia del Gremi i compta amb una nova Junta Directiva jove i amb perfils industrials. \u2022 Vost\u00e8 \u00e9s directora de l\u2019empresa Tintes Industrials Moix (TIMSA) i t\u00e9 una \u00e0mplia experi\u00e8ncia en la ind\u00fastria. En quin moment es troba actualment el sector t\u00e8xtil? El sector ha tingut una important transformaci\u00f3 en els darrers anys. Les empreses t\u00e8xtils catalanes han innovat i s\u2019han adequat a les demandes del mercat internacional. Les exportacions suposen el 8% de la ind\u00fastria manufacturera catalana i el sector t\u00e8xtil dona una ocupaci\u00f3 a m\u00e9s de 30.000 treballadors a Catalunya, essent un 7% de la ind\u00fastria manufacturera catalana. \u2022 Quins s\u00f3n els reptes m\u00e9s importants de la ind\u00fastria t\u00e8xtil de cara al futur? Seguir donant resposta a la demanda dels nostres clients a nivell mundial, donant els millors productes de qualitat. Les nostres empreses innoven cont\u00ednuament i s\u2019adeq\u00fcen a la digitalitzaci\u00f3 i a la ind\u00fastria 4.0. Treballem per tenir els professionals formats en el nostre sector i adequar la formaci\u00f3 professional a les necessitat de les empreses. Alhora [&hellip;]<\/p>\n","protected":false},"author":1,"featured_media":183026,"comment_status":"closed","ping_status":"closed","sticky":false,"template":"","format":"standard","meta":{"_links_to":"","_links_to_target":""},"categories":[8406],"tags":[8424],"acf":[],"wps_subtitle":"","_links":{"self":[{"href":"https:\/\/www.foment.com\/es\/wp-json\/wp\/v2\/posts\/183029"}],"collection":[{"href":"https:\/\/www.foment.com\/es\/wp-json\/wp\/v2\/posts"}],"about":[{"href":"https:\/\/www.foment.com\/es\/wp-json\/wp\/v2\/types\/post"}],"author":[{"embeddable":true,"href":"https:\/\/www.foment.com\/es\/wp-json\/wp\/v2\/users\/1"}],"replies":[{"embeddable":true,"href":"https:\/\/www.foment.com\/es\/wp-json\/wp\/v2\/comments?post=183029"}],"version-history":[{"count":2,"href":"https:\/\/www.foment.com\/es\/wp-json\/wp\/v2\/posts\/183029\/revisions"}],"predecessor-version":[{"id":183031,"href":"https:\/\/www.foment.com\/es\/wp-json\/wp\/v2\/posts\/183029\/revisions\/183031"}],"wp:featuredmedia":[{"embeddable":true,"href":"https:\/\/www.foment.com\/es\/wp-json\/wp\/v2\/media\/183026"}],"wp:attachment":[{"href":"https:\/\/www.foment.com\/es\/wp-json\/wp\/v2\/media?parent=183029"}],"wp:term":[{"taxonomy":"category","embeddable":true,"href":"https:\/\/www.foment.com\/es\/wp-json\/wp\/v2\/categories?post=183029"},{"taxonomy":"post_tag","embeddable":true,"href":"https:\/\/www.foment.com\/es\/wp-json\/wp\/v2\/tags?post=183029"}],"curies":[{"name":"wp","href":"https:\/\/api.w.org\/{rel}","templated":true}]}}