{"id":183459,"date":"2023-05-30T12:25:07","date_gmt":"2023-05-30T10:25:07","guid":{"rendered":"https:\/\/www.foment.com\/?p=183459"},"modified":"2024-05-19T12:25:22","modified_gmt":"2024-05-19T10:25:22","slug":"aroa-ortega-saposta-molt-per-la-tecnologia-pero-lartesania-lligada-a-la-materia-prima-local-no-te-la-mateixa-empenta-pels-inversors","status":"publish","type":"post","link":"https:\/\/www.foment.com\/es\/aroa-ortega-saposta-molt-per-la-tecnologia-pero-lartesania-lligada-a-la-materia-prima-local-no-te-la-mateixa-empenta-pels-inversors\/","title":{"rendered":"Aroa Ortega: \u201cS\u2019aposta molt per la tecnologia per\u00f2 l\u2019artesania, lligada a la mat\u00e8ria prima local, no t\u00e9 la mateixa empenta pels inversors\u201d"},"content":{"rendered":"<p>Academy for Women Entrepreneurs (AWE) \u00e9s un programa de Foment del Treball, el Departament d\u2019Estat d\u2019Estats Units i el Consolat Americ\u00e0 en el qual han pogut participar 30 dones emprenedores. L\u2019AWE consta de 4 eixos: formaci\u00f3 en l\u00ednia per part de l\u2019Escola de negocis Thunderbird de la Universitat d\u2019Arizona, Masterclasses presencials, tours inspiradors i l\u2019oportunitat de formar part de la xarxa global AWE amb connexions a tot el m\u00f3n.<\/p>\n<p>Amb l\u2019objectiu de con\u00e8ixer m\u00e9s en detall els diferents projectes empresarials del programa, des de la revista \u201cF de Foment\u201d us aproparem de primera m\u00e0 els perfils de les empres\u00e0ries que han format part de la segona edici\u00f3 de la Academy for Women Entrepreneurs a trav\u00e9s d\u2019entrevistes amb les diferents professionals.<\/p>\n<p>Avui parlem amb Aroa Ortega, creadora\u00a0i artesana de Pomparoa.<\/p>\n<p><strong>Quin projecte vas presentar per poder formar part del programa AWE?<\/strong><\/p>\n<p>Pomparoa neix una mica abans de la pand\u00e8mia. Jo sempre he sigut usu\u00e0ria de productes m\u00e9s naturals, tradicionals, menys convencionals, amb menys ingredients sint\u00e8tics pel cos. No nom\u00e9s en mat\u00e8ria de cosm\u00e8tica, tamb\u00e9 en l\u2019alimentaci\u00f3 entre altres h\u00e0bits de consum. D\u2019aqu\u00ed\u00a0la curiositat d\u2019aprendre a formular i a professionalitzar el que ja feia.<\/p>\n<p>Per altra banda, cada vegada la gent es dedica m\u00e9s temps a s\u00ed mateixa. S\u2019interessa pel seu benestar a llarg termini, i aqu\u00ed, la cosm\u00e8tica juga un paper molt important perqu\u00e8 ens preocupem m\u00e9s per saber qu\u00e8 posem sobre la nostra pell. Ara, tothom que es cuida una mica, no vol derivats del petroli, no vol disruptors endocrins\u00a0perqu\u00e8 s\u2019ha demostrat que poden alterar el funcionament hormonal del nostre cos, m\u00e9s enll\u00e0 de fer malb\u00e9 a la capa m\u00e9s externa de la nostra pell.<\/p>\n<p>Despr\u00e9s de quasi quatre anys, Pomparoa (potser pivotar\u00e0 de nom) som dos integrants que treballem aquest petit projecte des de l\u2019inici i sempre hem tingut unes idees molt clares per desenvolupar per\u00f2 la manca de recursos fa que el ritme d\u2019evoluci\u00f3 sigui m\u00e9s lent. S\u2019aposta\u00a0molt per la tecnologia per\u00f2 l\u2019artesania lligada a la mat\u00e8ria prima local, com \u00e9s el nostre cas, no t\u00e9 la mateixa empenta pels inversors. La mat\u00e8ria prima \u00e9s cara, parlem de vegetals, llavors, olis essencials, el proc\u00e9s de manufactura, com treballem nosaltres, tamb\u00e9 i per rematar, les certificacions no s\u00f3n \u00e0gils ni assequibles.<\/p>\n<p>Pel que fa la nostra petita per\u00f2 agra\u00efda extensi\u00f3, a l\u2019estiu de 2022 ens vam estrenar en el m\u00f3n de les celebracions, que cada cop busca oferir opcions m\u00e9s sostenibles i amb menys pl\u00e0stics. Aquest any, ampliem aquesta possibilitat.<\/p>\n<p><strong>Dels quatre eixos del programa, quin \u00e9s el que m\u00e9s t\u2019ha ajudat a tirar endavant el teu projecte?<\/strong><\/p>\n<p>D\u2019AWE ens quedem amb la possibilitat enorme d\u2019apropar talent en femen\u00ed, moltes vegades\u00a0invisibilitzat al m\u00f3n empresarial. Amb AWE trobes punts en com\u00fa amb altres projectes que t\u2019aporten\u00a0perspectives diferents del que est\u00e0s treballant i aix\u00ed pots enriquir el que fas.<\/p>\n<p>\u00c9s un proc\u00e9s d\u2019aprenentatge i suport mutu amb la resta de companyes. En el meu cas, en particular, faig menys equip perqu\u00e8 el sector \u00e9s massa diferent. La majoria d\u2019start\u00a0ups s\u00f3n tecnol\u00f2giques i la tecnologia va lligada a la cosm\u00e8tica, sobretot, a nivell industrial, per\u00f2 menys, a nivell artesanal.<\/p>\n<p><strong>Com t\u2019ha ajudat Foment a fer cr\u00e9ixer la teva idea\/projecte?<\/strong><\/p>\n<p>Foment ens ha ajudat a creure molt en el projecte i que el podem fer cr\u00e9ixer i aix\u00f2 \u00e9s molt important quan ets petita i est\u00e0s en un per\u00edode de gestaci\u00f3 i tot el treball es tradueix en una o dues persones. Agra\u00efm la disposici\u00f3 de posar-nos a l\u2019abast informaci\u00f3 \u00fatil per donar forma al projecte.<\/p>\n<p><strong>Quins s\u00f3n els reptes de futur m\u00e9s immediats per al teu projecte?<\/strong><\/p>\n<p>Un repte: estem treballant per acompanyar-vos a una manera diferents d\u2019entendre el turisme local.<\/p>\n<p><strong>Qu\u00e8 li demanaries a l\u2019administraci\u00f3 p\u00fablica per fer cr\u00e9ixer el teu projecte?<\/strong><\/p>\n<p>L\u2019administraci\u00f3 podria incentivar la creaci\u00f3 de projectes personals per transformar-los en un projecte professional aplicant alguns avantatges durant els primer anys. Estem molt lluny d\u2019altres pa\u00efsos del nostre entorn i quan la mat\u00e8ria prima \u00e9s costosa, hi hauria d\u2019haver criteris diferents per ajudar.<\/p>\n<p>No \u00e9s el mateix desenvolupar un aplicatiu que necessites un aparell, una estrat\u00e8gia i una t\u00e8cnica i ho pots fer des de qualsevol lloc, incl\u00fas a casa teva, que produir un producte pel qual necessites el coneixement, les eines i l\u2019espai certificat per poder-ho col\u00b7locar al mercat. Falten espais de producci\u00f3. Ara hi ha pocs que no siguin privats per llogar a un preu que es fa exageradament cost\u00f3s per comen\u00e7ar.<\/p>\n","protected":false},"excerpt":{"rendered":"<p>Academy for Women Entrepreneurs (AWE) \u00e9s un programa de Foment del Treball, el Departament d\u2019Estat d\u2019Estats Units i el Consolat Americ\u00e0 en el qual han pogut participar 30 dones emprenedores. L\u2019AWE consta de 4 eixos: formaci\u00f3 en l\u00ednia per part de l\u2019Escola de negocis Thunderbird de la Universitat d\u2019Arizona, Masterclasses presencials, tours inspiradors i l\u2019oportunitat de formar part de la xarxa global AWE amb connexions a tot el m\u00f3n. Amb l\u2019objectiu de con\u00e8ixer m\u00e9s en detall els diferents projectes empresarials del programa, des de la revista \u201cF de Foment\u201d us aproparem de primera m\u00e0 els perfils de les empres\u00e0ries que han format part de la segona edici\u00f3 de la Academy for Women Entrepreneurs a trav\u00e9s d\u2019entrevistes amb les diferents professionals. Avui parlem amb Aroa Ortega, creadora\u00a0i artesana de Pomparoa. Quin projecte vas presentar per poder formar part del programa AWE? Pomparoa neix una mica abans de la pand\u00e8mia. Jo sempre he sigut usu\u00e0ria de productes m\u00e9s naturals, tradicionals, menys convencionals, amb menys ingredients sint\u00e8tics pel cos. No nom\u00e9s en mat\u00e8ria de cosm\u00e8tica, tamb\u00e9 en l\u2019alimentaci\u00f3 entre altres h\u00e0bits de consum. D\u2019aqu\u00ed\u00a0la curiositat d\u2019aprendre a formular i a professionalitzar el que ja feia. Per altra banda, cada vegada la gent es [&hellip;]<\/p>\n","protected":false},"author":1,"featured_media":183456,"comment_status":"closed","ping_status":"closed","sticky":false,"template":"","format":"standard","meta":{"_links_to":"","_links_to_target":""},"categories":[8406],"tags":[5668],"acf":[],"wps_subtitle":"","_links":{"self":[{"href":"https:\/\/www.foment.com\/es\/wp-json\/wp\/v2\/posts\/183459"}],"collection":[{"href":"https:\/\/www.foment.com\/es\/wp-json\/wp\/v2\/posts"}],"about":[{"href":"https:\/\/www.foment.com\/es\/wp-json\/wp\/v2\/types\/post"}],"author":[{"embeddable":true,"href":"https:\/\/www.foment.com\/es\/wp-json\/wp\/v2\/users\/1"}],"replies":[{"embeddable":true,"href":"https:\/\/www.foment.com\/es\/wp-json\/wp\/v2\/comments?post=183459"}],"version-history":[{"count":2,"href":"https:\/\/www.foment.com\/es\/wp-json\/wp\/v2\/posts\/183459\/revisions"}],"predecessor-version":[{"id":183461,"href":"https:\/\/www.foment.com\/es\/wp-json\/wp\/v2\/posts\/183459\/revisions\/183461"}],"wp:featuredmedia":[{"embeddable":true,"href":"https:\/\/www.foment.com\/es\/wp-json\/wp\/v2\/media\/183456"}],"wp:attachment":[{"href":"https:\/\/www.foment.com\/es\/wp-json\/wp\/v2\/media?parent=183459"}],"wp:term":[{"taxonomy":"category","embeddable":true,"href":"https:\/\/www.foment.com\/es\/wp-json\/wp\/v2\/categories?post=183459"},{"taxonomy":"post_tag","embeddable":true,"href":"https:\/\/www.foment.com\/es\/wp-json\/wp\/v2\/tags?post=183459"}],"curies":[{"name":"wp","href":"https:\/\/api.w.org\/{rel}","templated":true}]}}