{"id":183486,"date":"2023-05-02T12:31:19","date_gmt":"2023-05-02T10:31:19","guid":{"rendered":"https:\/\/www.foment.com\/?p=183486"},"modified":"2024-05-19T12:31:31","modified_gmt":"2024-05-19T10:31:31","slug":"raquel-gonzalez-alerces-es-una-plataforma-que-uneix-generacions-a-traves-de-laprenentatge-didiomes","status":"publish","type":"post","link":"https:\/\/www.foment.com\/es\/raquel-gonzalez-alerces-es-una-plataforma-que-uneix-generacions-a-traves-de-laprenentatge-didiomes\/","title":{"rendered":"Raquel Gonz\u00e1lez: \u201cAlerces \u00e9s una plataforma que uneix generacions a trav\u00e9s de l\u2019aprenentatge d\u2019idiomes\u201d"},"content":{"rendered":"<p>Academy for Women Entrepreneurs (AWE) \u00e9s un programa de Foment del Treball, el Departament d\u2019Estat d\u2019Estats Units i el Consolat Americ\u00e0 en el qual han pogut participar 30 dones emprenedores. L\u2019AWE consta de 4 eixos: formaci\u00f3 en l\u00ednia per part de l\u2019Escola de negocis Thunderbird de la Universitat d\u2019Arizona, Masterclasses presencials, tours inspiradors i l\u2019oportunitat de formar part de la xarxa global AWE amb connexions a tot el m\u00f3n.<\/p>\n<p>Amb l\u2019objectiu de con\u00e8ixer m\u00e9s en detall els diferents projectes empresarials del programa, des de la revista \u201cF de Foment\u201d us aproparem de primera m\u00e0 els perfils de les empres\u00e0ries que han format part de la segona edici\u00f3 de la Academy for Women Entrepreneurs a trav\u00e9s d\u2019entrevistes amb les diferents professionals.<\/p>\n<p>Avui parlem amb\u00a0<strong>Raquel Gonz\u00e1lez Garc\u00eda, Fundadora de Alerces<\/strong><strong>.<\/strong><\/p>\n<p><strong>Quin projecte vas presentar per poder formar part del programa AWE?<\/strong><\/p>\n<p>Vaig entrar al programa AWE amb Alerces, una plataforma que uneix generacions a trav\u00e9s de l\u2019aprenentatge d\u2019idiomes.<\/p>\n<p>Ja des de petita sentia una gran admiraci\u00f3 per la figura del s\u00e8nior, segurament es deu al fet que la major part dels meus dies els passava amb els meus avis, els meus grans referents. Fa 6 anys que la meva \u00e0via va emmalaltir d\u2019Alzheimer i vam haver de rec\u00f3rrer a una resid\u00e8ncia d\u2019ancians perqu\u00e8 cuidar-la a casa resultava ja impossible.<\/p>\n<p>A la residencia vaig poder observar que moltes persones no rebien visites i no sols aix\u00f2, sin\u00f3 que en veure\u2019m abra\u00e7ar a la meva \u00e0via venien a demanar-me una abra\u00e7ada. En aquell moment comen\u00e7o a interessar-me per la solitud no desitjada, la jubilaci\u00f3, la silver economy. Vaig investigar, vaig llegir molt i vaig assistir a confer\u00e8ncies.<\/p>\n<p>Al 2020 l\u2019empresa per a la qual treballava decideix rescindir el meu contracte i pocs mesos despr\u00e9s sento que el meu prop\u00f2sit \u00e9s desenvolupar un projecte relacionat amb el m\u00f3n s\u00e8nior. Aquell mateix estiu decideixo viatjar a Sic\u00edlia i un dia abans de volar a Palermo rebo un article on parlaven de Guiseppe Patern\u00f3, la persona m\u00e9s longeva del m\u00f3n en graduar-se en Filosofia i Hist\u00f2ria a l\u2019edat de 97 anys. La meva curiositat em va portar a buscar-lo a les xarxes socials, el vaig trobar a Facebook i li vaig demanar una entrevista. Sabia que no era casual que vol\u00e9s a Palermo i ell resid\u00eds en la mateixa ciutat.<\/p>\n<p>A dia d\u00b4avui puc dir que Guiseppe \u00a0\u00e9s la persona m\u00e9s intel\u00b7ligent que he conegut \u00a0i una de les que m\u00e9s he admirat; va morir al novembre del 2022 als 99 anys i fins a l\u2019\u00faltim moment va compartir amb mi la seva \u00faltima tesi, aix\u00ed com les seves idees. Una setmana m\u00e9s tard, mentre caminava pels carrers de Ragusa coneixeria a Gaetano, un docent en hist\u00f2ria i llat\u00ed jubilat que gr\u00e0cies al seu\u00a0<em>expertise<\/em>\u00a0en itali\u00e0, sicili\u00e0 i llat\u00ed ajudaria a la Universitat de Val\u00e8ncia a desxifrar unes cartes de Llu\u00eds XIV. En aquest moment connecto aquestes dos grans senyals amb el meu \u00a0prop\u00f2sit i decideixo crear una plataforma on puguem accedir al coneixement i\u00a0<em>expertise<\/em>\u00a0de persones jubilades.<\/p>\n<p>Alerces inicia la seva activitat al final de l\u2019any 2021 amb l\u00b4aprenentatge d\u2019idiomes, concretament amb el castell\u00e0 i el catal\u00e0. Per anomenar algunes xifres, en els pr\u00f2xims 2 anys a Espanya es jubilen 70.000 docents, un escenari similar es replica a tota Europa. Per altra banda i segons les dades de l\u2019Anuari 2020 \u201cL\u2019Espanyol en el M\u00f3n\u201d, \u00a022 milions de persones estudien castell\u00e0 a tot el m\u00f3n i un 24% es troba dins de la comunitat europea. A m\u00e9s, a la ciutat de Barcelona, segons el padr\u00f3 hi ha m\u00e9s de 333.000 persones estrangeres empadronades, sumant un total de 179 nacionalitats. Per\u00f2 una vegada aquests arriben a la ciutat es troben amb la barrera idiom\u00e0tica i cultural, i malgrat estudiar l\u2019idioma es troben que no tenen a ning\u00fa amb qui practicar-ho (jo mateixa vaig viure aquesta situaci\u00f3 quan vaig viure a Esc\u00f2cia). Alerces vol posar soluci\u00f3 a aquesta problem\u00e0tica i ho fa posant en contacte al s\u00e8nior amb usuaris que vulguin millorar l\u2019idioma mitjan\u00e7ant converses informals, ja sigui en la nostra plataforma o de forma presencial.<\/p>\n<p>El s\u00e8nior ofereix de manera volunt\u00e0ria una o dues hores del seu temps a la setmana conversant del que m\u00e9s l\u2019apassiona amb un estudiant, amb el que pr\u00e8viament l\u2019hem posat contacte per afinitat, com si fos el match de Tinder. Un dels nostres objectius \u00e9s que sorgeixin amistat intergeneracionals i significatives, creant-se un espai on l\u2019aprenentatge sigui bidireccional.<\/p>\n<p>Des que vam llan\u00e7ar la plataforma Alerces hem conegut a dos perfils de s\u00e8niors diferents, els que desitgen retornar a la societat el que han apr\u00e8s i volen compartir-ho amb altres generacions i els que despr\u00e9s de la jubilaci\u00f3 es troben sense un prop\u00f2sit de vida i veuen com el seu cercle social es redueix significativament.<\/p>\n<p>Alerces vol posar soluci\u00f3 tamb\u00e9 a aquesta problem\u00e0tica. Tots sabem els beneficis que hi ha darrere del voluntariat, per anomenar algun exemple: es produeix la millora en la salut mental en reduir l\u2019estr\u00e8s i l\u2019ansietat aix\u00ed com augmentar l\u2019autoestima i fomentar una sensaci\u00f3 de benestar emocional (jo mateixa soc volunt\u00e0ria en Amics de la Gent gran i en dono fe). Per un altre costat, els estudiants agraeixen la figura del s\u00e8nior, ja que gr\u00e0cies a parlar de temes que els apassiona els ajuda a millorar l\u2019idioma.<\/p>\n<p>\u00c9s bonic rebre els missatges d\u2019agra\u00efment on ens expliquen les amistades que estan sorgint entre ells. Tant de bo puguem crear una gran comunitat i arribar a moltes persones.<\/p>\n<p><strong>Dels quatre eixos del programa, quin \u00e9s el que m\u00e9s t\u2019ha ajudat a tirar endavant el teu projecte?<\/strong><\/p>\n<p>Les Masterclass han estat per a mi de molt\u00edssim valor. La qualitat de les ponents que han condensant el seu m\u00e0xim coneixement ha estat un veritable regal. Per posar un exemple, em va encantar la Masterclass de br\u00e0nding amb Mar Galt\u00e9s o la que vam tenir amb Ingrid Vanderveldt que va ser una \u00a0xerrada s\u00faper inspiradora, parlava de com n\u2019\u00e9s d\u2019important seguir i escoltar la nostra intu\u00efci\u00f3 i confiar en que estem en el lloc adequat.<\/p>\n<p>Es va parlar tamb\u00e9 de la import\u00e0ncia de pivotar a temps, del pacte de socis\u2026 temes als quals jo encara no havia arribat per\u00f2 que sens dubte necessitava con\u00e8ixer. A m\u00e9s, el fet que les classes van ser en format presencial donaven peu a fer ronda de preguntes a les ponents i la veritat \u00e9s que vaig aprendre molt de les preguntes que plantejaven les meves companyes, que es trobaven en fases m\u00e9s avan\u00e7ades amb els seus projectes. Agraeixo molt les seves aportacions.<\/p>\n<p><strong>Com t\u2019ha ajudat Foment a fer cr\u00e9ixer la teva idea\/projecte?<\/strong><\/p>\n<p>El programa m\u2019ha ajudat a estar preparada per a possibles escenaris futurs i per a con\u00e8ixer millor el sistema emprenedor. Sortia de classe emocionada, plena d\u2019idees i empoderada.<\/p>\n<p>Despr\u00e9s de classe ens qued\u00e0vem compartint entre nosaltres i l\u2019aprenentatge s\u2019estenia fora de l\u2019aula, sens dubte el millor regal que m\u2019emporto ha sigut ser part de l\u00b4alumni AWE i les sinergies que hem creat entre nosaltres: 29 dones amb projectes meravellosos a les quals admiro i de les quals aprenc cada dia.<\/p>\n<p>Tenim un grup de WhatsApp molt actiu on compartim subvencions, confer\u00e8ncies, i celebrem \u00e8xits o donem suport en moments agredol\u00e7os, som una gran comunitat que s\u2019est\u00e9n a edicions anteriors i s\u2019estendr\u00e0 en les futures.<\/p>\n<p>Dono les gr\u00e0cies a Mar\u00eda Mora, directora pel programa, \u00a0gr\u00e0cies pel seu treball, dedicaci\u00f3 i la gran passi\u00f3 que posa en tot el que fa. Gr\u00e0cies tamb\u00e9 a Foment i a l\u2019Ambaixada\u00a0 dels Estats Units per aquest gran programa. Haver conegut a la c\u00f2nsol i a l\u2019ambaixadora ha estat un altre dels regals del programa.<\/p>\n<p><strong>Quins s\u00f3n els reptes de futur m\u00e9s immediats per al teu projecte?<\/strong><\/p>\n<p>Ens trobem amb 3 grans reptes: el primer es la captaci\u00f3 d\u2019usuaris ja que hem d\u2019aconseguir una massa cr\u00edtica significativa en tots dos costats de la balan\u00e7a. D\u2019una banda, persones que vulguin aprendre l\u2019idioma i, per una altra, s\u00e8niors que vulguin ajudar en l\u2019aprenentatge del mateix.<\/p>\n<p>El segon gran repte es crear comunitats de s\u00e8niors per professions i que el s\u00e8nior tingui el paper de mentor. D\u00b4aquesta manera podr\u00e0 fer de guia a estudiants que no saben quina carrera estudiar o be orientar-los per a iniciar la seva carrera professional. Dos decisions importants que consumeixen molta energia i la persona no sempre t\u00e9 un entorn familiar o social adequat per acompanyar i donar suport.<\/p>\n<p>I l\u00b4altre gran repte \u00e9s el de trobar el model de negoci que encaixi amb Alerces per poder comen\u00e7ar a monetitzar, aix\u00ed com la recerca de finan\u00e7ament. Confiem que poc a poc les coses s\u2019aniran donant, mentrestant aprendrem i gaudirem en el cam\u00ed.<\/p>\n<p><strong>Qu\u00e8 li demanaries a l\u2019administraci\u00f3 p\u00fablica per fer cr\u00e9ixer el teu projecte?<\/strong><\/p>\n<p>Demanaria que ens donessin suport i difusi\u00f3, sobretot a l\u2019inici dels nostres projectes que \u00e9s en la fase on m\u00e9s ho necessitem.<\/p>\n","protected":false},"excerpt":{"rendered":"<p>Academy for Women Entrepreneurs (AWE) \u00e9s un programa de Foment del Treball, el Departament d\u2019Estat d\u2019Estats Units i el Consolat Americ\u00e0 en el qual han pogut participar 30 dones emprenedores. L\u2019AWE consta de 4 eixos: formaci\u00f3 en l\u00ednia per part de l\u2019Escola de negocis Thunderbird de la Universitat d\u2019Arizona, Masterclasses presencials, tours inspiradors i l\u2019oportunitat de formar part de la xarxa global AWE amb connexions a tot el m\u00f3n. Amb l\u2019objectiu de con\u00e8ixer m\u00e9s en detall els diferents projectes empresarials del programa, des de la revista \u201cF de Foment\u201d us aproparem de primera m\u00e0 els perfils de les empres\u00e0ries que han format part de la segona edici\u00f3 de la Academy for Women Entrepreneurs a trav\u00e9s d\u2019entrevistes amb les diferents professionals. Avui parlem amb\u00a0Raquel Gonz\u00e1lez Garc\u00eda, Fundadora de Alerces. Quin projecte vas presentar per poder formar part del programa AWE? Vaig entrar al programa AWE amb Alerces, una plataforma que uneix generacions a trav\u00e9s de l\u2019aprenentatge d\u2019idiomes. Ja des de petita sentia una gran admiraci\u00f3 per la figura del s\u00e8nior, segurament es deu al fet que la major part dels meus dies els passava amb els meus avis, els meus grans referents. Fa 6 anys que la meva \u00e0via va emmalaltir [&hellip;]<\/p>\n","protected":false},"author":1,"featured_media":183483,"comment_status":"closed","ping_status":"closed","sticky":false,"template":"","format":"standard","meta":{"_links_to":"","_links_to_target":""},"categories":[8406],"tags":[5668],"acf":[],"wps_subtitle":"","_links":{"self":[{"href":"https:\/\/www.foment.com\/es\/wp-json\/wp\/v2\/posts\/183486"}],"collection":[{"href":"https:\/\/www.foment.com\/es\/wp-json\/wp\/v2\/posts"}],"about":[{"href":"https:\/\/www.foment.com\/es\/wp-json\/wp\/v2\/types\/post"}],"author":[{"embeddable":true,"href":"https:\/\/www.foment.com\/es\/wp-json\/wp\/v2\/users\/1"}],"replies":[{"embeddable":true,"href":"https:\/\/www.foment.com\/es\/wp-json\/wp\/v2\/comments?post=183486"}],"version-history":[{"count":2,"href":"https:\/\/www.foment.com\/es\/wp-json\/wp\/v2\/posts\/183486\/revisions"}],"predecessor-version":[{"id":183488,"href":"https:\/\/www.foment.com\/es\/wp-json\/wp\/v2\/posts\/183486\/revisions\/183488"}],"wp:featuredmedia":[{"embeddable":true,"href":"https:\/\/www.foment.com\/es\/wp-json\/wp\/v2\/media\/183483"}],"wp:attachment":[{"href":"https:\/\/www.foment.com\/es\/wp-json\/wp\/v2\/media?parent=183486"}],"wp:term":[{"taxonomy":"category","embeddable":true,"href":"https:\/\/www.foment.com\/es\/wp-json\/wp\/v2\/categories?post=183486"},{"taxonomy":"post_tag","embeddable":true,"href":"https:\/\/www.foment.com\/es\/wp-json\/wp\/v2\/tags?post=183486"}],"curies":[{"name":"wp","href":"https:\/\/api.w.org\/{rel}","templated":true}]}}