{"id":183576,"date":"2023-02-27T12:49:40","date_gmt":"2023-02-27T11:49:40","guid":{"rendered":"https:\/\/www.foment.com\/?p=183576"},"modified":"2024-05-19T12:49:50","modified_gmt":"2024-05-19T10:49:50","slug":"olga-torras-hal-vol-ser-lequip-destrategia-i-marqueting-digital-que-les-pimes-necessiten","status":"publish","type":"post","link":"https:\/\/www.foment.com\/es\/olga-torras-hal-vol-ser-lequip-destrategia-i-marqueting-digital-que-les-pimes-necessiten\/","title":{"rendered":"Olga Torras: \u201cHAL vol ser l\u2019equip d\u2019estrat\u00e8gia i m\u00e0rqueting digital que les pimes necessiten\u201d"},"content":{"rendered":"<p>Academy\u00a0for\u00a0Women\u00a0Entrepreneurs\u00a0(AWE) \u00e9s un programa de Foment del Treball, el Departament d\u2019Estat d\u2019Estats Units\u00a0i el Consolat Americ\u00e0 en el qual han pogut participar 30 dones emprenedores. L\u2019AWE\u00a0consta de 4 eixos: formaci\u00f3 en l\u00ednia per part de l\u2019Escola de negocis Thunderbird de la Universitat d\u2019Arizona,\u00a0Masterclasses\u00a0presencials,\u00a0tours\u00a0inspiradors i l\u2019oportunitat de formar part de la xarxa global\u00a0AWE\u00a0amb connexions a tot el m\u00f3n.<\/p>\n<p>Amb l\u2019objectiu de con\u00e8ixer m\u00e9s en detall els diferents projectes empresarials del programa, des de la revista \u201cF de Foment i Fepime\u201d us aproparem de primera m\u00e0 els perfils de les empres\u00e0ries que han format part de la segona edici\u00f3 de la Academy for Women Entrepreneurs a trav\u00e9s d\u2019entrevistes amb les diferents professionals.<br \/>\nAvui parlem amb Olga Torras Consolaci\u00f3n, Fundadora i Directora de Digital a HAL Digital &amp; People.<\/p>\n<p><strong>Quin projecte vas presentar per poder formar part del programa AWE?<\/strong><\/p>\n<p>Vaig entrar al programa AWE amb HAL, una petita ag\u00e8ncia d\u2019estrat\u00e8gia digital. HAL va n\u00e9ixer de manera espont\u00e0nia, va arribar l\u2019oportunitat de fer un projecte just quan estava amb negociacions amb l\u2019empresa on treballava, ja que la divisi\u00f3 de Barcelona s\u2019havia venut i negociava el meu trasllat a Madrid o la sortida de la companyia. L\u2019oportunitat va venir al moment oport\u00fa.<\/p>\n<p>Vaig parlar amb dues persones que trobo referents: la meva cunyada que acabava d\u2019acabar un MBA a l\u2019escola de negocis\u00a0IESE\u00a0i que prov\u00e9 del m\u00f3n de la consultoria com jo, l\u2019Anna\u00a0Vilatarsana;\u00a0i la que en aquell moment tamb\u00e9 era la meva advocada, amiga i que trobo emprenedora referent, l\u2019Ana\u00a0Na\u00f1ez. Vam decidir crear quelcom plegades, i encara que el \u201cfill\u201d l\u2019he criat jo, sempre ser\u00e0 de les tres.<\/p>\n<p>Va ser un regal que la vida em don\u00e9s aquestes petites empentes, totes em portaven all\u00e0 on havia d\u2019estar: a HAL, treballant pel meu compte i intentant fer digital d\u2019una altra manera.<\/p>\n<p>Vaig entrar al programa per buscar l\u2019escalatge, HAL vol ser l\u2019equip d\u2019estrat\u00e8gia i m\u00e0rqueting digital que les pimes necessiten, \u00e9s a dir, que la pime pugui tenir una \u00e0rea de digital, l\u2019\u00fanic que externalitzada en nosaltres. La idea inicial era la de treballar amb xarxes de\u00a0freelancers\u00a0de manera que poguessin adaptar els serveis i fer-los cost efectiu per la pime i, d\u2019altra banda, ajustar les hores d\u2019estrat\u00e8gia i perfils m\u00e9s s\u00e8nior igual que fan els advocats\u2026 A l\u2019hora de la veritat, el model per escalar el negoci est\u00e0 costant de trobar i \u00e9s aqu\u00ed on em va arribar un mail que agreixo infinit, enviant-me informaci\u00f3 del programa. Ha estat un segon regal.<\/p>\n<p><strong>Dels quatre eixos del programa, quin \u00e9s el que m\u00e9s t\u2019ha ajudat a tirar endavant el teu projecte?<\/strong><\/p>\n<p>Recordo la primera xerrada que v\u00e0rem tenir,\u00a0port\u00e0vem 10 minuts\u00a0i escaig de sessi\u00f3 i ja m\u2019havia travessat el to amb el qual parl\u00e0vem, segur, engrescador i\u00a0reptador.<\/p>\n<p>Parlaven de la import\u00e0ncia de saber pivotar a temps, de saber vendre\u2019s i dels pactes de socis entre altres moltes coses i ho feien d\u2019una manera clara, sincera i contundent. \u00c9s genial quan de sobte reps all\u00f2 que\u00a0tan\u00a0necessitaves i ni tan sols sabies que ho necessitaves. Necessitava tota aquella informaci\u00f3 i necessitava referents de dones emprenedores.<\/p>\n<p>Aix\u00f2 em porta al seg\u00fcent eix que destaco en la meva experi\u00e8ncia, la xarxa, perqu\u00e8 la seg\u00fcent veu que em va arribar va ser la d\u2019una companya AWE, la primera que va intervenir, i es va presentar com la CEO de la seva empresa i va compartir el seu dubte\u00a0amb confian\u00e7a i humilitat. \u00a0He trobat referents a la classe magistral, tant en les que ens explicaven coses com en les que tenia assegudes al meu costat.<\/p>\n<p><strong>Com t\u2019ha ajudat Foment a fer cr\u00e9ixer la teva idea\/projecte?<\/strong><\/p>\n<p>El programa m\u2019ha\u00a0ajudat en molts aspectes, per\u00f2 sobretot valoro tot all\u00f2 que m\u2019ha donat que s\u00e9 que no es troba als libres.<\/p>\n<p>Hem rebut informaci\u00f3 de primera m\u00e0 que han compartit les ponents, com\u00a0es\u00a0sentien, qu\u00e8 va ser clau, errors, actituds, mites, s\u00edndrome de la impostora, etc.<\/p>\n<p>I al estar rodejada de 29 emprenedores he canviat la idea de nom\u00e9s pensar en la viabilitat que t\u00e9 un projecte per pensar en la capacitat que t\u00e9 l\u2019equip que hi ha darrera. Al principi del programa pensava en quins projectes invertiria jo, al final penso en quines emprenedores em ficaria en qualsevol \u201csarau\u201d.<\/p>\n<p><strong>Com t\u2019ha ajudat Foment a fer cr\u00e9ixer la teva idea?<\/strong><\/p>\n<p>En el meu cas el programa m\u2019ha ajudat amb motivaci\u00f3, sortia de totes les master classes amb milions d\u2019idees i he activat diferents serveis i accions arrel del programa.<\/p>\n<p>Tamb\u00e9 m\u2019ha ajudat a saber per on vull que HAL evolucioni, com a atalaia per donar a con\u00e8ixer el meu projecte i tamb\u00e9 com a font de col\u00b7laboraci\u00f3 amb altres AWEs. El millor actiu que m\u2019emporto, ser alumni AWE. Ara la informaci\u00f3 i la motivaci\u00f3 la traiem les unes de les altres.<\/p>\n<p>L\u2019atalaia l\u2019agraeixo a Foment i en concret a la Maria Mora que sap com estan tots els projectes i mou cada oportunitat per tal que connectem amb alg\u00fa, de que fem una formaci\u00f3, etc.<\/p>\n<p><strong>Quins s\u00f3n els reptes de futur m\u00e9s immediats per al teu projecte?<\/strong><br \/>\nEn el meu cas l\u2019escabilitat. Un missatge que em va agradar \u00e9s: \u201cel vostre projecte no\u00a0sou\u00a0vosaltres\u201d, jo estic en aquest punt cr\u00edtic.\u00a0HAL \u00e9s Olga\u00a0Torras\u00a0i haig de trobar el mode d\u2019escalar el model i despersonalitzar-ho.<\/p>\n<p>Ara mateix som\u00a0una boutique\u00a0de digital, puc donar serveis 360 externalitzant en una xarxa solvent de professionals de m\u00faltiples disciplines, per\u00f2 nom\u00e9s hi ha una directora d\u2019orquestra.<\/p>\n<p><strong>Aquest \u00e9s un programa potenciat per l\u2019ambaixada<\/strong>\u00a0<strong>dels EEUU. Qu\u00e8 el fa diferent?<\/strong><\/p>\n<p>Des del dia de la presentaci\u00f3 del programa, un esdeveniment t\u00edpicament m\u00e9s lit\u00fargic, vaig veure que aquest \u00e9s un programa que l\u2019ambaixada s\u2019estima i al que li posa molt d\u2019esfor\u00e7. La Kate Stana, c\u00f2nsol dels Estats Units a Barcelona, va fer un parlament sentit on ens traslladava les altes expectatives i respecte cap a nosaltres i els nostres projectes. Des del primer instant amb la formaci\u00f3 d\u2019un grup de WhatsApp va estar a sobre clarificant dubtes, incl\u00fas v\u00e0rem anar a una festa a casa de la c\u00f2nsol amb motiu de la setmana de l\u2019emprenedoria. Aquest no \u00e9s un programa est\u00e8tic, aqu\u00ed a tothom t\u00e9 el seu projecte que li treu el son i totes anem amb dents i ungles a lluitar per all\u00f2 que creiem. Foment i aquest programa ens han esmolat la destral.<\/p>\n","protected":false},"excerpt":{"rendered":"<p>Academy\u00a0for\u00a0Women\u00a0Entrepreneurs\u00a0(AWE) \u00e9s un programa de Foment del Treball, el Departament d\u2019Estat d\u2019Estats Units\u00a0i el Consolat Americ\u00e0 en el qual han pogut participar 30 dones emprenedores. L\u2019AWE\u00a0consta de 4 eixos: formaci\u00f3 en l\u00ednia per part de l\u2019Escola de negocis Thunderbird de la Universitat d\u2019Arizona,\u00a0Masterclasses\u00a0presencials,\u00a0tours\u00a0inspiradors i l\u2019oportunitat de formar part de la xarxa global\u00a0AWE\u00a0amb connexions a tot el m\u00f3n. Amb l\u2019objectiu de con\u00e8ixer m\u00e9s en detall els diferents projectes empresarials del programa, des de la revista \u201cF de Foment i Fepime\u201d us aproparem de primera m\u00e0 els perfils de les empres\u00e0ries que han format part de la segona edici\u00f3 de la Academy for Women Entrepreneurs a trav\u00e9s d\u2019entrevistes amb les diferents professionals. Avui parlem amb Olga Torras Consolaci\u00f3n, Fundadora i Directora de Digital a HAL Digital &amp; People. Quin projecte vas presentar per poder formar part del programa AWE? Vaig entrar al programa AWE amb HAL, una petita ag\u00e8ncia d\u2019estrat\u00e8gia digital. HAL va n\u00e9ixer de manera espont\u00e0nia, va arribar l\u2019oportunitat de fer un projecte just quan estava amb negociacions amb l\u2019empresa on treballava, ja que la divisi\u00f3 de Barcelona s\u2019havia venut i negociava el meu trasllat a Madrid o la sortida de la companyia. L\u2019oportunitat va venir al moment oport\u00fa. Vaig parlar [&hellip;]<\/p>\n","protected":false},"author":1,"featured_media":183573,"comment_status":"closed","ping_status":"closed","sticky":false,"template":"","format":"standard","meta":{"_links_to":"","_links_to_target":""},"categories":[8406],"tags":[5668],"acf":[],"wps_subtitle":"","_links":{"self":[{"href":"https:\/\/www.foment.com\/es\/wp-json\/wp\/v2\/posts\/183576"}],"collection":[{"href":"https:\/\/www.foment.com\/es\/wp-json\/wp\/v2\/posts"}],"about":[{"href":"https:\/\/www.foment.com\/es\/wp-json\/wp\/v2\/types\/post"}],"author":[{"embeddable":true,"href":"https:\/\/www.foment.com\/es\/wp-json\/wp\/v2\/users\/1"}],"replies":[{"embeddable":true,"href":"https:\/\/www.foment.com\/es\/wp-json\/wp\/v2\/comments?post=183576"}],"version-history":[{"count":2,"href":"https:\/\/www.foment.com\/es\/wp-json\/wp\/v2\/posts\/183576\/revisions"}],"predecessor-version":[{"id":183578,"href":"https:\/\/www.foment.com\/es\/wp-json\/wp\/v2\/posts\/183576\/revisions\/183578"}],"wp:featuredmedia":[{"embeddable":true,"href":"https:\/\/www.foment.com\/es\/wp-json\/wp\/v2\/media\/183573"}],"wp:attachment":[{"href":"https:\/\/www.foment.com\/es\/wp-json\/wp\/v2\/media?parent=183576"}],"wp:term":[{"taxonomy":"category","embeddable":true,"href":"https:\/\/www.foment.com\/es\/wp-json\/wp\/v2\/categories?post=183576"},{"taxonomy":"post_tag","embeddable":true,"href":"https:\/\/www.foment.com\/es\/wp-json\/wp\/v2\/tags?post=183576"}],"curies":[{"name":"wp","href":"https:\/\/api.w.org\/{rel}","templated":true}]}}