{"id":183682,"date":"2022-12-16T13:14:40","date_gmt":"2022-12-16T12:14:40","guid":{"rendered":"https:\/\/www.foment.com\/?p=183682"},"modified":"2024-05-19T13:14:55","modified_gmt":"2024-05-19T11:14:55","slug":"albert-merigo-el-que-diferencia-atlantida-travel-de-la-resta-dagencies-es-el-servei-personalitzat-per-a-cada-empresa-destinant-un-gestor-unic","status":"publish","type":"post","link":"https:\/\/www.foment.com\/es\/albert-merigo-el-que-diferencia-atlantida-travel-de-la-resta-dagencies-es-el-servei-personalitzat-per-a-cada-empresa-destinant-un-gestor-unic\/","title":{"rendered":"Albert Merig\u00f3: \u201cEl que diferencia Atlantida Travel de la resta d\u2019ag\u00e8ncies \u00e9s el servei personalitzat per a cada empresa destinant un gestor \u00fanic\u201d"},"content":{"rendered":"<p><a href=\"https:\/\/atlantidaviatges.com\/\">Atlantida Travel<\/a>, empresa s\u00f2cia de Foment del Treball, \u00e9s una ag\u00e8ncia de viatges que a part dels viatges de luxe, tamb\u00e9 ofereix viatges corporatius, molt focalitzats al client d\u2019empresa i amb un equip de grans professionals.<\/p>\n<p>Per saber-ne m\u00e9s detalls parlem amb\u00a0<strong>l\u2019Albert Merig\u00f3<\/strong>,\u00a0<strong>Director de l\u2019\u00c0rea Corporate<\/strong>\u00a0dins d\u2019Atlantida Travel.<\/p>\n<p><strong>Qu\u00e8 s\u2019ent\u00e9n exactament com a servei corporatiu ?<\/strong><\/p>\n<p>\u00c9s el servei que s\u2019ofereix a les empreses pels seus despla\u00e7aments i viatges per tal de desenvolupar la seva tasca di\u00e0ria (vols, trens, lloguers de cotxes, reserves d\u2019hotels\u2026) aix\u00ed com l\u2019organitzaci\u00f3 de reunions, esdeveniments, viatges d\u2019incentiu per a les empreses, etc.<\/p>\n<p><strong>Qu\u00e8 diferencia Atlantida Travel d\u2019altres ag\u00e8ncies dedicades a empreses?<\/strong><\/p>\n<p>Sens dubte, el que ens diferencia amb d\u2019altres ag\u00e8ncies \u00e9s el servei personalitzat per a cada empresa destinant un gestor \u00fanic.<\/p>\n<p>Atlantida Travel t\u00e9 una cartera de clients molt s\u00f2lida i fidel, valorant sobretot la part humana i professional que \u00e9s el que ens diferencia de la resta d\u2019ag\u00e8ncies. El nostre client no \u00e9s un n\u00famero i aix\u00f2 ho percep en el nostre tracte i atenci\u00f3.<\/p>\n<p><strong>Quants professionals formen Atlantida Travel Corporate?<\/strong><\/p>\n<p>Actualment estem creixent molt de pressa i el nostre departament est\u00e0 format per dos equips gestors de 14 persones,\u00a0 dues persones al departament de Facturaci\u00f3, la Directora Comercial i el Director de l\u2019\u00e0rea corporativa. En total som 18.<\/p>\n<p><strong>Despr\u00e9s de la pand\u00e8mia, ha canviat la forma de viatjar de les empreses ? Es confia m\u00e9s en la feina de les ag\u00e8ncies?<\/strong><\/p>\n<p>S\u00ed. La Covid-19 ha canviat molt la forma de viatjar.<\/p>\n<p>Durant la pand\u00e8mia, els viatgers d\u2019empresa que van confiar en els nostres serveis van estar atesos en tot moment per tal de tramitar els reemborsaments de viatges anul\u00b7lats, aix\u00ed com les repatriacions de viatgers als que els va agafar la pand\u00e8mia a una destinaci\u00f3.<\/p>\n<p>Una vegada es va anar desescalant els confinaments, les empreses van anar tornant a viatjar paulatinament amb l\u2019assessorament dels nostres professionals informant de les restriccions i requeriments de cada pa\u00eds.<\/p>\n<p>Efectivament, la pand\u00e8mia ha posat en valor la professionalitat de les ag\u00e8ncies de viatges corporatius. Algunes empreses que gestionaven directament els viatges han passat a sol\u00b7licitar-ho a\u00a0 ag\u00e8ncies de viatges per tenir m\u00e9s seguretat.<\/p>\n<p><strong>Quina \u00e9s la difer\u00e8ncia de treballar a trav\u00e9s d\u2019una ag\u00e8ncia corporate a no fer-ho ?\u00a0<\/strong><\/p>\n<p>Hi ha moltes difer\u00e8ncies. Assenyalem les m\u00e9s rellevants :<\/p>\n<ul>\n<li><strong>Professionalitat<\/strong>: els gestors d\u2019Atlantida Viatges Corporate s\u00f3n experts amb m\u00e9s de 15 anys d\u2019experi\u00e8ncia i saben assessorar i reservar les millors opcions per a cada viatge.<\/li>\n<li><strong>Rapidesa<\/strong>: els nostres agents de viatges donaran una r\u00e0pida resposta a la petici\u00f3 de l\u2019empresa.<\/li>\n<li><strong>Servei d\u2019emerg\u00e8ncies 24h<\/strong>: atenci\u00f3 fora de l\u2019horari d\u2019oficina per a que el passatger pugui sol\u00b7licitar un viatge urgent, fer canvis o b\u00e9 atendre\u00b4l per donar-li solucions des de qualsevol punt del m\u00f3n os es trobi.<\/li>\n<li><strong>Estalvi<\/strong>: les ag\u00e8ncies de viatges corporatives aporten estalvi a les empreses.<\/li>\n<\/ul>\n<p>Tot i que paguen un import pel servei (<em>fee<\/em>), aquest\u00a0<em>fee<\/em>\u00a0queda sobradament compensat en beneficiar-se dels nostres acords corporatius amb les companyies a\u00e8ries, hotels, companyies de lloguer de cotxe, companyies de ferrocarril, etc.<\/p>\n<p>A m\u00e9s, els oferim fer un estudi anual de les despeses de viatges amb propostes per a la reducci\u00f3 de les despeses, establint una pol\u00edtica de viatges que redueixi els preus mitjans d\u2019habitacions y bitllets de transport.<\/p>\n<ul>\n<li><strong>Facturaci\u00f3<\/strong>: les empreses reben les factures d\u2019Atlantida Viatges concentrant totes les despeses en un sol prove\u00efdor, el que facilita la comptabilitzaci\u00f3 i el desgravant d\u2019IVA.<\/li>\n<\/ul>\n<p><strong>S\u2019ha recuperat la celebraci\u00f3 d\u2019esdeveniments i reserves de grups?<\/strong><\/p>\n<p>S\u00ed. Aquest any 2022 ja s\u2019ha superat les vendes en esdeveniments i grups del 2019.<\/p>\n<p>Despr\u00e9s de 2 anys amb restriccions, les empreses han vist la necessitat de retrobar-se presencialment i han incrementat molt les reunions i esdeveniments.<\/p>\n<p><strong>Esteu satisfets de la recuperaci\u00f3 dels viatges o encara queda per recuperar els nivells prepand\u00e8mia?<\/strong><\/p>\n<p>Estem plenament satisfets. Aquest any superarem les vendes del 2019. Tant ha estat el \u201cboom\u201d en els viatges corporatius que hem hagut d\u2019ampliar l\u2019equip amb 3 persones.<\/p>\n","protected":false},"excerpt":{"rendered":"<p>Atlantida Travel, empresa s\u00f2cia de Foment del Treball, \u00e9s una ag\u00e8ncia de viatges que a part dels viatges de luxe, tamb\u00e9 ofereix viatges corporatius, molt focalitzats al client d\u2019empresa i amb un equip de grans professionals. Per saber-ne m\u00e9s detalls parlem amb\u00a0l\u2019Albert Merig\u00f3,\u00a0Director de l\u2019\u00c0rea Corporate\u00a0dins d\u2019Atlantida Travel. Qu\u00e8 s\u2019ent\u00e9n exactament com a servei corporatiu ? \u00c9s el servei que s\u2019ofereix a les empreses pels seus despla\u00e7aments i viatges per tal de desenvolupar la seva tasca di\u00e0ria (vols, trens, lloguers de cotxes, reserves d\u2019hotels\u2026) aix\u00ed com l\u2019organitzaci\u00f3 de reunions, esdeveniments, viatges d\u2019incentiu per a les empreses, etc. Qu\u00e8 diferencia Atlantida Travel d\u2019altres ag\u00e8ncies dedicades a empreses? Sens dubte, el que ens diferencia amb d\u2019altres ag\u00e8ncies \u00e9s el servei personalitzat per a cada empresa destinant un gestor \u00fanic. Atlantida Travel t\u00e9 una cartera de clients molt s\u00f2lida i fidel, valorant sobretot la part humana i professional que \u00e9s el que ens diferencia de la resta d\u2019ag\u00e8ncies. El nostre client no \u00e9s un n\u00famero i aix\u00f2 ho percep en el nostre tracte i atenci\u00f3. Quants professionals formen Atlantida Travel Corporate? Actualment estem creixent molt de pressa i el nostre departament est\u00e0 format per dos equips gestors de 14 persones,\u00a0 dues persones al [&hellip;]<\/p>\n","protected":false},"author":1,"featured_media":183673,"comment_status":"closed","ping_status":"closed","sticky":false,"template":"","format":"standard","meta":{"_links_to":"","_links_to_target":""},"categories":[8406],"tags":[8415],"acf":[],"wps_subtitle":"","_links":{"self":[{"href":"https:\/\/www.foment.com\/es\/wp-json\/wp\/v2\/posts\/183682"}],"collection":[{"href":"https:\/\/www.foment.com\/es\/wp-json\/wp\/v2\/posts"}],"about":[{"href":"https:\/\/www.foment.com\/es\/wp-json\/wp\/v2\/types\/post"}],"author":[{"embeddable":true,"href":"https:\/\/www.foment.com\/es\/wp-json\/wp\/v2\/users\/1"}],"replies":[{"embeddable":true,"href":"https:\/\/www.foment.com\/es\/wp-json\/wp\/v2\/comments?post=183682"}],"version-history":[{"count":2,"href":"https:\/\/www.foment.com\/es\/wp-json\/wp\/v2\/posts\/183682\/revisions"}],"predecessor-version":[{"id":183684,"href":"https:\/\/www.foment.com\/es\/wp-json\/wp\/v2\/posts\/183682\/revisions\/183684"}],"wp:featuredmedia":[{"embeddable":true,"href":"https:\/\/www.foment.com\/es\/wp-json\/wp\/v2\/media\/183673"}],"wp:attachment":[{"href":"https:\/\/www.foment.com\/es\/wp-json\/wp\/v2\/media?parent=183682"}],"wp:term":[{"taxonomy":"category","embeddable":true,"href":"https:\/\/www.foment.com\/es\/wp-json\/wp\/v2\/categories?post=183682"},{"taxonomy":"post_tag","embeddable":true,"href":"https:\/\/www.foment.com\/es\/wp-json\/wp\/v2\/tags?post=183682"}],"curies":[{"name":"wp","href":"https:\/\/api.w.org\/{rel}","templated":true}]}}