{"id":183746,"date":"2022-10-28T13:29:10","date_gmt":"2022-10-28T11:29:10","guid":{"rendered":"https:\/\/www.foment.com\/?p=183746"},"modified":"2024-05-19T13:29:26","modified_gmt":"2024-05-19T11:29:26","slug":"merce-escofet-creatio4consulting-els-public-affairs-constitueixen-un-dels-actius-intangibles-mes-importants-duna-empresa-com-tambe-ho-son-la-comunicacio-i-la-marca","status":"publish","type":"post","link":"https:\/\/www.foment.com\/es\/merce-escofet-creatio4consulting-els-public-affairs-constitueixen-un-dels-actius-intangibles-mes-importants-duna-empresa-com-tambe-ho-son-la-comunicacio-i-la-marca\/","title":{"rendered":"Merc\u00e8 Escofet (Creatio4Consulting): \u201cEls public affairs constitueixen un dels actius intangibles m\u00e9s importants d\u2019una empresa, com tamb\u00e9 ho s\u00f3n la comunicaci\u00f3 i la marca\u201d"},"content":{"rendered":"<p>Academy for Women Entrepreneurs (AWE) \u00e9s un programa de Foment del Treball, el Departament d\u2019Estat d\u2019Estats Units i el Consolat Americ\u00e0 en el qual han pogut participar 30 dones emprenedores. L\u2019AWE consta de 4 eixos: formaci\u00f3 en l\u00ednia per part de l\u2019Escola de negocis Thunderbird de la Universitat d\u2019Arizona, Masterclasses presencials, tours inspiradors i l\u2019oportunitat de formar part de la xarxa global AWE amb connexions a tot el m\u00f3n.<\/p>\n<p>Amb l\u2019objectiu de con\u00e8ixer m\u00e9s en detall els diferents projectes empresarials del programa, des de la revista \u201cF de Foment i Fepime\u201d us aproparem de primera m\u00e0 els perfils de les empres\u00e0ries que han format part de la segona edici\u00f3 de la Academy for Women Entrepreneurs a trav\u00e9s d\u2019entrevistes amb les diferents professionals.<\/p>\n<p>Avui parlem amb\u00a0<strong>Merc\u00e8 Escofet, CEO de Creatio4Consulting.<\/strong><\/p>\n<p><strong>Quin projecte vas presentar per poder formar part del programa AWE?<\/strong><\/p>\n<p>Creatio4consulting va n\u00e9ixer a finals de 2020 en plena pand\u00e8mia i amb la idea d\u2019ajudar a les petites i mitjanes empreses en\u00a0<em>public affairs<\/em>\u00a0i relacions institucionals. Vaig veureu la convocat\u00f2ria del programa AWE per internet i em vaig animar a presentar-me per l\u2019oportunitat a nivell professional i personal que em suposaria i vaig tenir l\u2019honor de ser una de les seleccionades.<\/p>\n<p>Creatio4consulting t\u00e9 l\u2019objectiu d\u2019ajudar a les empreses a prendre decisions estrat\u00e8giques perqu\u00e8 siguin m\u00e9s competitives dins d\u2019entorns canviants i incerts, \u00e9s a dir, que no perdin oportunitats pel seu negoci i per cr\u00e9ixer. Col\u00b7laborem amb ells perqu\u00e8 les executin amb \u00e8xit de manera que puguin aconseguir els seus reptes empresarials i augmentar el seu prestigi.<\/p>\n<p>A Catalunya i Espanya el lobby no \u00e9s una figura \u00a0tan \u00a0madura i consolidada com als EUA\u00a0 o Gran Bretanya. \u00c9s veritat que en els darrers anys les empreses s\u00f3n cada vegada m\u00e9s conscients de la necessitat de gestionar les seves relacions amb l\u2019\u00e0mbit pol\u00edtic i institucional i participar activament en els processos legislatius, malgrat aix\u00f2, encara queda molt cam\u00ed per rec\u00f3rrer.<\/p>\n<p>Els\u00a0<em>public affairs<\/em>\u00a0constitueixen un dels actius intangibles m\u00e9s importants d\u2019una empresa, com tamb\u00e9 ho s\u00f3n la comunicaci\u00f3 i la marca. La seva gesti\u00f3 cobra cada vegada m\u00e9s import\u00e0ncia, a causa de l\u2019impacte que generen en la creaci\u00f3 de valor a mitj\u00e0-llarg termini, a trav\u00e9s de la reputaci\u00f3 i la confian\u00e7a, i a la contribuci\u00f3 al desenvolupament de relacions corporatives alineades amb tots els seus\u00a0<em>stakeholders<\/em>.<\/p>\n<p><strong>Dels quatre eixos del programa, quin \u00e9s el que m\u00e9s t\u2019ha ajudat a tirar endavant el teu projecte?<\/strong><\/p>\n<p>Els quatre eixos del programa s\u2019ha complementat entre si; per\u00f2 a mi m\u2019agradaria destacar diferents sessions del programa que s\u00f3n les que m\u00e9s m\u2019han aportat: la comunicaci\u00f3 i startups; la planificaci\u00f3 estrat\u00e8gica i el Canvas. Dit aix\u00f2, vull senyalar que el ha estat un luxe poder gaudir dels totes i tots els ponents de gran nivell que hem tingut, aprendre de les seves experi\u00e8ncies i escoltar els seus consells.<\/p>\n<p>Per a mi el model Canvas que consisteix a representar gr\u00e0ficament els aspectes claus d\u2019un negoci m\u2019ha ajudat a treballar de manera visual i entendre la globalitat d\u2019un cop d\u2019ull.<\/p>\n<p><strong>Com t\u2019ha ajudat Foment a fer cr\u00e9ixer la teva idea\/projecte?<\/strong><\/p>\n<p>Ha estat un privilegi i una sort poder participar al programa AWE. A m\u00e9s del\u00a0<em>networking<\/em>\u00a0i de compartir inquietuds, pors, \u00e8xits amb les altres dones emprenedores (millors companyes de viatge, impossible), personalment m\u2019ha ajudat a reflexionar sobre la meva empresa: sobre on estic, com he arribat aqu\u00ed i on vull arribar.<\/p>\n<p>En aquesta formaci\u00f3 empresarial he apr\u00e8s a ser m\u00e9s pr\u00e0ctica per a fer cr\u00e9ixer Creatio4consulting i potenciar\/desenvolupar certes habilitats en l\u2019\u00e0mbit empresarial. Vull donar les gr\u00e0cies de nou a Foment del Treball, en especial a Maria Mora, i al Consultat d\u2019EUA a Barcelona, perqu\u00e8 sense el seu comprom\u00eds ferm amb l\u2019emprenedoria i les dones, res d\u2019aix\u00f2 seria una realitat.<\/p>\n<p><strong>Quins s\u00f3n els reptes de futur m\u00e9s immediats per al teu projecte?<\/strong><\/p>\n<p>Els meus reptes de futur s\u00f3n consolidar Creatio4consulting i fer-la cr\u00e9ixer. \u00a0\u00c9s imprescindible ser conscients que en aquests moments el sector del\u00a0<em>publics affairs<\/em>\u00a0s\u2019enfronta a l\u2019impacte de la guerra d\u2019Ucra\u00efna i del COVID-19 en la reputaci\u00f3 corporativa, la gesti\u00f3 de normatives relacionades amb la sostenibilitat empresarial i la diversitat, igualtat i inclusi\u00f3. Reptes als que tamb\u00e9 s\u2019enfronta tota empresa; aix\u00ed que des de Cretio4consulting estem per sumar forces i ajudar-les.<\/p>\n<p><strong>Quines aportacions realitza Creatio4consuting dins del m\u00f3n jur\u00eddic als emprenedors?<\/strong><\/p>\n<p>A Creatio4consulting com a\u00a0<em>law firm<\/em>\u00a0els serveis m\u00e9s demandats en els darrers mesos han estat el\u00a0<em>compliance penal<\/em>, les ajudes europees, les licitacions, subvencions i els plans d\u2019igualtat. En aquest darrer servei, els plans d\u2019igualtat, malauradament, les dones encara ens trobem entre el terra enganx\u00f3s i el sostre de vidre i patim una discriminaci\u00f3 que s\u2019expressa de moltes maneres: en sous m\u00e9s baixos, gran concentraci\u00f3 de treballs feminitzats, poca pres\u00e8ncia femenina en llocs de direcci\u00f3\u2026 Per aix\u00f2, a nivell de societat encara tenim deures per a que la dona no pateixi desigualtat de g\u00e8nere al mercat laboral.<\/p>\n","protected":false},"excerpt":{"rendered":"<p>Academy for Women Entrepreneurs (AWE) \u00e9s un programa de Foment del Treball, el Departament d\u2019Estat d\u2019Estats Units i el Consolat Americ\u00e0 en el qual han pogut participar 30 dones emprenedores. L\u2019AWE consta de 4 eixos: formaci\u00f3 en l\u00ednia per part de l\u2019Escola de negocis Thunderbird de la Universitat d\u2019Arizona, Masterclasses presencials, tours inspiradors i l\u2019oportunitat de formar part de la xarxa global AWE amb connexions a tot el m\u00f3n. Amb l\u2019objectiu de con\u00e8ixer m\u00e9s en detall els diferents projectes empresarials del programa, des de la revista \u201cF de Foment i Fepime\u201d us aproparem de primera m\u00e0 els perfils de les empres\u00e0ries que han format part de la segona edici\u00f3 de la Academy for Women Entrepreneurs a trav\u00e9s d\u2019entrevistes amb les diferents professionals. Avui parlem amb\u00a0Merc\u00e8 Escofet, CEO de Creatio4Consulting. Quin projecte vas presentar per poder formar part del programa AWE? Creatio4consulting va n\u00e9ixer a finals de 2020 en plena pand\u00e8mia i amb la idea d\u2019ajudar a les petites i mitjanes empreses en\u00a0public affairs\u00a0i relacions institucionals. Vaig veureu la convocat\u00f2ria del programa AWE per internet i em vaig animar a presentar-me per l\u2019oportunitat a nivell professional i personal que em suposaria i vaig tenir l\u2019honor de ser una de les seleccionades. [&hellip;]<\/p>\n","protected":false},"author":1,"featured_media":183743,"comment_status":"closed","ping_status":"closed","sticky":false,"template":"","format":"standard","meta":{"_links_to":"","_links_to_target":""},"categories":[8406],"tags":[5668],"acf":[],"wps_subtitle":"","_links":{"self":[{"href":"https:\/\/www.foment.com\/es\/wp-json\/wp\/v2\/posts\/183746"}],"collection":[{"href":"https:\/\/www.foment.com\/es\/wp-json\/wp\/v2\/posts"}],"about":[{"href":"https:\/\/www.foment.com\/es\/wp-json\/wp\/v2\/types\/post"}],"author":[{"embeddable":true,"href":"https:\/\/www.foment.com\/es\/wp-json\/wp\/v2\/users\/1"}],"replies":[{"embeddable":true,"href":"https:\/\/www.foment.com\/es\/wp-json\/wp\/v2\/comments?post=183746"}],"version-history":[{"count":2,"href":"https:\/\/www.foment.com\/es\/wp-json\/wp\/v2\/posts\/183746\/revisions"}],"predecessor-version":[{"id":183748,"href":"https:\/\/www.foment.com\/es\/wp-json\/wp\/v2\/posts\/183746\/revisions\/183748"}],"wp:featuredmedia":[{"embeddable":true,"href":"https:\/\/www.foment.com\/es\/wp-json\/wp\/v2\/media\/183743"}],"wp:attachment":[{"href":"https:\/\/www.foment.com\/es\/wp-json\/wp\/v2\/media?parent=183746"}],"wp:term":[{"taxonomy":"category","embeddable":true,"href":"https:\/\/www.foment.com\/es\/wp-json\/wp\/v2\/categories?post=183746"},{"taxonomy":"post_tag","embeddable":true,"href":"https:\/\/www.foment.com\/es\/wp-json\/wp\/v2\/tags?post=183746"}],"curies":[{"name":"wp","href":"https:\/\/api.w.org\/{rel}","templated":true}]}}