{"id":183997,"date":"2024-05-23T08:50:32","date_gmt":"2024-05-23T06:50:32","guid":{"rendered":"https:\/\/www.foment.com\/?p=183997"},"modified":"2024-05-22T16:33:40","modified_gmt":"2024-05-22T14:33:40","slug":"patronales-consell-territorial-pime-preocupadas-robos-constantes-cobre-industrias-catalanas","status":"publish","type":"post","link":"https:\/\/www.foment.com\/es\/patronales-consell-territorial-pime-preocupadas-robos-constantes-cobre-industrias-catalanas\/","title":{"rendered":"Las patronales del Consell Territorial de la Pime preocupadas por los robos constantes de cobre a las industrias catalanas"},"content":{"rendered":"<section class=\"wpb-content-wrapper\"><p>[vc_row][vc_column width=\u00bb1\/1&#8243;][vc_column_text]<\/p>\n<ul>\n<li>Los robos de cableado de cobre no solo suponen un coste directo por la sustituci\u00f3n del material robado, sino que tambi\u00e9n provocan da\u00f1os colaterales que pueden ser devastadores para las empresas<\/li>\n<li>Pan\u00e9s: \u201cDesde el CTP hacemos un llamamiento a las autoridades locales y a las fuerzas de seguridad para intensificar los esfuerzos en la prevenci\u00f3n y la persecuci\u00f3n de estos delitos\u201d<\/li>\n<\/ul>\n<p>En los \u00faltimos meses, diferentes <strong>industrias catalanas han denunciado a las organizaciones territoriales que est\u00e1n sufriendo un alarmante crecimiento del n\u00famero de robos de<\/strong> cableado de cobre que utilizan para sus procesos productivos, o bien para su desarrollo interno. Esta situaci\u00f3n est\u00e1 generando <strong>graves consecuencias para las empresas<\/strong>, que se ven afectadas por la interrupci\u00f3n en la prestaci\u00f3n de sus servicios y por las p\u00e9rdidas econ\u00f3micas derivadas.<\/p>\n<p>Los robos de cableado de cobre no solo suponen un <strong>coste directo por la sustituci\u00f3n del material robado<\/strong>, sino que tambi\u00e9n provocan da\u00f1os colaterales que pueden ser devastadores para las empresas. La <strong>interrupci\u00f3n de las comunicaciones, la paralizaci\u00f3n de procesos productivos y los retrasos en las entregas<\/strong> son solo algunas de las repercusiones inmediatas que est\u00e1 sufriendo nuestro empresariado.<\/p>\n<p><strong>Esta problem\u00e1tica afecta gravemente la competitividad y la sostenibilidad de las empresas locales<\/strong>, que se ven obligadas a invertir recursos adicionales para garantizar la seguridad de sus instalaciones.<\/p>\n<p>Ante esta situaci\u00f3n, <strong>\u201cdesde el Consell Territorial de la Pime (CTP) hacemos un llamamiento a las autoridades locales y a las fuerzas de seguridad para intensificar los esfuerzos en la prevenci\u00f3n y la persecuci\u00f3n de estos delitos\u201d<\/strong>, reclama Xavier Pan\u00e9s, presidente del CTP quien tambi\u00e9n insta a la colaboraci\u00f3n ciudadana para denunciar cualquier actividad sospechosa que pueda estar relacionada con el robo de cableado de cobre.<\/p>\n<p>Las empresas afectadas no podr\u00e1n continuar soportando, sine die, estas p\u00e9rdidas que ponen en riesgo su viabilidad, la ocupaci\u00f3n de sus plantillas y, en definitiva, la de toda la econom\u00eda local. <strong>\u201cHay que recordar que nuestra industria, que contin\u00faa liderando el sector a nivel estatal, tiene dimensi\u00f3n pyme, y para ser m\u00e1s preciso, tienen de media una plantilla de trece trabajadores, por lo tanto, podemos hacernos una idea del gran impacto que tiene por estas empresas tener que parar su producci\u00f3n durante unos d\u00edas\u201d<\/strong>, concluye Pan\u00e9s.<\/p>\n<p>El CTP considera <strong>imprescindible que se tomen medidas urgentes<\/strong> para proteger nuestros activos y garantizar un entorno seguro y estable para el desarrollo de la actividad empresarial.<\/p>\n<p><span style=\"color: #d2112d;\"><strong>Sobre el Consell Territorial de la Pime de Foment<\/strong><\/span><\/p>\n<p>El <a href=\"https:\/\/www.foment.com\/socis\/son-socis-de-foment\/organitzacions-territorials\/\">Consell Territorial de la Pime de Foment<\/a> est\u00e1 compuesto por las organizaciones territoriales de Catalu\u00f1a, organizaciones que han nacido como iniciativa de los empresarios y las empresarias de cada territorio y que democr\u00e1ticamente han escogido sus representantes y \u00f3rganos de gobierno con el fin de trabajar por la defensa de sus intereses, especialmente los de las m\u00e1s peque\u00f1as. Un referente empresarial de proximidad para las empresas catalanas formado por los interlocutores econ\u00f3micos con las administraciones, para promover el desarrollo econ\u00f3mico y humano de cada territorio.<\/p>\n<p>Con la fuerza de las organizaciones territoriales de Foment del Treball, este Consell trabaja para generar red para el crecimiento del tejido empresarial catal\u00e1n.<\/p>\n<ul>\n<li>AGRUPACI\u00d3 INDUSTRIAL DEL BAIX VALLES (AIBV)<\/li>\n<li>ASOCIACI\u00d3 EMPRESARIAL de L\u2019HOSPITALET I BAIX LLOBREGAT (AEBALL)<\/li>\n<li>ASSOCIACI\u00d3 COMARCAL EMPRESARIS DEL BERGUED\u00c0 (ACEB)<\/li>\n<li>ASSOCIACI\u00d3 D\u2019EMPRESARIS DE MANLLEU (AEM)<\/li>\n<li>ASSOCIACI\u00d3 EMPRESARIAL COMARQUES DE L\u2019EBRE (AECE)<\/li>\n<li>CECOT<\/li>\n<li>CONFEDERACI\u00d3 EMPRESARIAL DE BARCELONA (CEB)<\/li>\n<li>CONFEDERACI\u00d3 EMPRESARIAL PROVINCIA DE TARRAGONA (CEPTA)<\/li>\n<li>CONFEDERACI\u00d3 D\u2019ORGANITZACIONS EMPRESARIALS DE LLEIDA (COELL)<\/li>\n<li>CONSELL EMPRESARIAL D\u2019OSONA (CEDOSONA)<\/li>\n<li>CONSELL INTERSECTORIAL EMPRESARIS SABADELL I COMARCA (CIESC)<\/li>\n<li>FEDERACI\u00d3 D\u2019ASSOCIACIONS I GREMIS EMPRESARIALS DEL MARESME (FAGEM)<\/li>\n<li>FEDERACI\u00d3 D\u2019ORGANITZACIONS EMPRESARIALS DE GIRONA (FOEG)<\/li>\n<li>FEDERACI\u00d3 EMPRESARIAL DEL GRAN PENEDES (FEGP)<\/li>\n<li>FEDERACI\u00d3 PROVINCIAL D\u2019EMPRESARIS DE COMER\u00c7 DE LLEIDA (FECOM)<\/li>\n<li>UNI\u00d3 EMPRESARIAL DE L\u2019ANOIA (UEA)<\/li>\n<li>UNI\u00d3 EMPRESARIAL INTERSECTORIAL \u2013 CERCLE D\u2019EMPRESARIS (UEI)<\/li>\n<li>UNI\u00d3 INTERSECTORIAL D\u2019EMPRESARIS DE LA GARROTXA (UIEG)<\/li>\n<li>UNI\u00d3 INTERSECTORIAL EMPRESARIAL DEL RIPOLLES (UIER)<\/li>\n<\/ul>\n<p>[\/vc_column_text][\/vc_column][\/vc_row]<\/p>\n<\/section>","protected":false},"excerpt":{"rendered":"<p>[vc_row][vc_column width=\u00bb1\/1&#8243;][vc_column_text] Los robos de cableado de cobre no solo suponen un coste directo por la sustituci\u00f3n del material robado, sino que tambi\u00e9n provocan da\u00f1os colaterales que pueden ser devastadores para las empresas Pan\u00e9s: \u201cDesde el CTP hacemos un llamamiento a las autoridades locales y a las fuerzas de seguridad para intensificar los esfuerzos en la prevenci\u00f3n y la persecuci\u00f3n de estos delitos\u201d En los \u00faltimos meses, diferentes industrias catalanas han denunciado a las organizaciones territoriales que est\u00e1n sufriendo un alarmante crecimiento del n\u00famero de robos de cableado de cobre que utilizan para sus procesos productivos, o bien para su desarrollo interno. Esta situaci\u00f3n est\u00e1 generando graves consecuencias para las empresas, que se ven afectadas por la interrupci\u00f3n en la prestaci\u00f3n de sus servicios y por las p\u00e9rdidas econ\u00f3micas derivadas. Los robos de cableado de cobre no solo suponen un coste directo por la sustituci\u00f3n del material robado, sino que tambi\u00e9n provocan da\u00f1os colaterales que pueden ser devastadores para las empresas. La interrupci\u00f3n de las comunicaciones, la paralizaci\u00f3n de procesos productivos y los retrasos en las entregas son solo algunas de las repercusiones inmediatas que est\u00e1 sufriendo nuestro empresariado. Esta problem\u00e1tica afecta gravemente la competitividad y la sostenibilidad de las [&hellip;]<\/p>\n","protected":false},"author":284,"featured_media":184015,"comment_status":"closed","ping_status":"closed","sticky":false,"template":"","format":"standard","meta":{"_links_to":"","_links_to_target":""},"categories":[68,5714,8189],"tags":[],"acf":[],"wps_subtitle":"","_links":{"self":[{"href":"https:\/\/www.foment.com\/es\/wp-json\/wp\/v2\/posts\/183997"}],"collection":[{"href":"https:\/\/www.foment.com\/es\/wp-json\/wp\/v2\/posts"}],"about":[{"href":"https:\/\/www.foment.com\/es\/wp-json\/wp\/v2\/types\/post"}],"author":[{"embeddable":true,"href":"https:\/\/www.foment.com\/es\/wp-json\/wp\/v2\/users\/284"}],"replies":[{"embeddable":true,"href":"https:\/\/www.foment.com\/es\/wp-json\/wp\/v2\/comments?post=183997"}],"version-history":[{"count":3,"href":"https:\/\/www.foment.com\/es\/wp-json\/wp\/v2\/posts\/183997\/revisions"}],"predecessor-version":[{"id":184002,"href":"https:\/\/www.foment.com\/es\/wp-json\/wp\/v2\/posts\/183997\/revisions\/184002"}],"wp:featuredmedia":[{"embeddable":true,"href":"https:\/\/www.foment.com\/es\/wp-json\/wp\/v2\/media\/184015"}],"wp:attachment":[{"href":"https:\/\/www.foment.com\/es\/wp-json\/wp\/v2\/media?parent=183997"}],"wp:term":[{"taxonomy":"category","embeddable":true,"href":"https:\/\/www.foment.com\/es\/wp-json\/wp\/v2\/categories?post=183997"},{"taxonomy":"post_tag","embeddable":true,"href":"https:\/\/www.foment.com\/es\/wp-json\/wp\/v2\/tags?post=183997"}],"curies":[{"name":"wp","href":"https:\/\/api.w.org\/{rel}","templated":true}]}}