{"id":184283,"date":"2024-05-29T17:05:53","date_gmt":"2024-05-29T15:05:53","guid":{"rendered":"https:\/\/www.foment.com\/?p=184283"},"modified":"2024-05-29T17:05:53","modified_gmt":"2024-05-29T15:05:53","slug":"jornada-de-prl-elevando-el-nivel-de-seguridad","status":"publish","type":"post","link":"https:\/\/www.foment.com\/es\/jornada-de-prl-elevando-el-nivel-de-seguridad\/","title":{"rendered":"Jornada de PRL. Elevando el nivel de seguridad"},"content":{"rendered":"<section class=\"wpb-content-wrapper\"><p>[vc_row][vc_column][vc_single_image image=\u00bb180397&#8243; img_size=\u00bblarge\u00bb alignment=\u00bbcenter\u00bb][vc_column_text]<\/p>\n<p style=\"text-align: justify;\">La sustituci\u00f3n de las escaleras de mano por plataformas de trabajo de poca altura puede ser una alternativa \u00f3ptima. Esta medida no solo permite cumplir con la normativa vigente y prevenir accidentes laborales por ca\u00eddas, sino que tambi\u00e9n contribuye a mejorar las condiciones ergon\u00f3micas del trabajo. Adem\u00e1s, esta transici\u00f3n hacia m\u00e9todos m\u00e1s seguros impactar\u00e1 positivamente en el rendimiento, los tiempos de trabajo y la productividad de los empleados.<\/p>\n<p style=\"text-align: justify;\">Durante la jornada se contextualiz\u00f3 y analiz\u00f3 la situaci\u00f3n actual de los accidentes laborales por ca\u00eddas en altura. Se destacaron las ventajas preventivas de reemplazar las escaleras de mano por plataformas de poca altura y se especificaron los requisitos para la formaci\u00f3n adecuada para los operadores, as\u00ed como los aspectos relacionados con el mantenimiento, las revisiones y las inspecciones de las plataformas elevadoras m\u00f3viles de personal.<\/p>\n<p>[\/vc_column_text][\/vc_column][\/vc_row][vc_row top_padding=\u00bb20&#8243;][vc_column width=\u00bb1\/1&#8243;][vc_column_text]<\/p>\n<h1><span style=\"color: #d2112d;\">V\u00eddeo de la jornada<\/span><\/h1>\n<p>[\/vc_column_text][vc_video link=\u00bbhttps:\/\/www.youtube.com\/watch?v=4gIEvd2N9Pg\u00bb align=\u00bbcenter\u00bb][\/vc_column][\/vc_row][vc_row top_padding=\u00bb40&#8243;][vc_column width=\u00bb1\/1&#8243;][vc_column_text]<\/p>\n<h1><span style=\"color: #d2112d;\">Documentaci\u00f3n de la jornada<\/span><\/h1>\n<p>[\/vc_column_text][\/vc_column][\/vc_row][vc_row top_padding=\u00bb20&#8243;][vc_column width=\u00bb1\/3&#8243;][vc_column_text]<\/p>\n<h3>Programa<\/h3>\n<p>Programa de la jornada.<br \/>\nElevando el nivel de seguridad. Sustituci\u00f3n de las escaleras manuales por plataformas elevadoras de poca altura.[\/vc_column_text]<a href=\"https:\/\/fomentdeltreball.sharepoint.com\/:b:\/g\/EX6H0l_C9FZBqVEJD0r0H74B2xwoi2GdDAUcbp_7Af-8Jg?e=SPuCSC\" target=\"_self\" class=\"button color-2 medium \" style=\"border-radius: 2px;\">Descargar<\/a>[\/vc_column][vc_column width=\u00bb1\/3&#8243;][vc_column_text]<\/p>\n<h3>Ponencia<\/h3>\n<p>Sr. Jordi Mauli\u00f3n.<br \/>\nContextualizaci\u00f3n y situaci\u00f3n actual de los accidentes de trabajo por ca\u00edda en altura.[\/vc_column_text]<a href=\"https:\/\/www.foment.com\/wp-content\/uploads\/2024\/05\/PonenciaPRL_pemp1.pdf\" target=\"_self\" class=\"button color-2 medium \" style=\"border-radius: 2px;\">Descargar<\/a>[\/vc_column][vc_column width=\u00bb1\/3&#8243;][vc_column_text]<\/p>\n<h3>Ponencia<\/h3>\n<p>Sr. Ram\u00f3n Santamar\u00eda y Sra. Gemma Grau.<br \/>\nVentajas preventivas de sustituir el uso de escaleras de mano por plataformas de poca altura.[\/vc_column_text]<a href=\"https:\/\/www.foment.com\/wp-content\/uploads\/2024\/05\/PonenciaPRL_pemp2.pdf\" target=\"_self\" class=\"button color-2 medium \" style=\"border-radius: 2px;\">Descargar<\/a>[\/vc_column][\/vc_row][vc_row top_padding=\u00bb20&#8243;][vc_column width=\u00bb1\/3&#8243;][vc_column_text]<\/p>\n<h3>Ponencia<\/h3>\n<p>Sr. Abel Florensa.<br \/>\nFormaci\u00f3n adecuada para el operador de plataformas elevadoras m\u00f3viles de personal.[\/vc_column_text]<a href=\"https:\/\/www.foment.com\/wp-content\/uploads\/2024\/05\/PonenciaPRL_pemp3.pdf\" target=\"_self\" class=\"button color-2 medium \" style=\"border-radius: 2px;\">Descargar<\/a>[\/vc_column][vc_column width=\u00bb1\/3&#8243;][vc_column_text]<\/p>\n<h3>Ponencia<\/h3>\n<p>Sr. Luis Fern\u00e1ndez.<br \/>\nMantenimiento, revisiones e inspecciones de las plataformas elevadoras m\u00f3viles de personal.[\/vc_column_text]<a href=\"https:\/\/www.foment.com\/wp-content\/uploads\/2024\/05\/PonenciaPRL_pemp4.pdf\" target=\"_self\" class=\"button color-2 medium \" style=\"border-radius: 2px;\">Descargar<\/a>[\/vc_column][vc_column width=\u00bb1\/3&#8243;][vc_column_text]<\/p>\n<h3>Ponencia<\/h3>\n<p>Sra. Pilar Carrascosa.<br \/>\nExperiencia pr\u00e1ctica Grupo Construc\u00eda. Cambio de m\u00e9todo de trabajo para elevar el nivel de seguridad.[\/vc_column_text]<a href=\"https:\/\/www.foment.com\/wp-content\/uploads\/2024\/05\/PonenciaPRL_pemp5.pdf\" target=\"_self\" class=\"button color-2 medium \" style=\"border-radius: 2px;\">Descargar<\/a>[\/vc_column][\/vc_row][vc_row top_padding=\u00bb40&#8243;][vc_column width=\u00bb1\/1&#8243;][vc_column_text]<\/p>\n<h1><span style=\"color: #d2112d;\">Documentaci\u00f3n relacionada<\/span><\/h1>\n<p>[\/vc_column_text][\/vc_column][\/vc_row][vc_row top_padding=\u00bb20&#8243;][vc_column width=\u00bb2\/3&#8243;][vc_column_text]<\/p>\n<h3>Evitamos los accidentes laborales por ca\u00edda de altura<\/h3>\n<p style=\"text-align: justify;\">El Departament d\u2019Empresa i Treball de la Generalitat de Catalunya ha puesto en marcha la campa\u00f1a \u00abEvitemos los accidentes laborales por ca\u00edda de altura\u00bb. Esta campa\u00f1a se compone de v\u00eddeos y gu\u00edas dirigidas a todos los agentes que intervienen en los trabajos en altura. Los materiales facilitan informaci\u00f3n para identificar las situaciones de riesgo, establecen los procedimientos y medios m\u00e1s adecuados, as\u00ed como el tipo de informaci\u00f3n que se debe facilitar a las personas trabajadoras para garantizar su protecci\u00f3n frente al riesgo por ca\u00edda de altura.<\/p>\n<p>[\/vc_column_text][\/vc_column][vc_column text_align=\u00bbcenter\u00bb width=\u00bb1\/3&#8243;][vc_single_image image=\u00bb163574&#8243; alignment=\u00bbcenter\u00bb]<a href=\"https:\/\/treball.gencat.cat\/ca\/ambits\/seguretat_i_salut_laboral\/riscos_i_condicions_treball\/mesures_per_risc\/caiguda-altura\/index.html\" target=\"_self\" class=\"button color-2 medium \" style=\"border-radius: 2px;\">Descargar<\/a>[\/vc_column][\/vc_row][vc_row top_padding=\u00bb60&#8243;][vc_column width=\u00bb2\/3&#8243;][vc_column_text]<\/p>\n<h3>Ideas Clave<\/h3>\n<p style=\"text-align: justify;\">Esta infograf\u00eda es una representaci\u00f3n visual que resume las principales ideas y conceptos expuestos durante el transcurso de la jornada. El contenido del documento ofrece una s\u00edntesis del contenido presentado, destacando las ideas m\u00e1s relevantes y destilando la informaci\u00f3n clave para conseguir una comprensi\u00f3n r\u00e1pida y efectiva de los temas tratados durante el acto.<\/p>\n<p>[\/vc_column_text][\/vc_column][vc_column text_align=\u00bbcenter\u00bb width=\u00bb1\/3&#8243;][vc_single_image image=\u00bb184296&#8243; alignment=\u00bbcenter\u00bb]<a href=\"https:\/\/www.foment.com\/wp-content\/uploads\/2024\/05\/IDEAS-CLAVE_pemp_esp.pdf\" target=\"_self\" class=\"button color-2 medium \" style=\"border-radius: 2px;\">Descargar<\/a>[\/vc_column][\/vc_row]<\/p>\n<\/section>","protected":false},"excerpt":{"rendered":"<p>[vc_row][vc_column][vc_single_image image=\u00bb180397&#8243; img_size=\u00bblarge\u00bb alignment=\u00bbcenter\u00bb][vc_column_text] La sustituci\u00f3n de las escaleras de mano por plataformas de trabajo de poca altura puede ser una alternativa \u00f3ptima. Esta medida no solo permite cumplir con la normativa vigente y prevenir accidentes laborales por ca\u00eddas, sino que tambi\u00e9n contribuye a mejorar las condiciones ergon\u00f3micas del trabajo. Adem\u00e1s, esta transici\u00f3n hacia m\u00e9todos m\u00e1s seguros impactar\u00e1 positivamente en el rendimiento, los tiempos de trabajo y la productividad de los empleados. Durante la jornada se contextualiz\u00f3 y analiz\u00f3 la situaci\u00f3n actual de los accidentes laborales por ca\u00eddas en altura. Se destacaron las ventajas preventivas de reemplazar las escaleras de mano por plataformas de poca altura y se especificaron los requisitos para la formaci\u00f3n adecuada para los operadores, as\u00ed como los aspectos relacionados con el mantenimiento, las revisiones y las inspecciones de las plataformas elevadoras m\u00f3viles de personal. [\/vc_column_text][\/vc_column][\/vc_row][vc_row top_padding=\u00bb20&#8243;][vc_column width=\u00bb1\/1&#8243;][vc_column_text] V\u00eddeo de la jornada [\/vc_column_text][vc_video link=\u00bbhttps:\/\/www.youtube.com\/watch?v=4gIEvd2N9Pg\u00bb align=\u00bbcenter\u00bb][\/vc_column][\/vc_row][vc_row top_padding=\u00bb40&#8243;][vc_column width=\u00bb1\/1&#8243;][vc_column_text] Documentaci\u00f3n de la jornada [\/vc_column_text][\/vc_column][\/vc_row][vc_row top_padding=\u00bb20&#8243;][vc_column width=\u00bb1\/3&#8243;][vc_column_text] Programa Programa de la jornada. Elevando el nivel de seguridad. Sustituci\u00f3n de las escaleras manuales por plataformas elevadoras de poca altura.[\/vc_column_text][\/vc_column][vc_column width=\u00bb1\/3&#8243;][vc_column_text] Ponencia Sr. Jordi Mauli\u00f3n. Contextualizaci\u00f3n y situaci\u00f3n actual de los accidentes de trabajo por ca\u00edda en altura.[\/vc_column_text][\/vc_column][vc_column width=\u00bb1\/3&#8243;][vc_column_text] Ponencia Sr. Ram\u00f3n [&hellip;]<\/p>\n","protected":false},"author":15,"featured_media":182323,"comment_status":"closed","ping_status":"closed","sticky":false,"template":"","format":"standard","meta":{"_links_to":"","_links_to_target":""},"categories":[6578,216],"tags":[985,417,1497],"acf":[],"wps_subtitle":"<strong>Actividad realizada en el marco del proyecto acciones de promoci\u00f3n de la mejora de las condiciones de seguridad y salud laboral del tejido empresarial catal\u00e1n, especialmente en las peque\u00f1as y medianas empresas<\/strong>","_links":{"self":[{"href":"https:\/\/www.foment.com\/es\/wp-json\/wp\/v2\/posts\/184283"}],"collection":[{"href":"https:\/\/www.foment.com\/es\/wp-json\/wp\/v2\/posts"}],"about":[{"href":"https:\/\/www.foment.com\/es\/wp-json\/wp\/v2\/types\/post"}],"author":[{"embeddable":true,"href":"https:\/\/www.foment.com\/es\/wp-json\/wp\/v2\/users\/15"}],"replies":[{"embeddable":true,"href":"https:\/\/www.foment.com\/es\/wp-json\/wp\/v2\/comments?post=184283"}],"version-history":[{"count":5,"href":"https:\/\/www.foment.com\/es\/wp-json\/wp\/v2\/posts\/184283\/revisions"}],"predecessor-version":[{"id":184341,"href":"https:\/\/www.foment.com\/es\/wp-json\/wp\/v2\/posts\/184283\/revisions\/184341"}],"wp:featuredmedia":[{"embeddable":true,"href":"https:\/\/www.foment.com\/es\/wp-json\/wp\/v2\/media\/182323"}],"wp:attachment":[{"href":"https:\/\/www.foment.com\/es\/wp-json\/wp\/v2\/media?parent=184283"}],"wp:term":[{"taxonomy":"category","embeddable":true,"href":"https:\/\/www.foment.com\/es\/wp-json\/wp\/v2\/categories?post=184283"},{"taxonomy":"post_tag","embeddable":true,"href":"https:\/\/www.foment.com\/es\/wp-json\/wp\/v2\/tags?post=184283"}],"curies":[{"name":"wp","href":"https:\/\/api.w.org\/{rel}","templated":true}]}}