{"id":184430,"date":"2024-05-30T14:34:23","date_gmt":"2024-05-30T12:34:23","guid":{"rendered":"https:\/\/www.foment.com\/josep-sanchez-llibre-encoratja-als-joves-a-reivindicar-la-figura-empresari-i-transformar-realitat\/"},"modified":"2024-05-30T18:02:15","modified_gmt":"2024-05-30T16:02:15","slug":"josep-sanchez-llibre-alienta-a-los-jovenes-a-reivindicar-la-figura-empresario-y-transformar-realidad","status":"publish","type":"post","link":"https:\/\/www.foment.com\/es\/josep-sanchez-llibre-alienta-a-los-jovenes-a-reivindicar-la-figura-empresario-y-transformar-realidad\/","title":{"rendered":"Josep S\u00e1nchez Llibre alienta a los j\u00f3venes a reivindicar la figura del empresario y transformar la realidad"},"content":{"rendered":"<section class=\"wpb-content-wrapper\"><p>[vc_row][vc_column][vc_column_text]<\/p>\n<ul>\n<li>Tom\u00e0s G\u00fcell adelanta que Lideremos ofrecer\u00e1 40 becas &#8216;Lideremos las Oportunidades&#8217; para personas con problemas de exclusi\u00f3n social<\/li>\n<li>Ignacio Marull se\u00f1ala \u201ces clave que los l\u00edderes de hoy apoyen a los j\u00f3venes que tienen una actitud proactiva y la capacidad de impulsar iniciativas con vocaci\u00f3n de cambiar el mundo\u201d<\/li>\n<\/ul>\n<p>El presidente de Foment del Treball, <strong>Josep S\u00e1nchez Llibre<\/strong>, y el socio responsable de PwC en Catalu\u00f1a, <strong>Ignacio Marull<\/strong>, han hecho la presentaci\u00f3n del coloquio bajo el t\u00edtulo <em>&#8216;\u00bfY los j\u00f3venes qu\u00e9?&#8217;<\/em>, con el fundador y presidente de Lideremos, <strong>Tom\u00e0s G\u00fcell<\/strong>. El presidente de Foment ha recordado que <strong>la patronal catalana \u201csiempre ha apostado por el emprendimiento y por el futuro, y por eso hoy estamos contentos de tener aqu\u00ed una iniciativa como Lideremos\u201d<\/strong>. Josep S\u00e1nchez Llibre ha felicitado a Lideremos por su trabajo de campo por toda Espa\u00f1a y ha valorado que \u201cser\u00eda importante que consiguieran dar un paso como lobby europeo\u201d.<\/p>\n<p>Para el l\u00edder patronal, \u201c<strong>es importante que desde los j\u00f3venes se defiendan los valores del empresario<\/strong>; hay que decir sin tapujos que somos necesarios para la sociedad\u201d. S\u00e1nchez Llibre ha valorado la \u201ctransversalidad\u201d de la organizaci\u00f3n que preside G\u00fcell y ha animado a los j\u00f3venes del p\u00fablico a ser \u201cvalientes\u201d. El l\u00edder patronal ha subrayado que \u201ca pesar de tener retos muy dif\u00edciles como la precariedad laboral, la dificultad para la emancipaci\u00f3n y otros,<strong> deb\u00e9is emular lo que se dec\u00eda en mayo de 1968: pedir lo imposible para construir una nueva realidad\u201d<\/strong>.<\/p>\n<p>Por su parte, el socio responsable de PwC en Catalu\u00f1a, Ignacio Marull, ha destacado <strong>que \u201c<\/strong><strong>es clave que los l\u00edderes de hoy apoyen a los j\u00f3venes que tienen una actitud proactiva y la capacidad de impulsar iniciativas con vocaci\u00f3n de cambiar el mundo\u201d<\/strong>. Marull ha puesto en valor la perspectiva de Lideremos que \u201ces sobre todo la de personas que ven oportunidades en el futuro\u201d.<\/p>\n<p>Tom\u00e0s G\u00fcell, por su parte, ha hecho una <strong>defensa del activismo empresarial en positivo y con voluntad de ofrecer propuestas<\/strong>. Ha recordado la insistencia de Lideremos en reclamar mejoras en la administraci\u00f3n p\u00fablica, as\u00ed como reducir las cargas burocr\u00e1ticas. G\u00fcell ha manifestado que <strong>\u201clos j\u00f3venes debemos implicarnos en los valores del esfuerzo y el sacrificio, porque cuando una persona cambia comienza a cambiar el mundo\u201d<\/strong>. Sobre los planes de futuro de Lideremos, G\u00fcell ha indicado que pr\u00f3ximamente realizar\u00e1n actuaciones en Sevilla, recordando que su organizaci\u00f3n tiene presencia en m\u00e1s de media Espa\u00f1a. El objetivo: \u201cQueremos jugar la Champions League\u201d.<\/p>\n<p>Con la idea de que <strong>\u201cla juventud no quiere ser v\u00edctima, quiere ser soluci\u00f3n y por eso nos implicamos\u201d<\/strong>, G\u00fcell ha adelantado que su organizaci\u00f3n ofrecer\u00e1 <strong>40 becas con el t\u00edtulo <em>\u2018 Lideremos las<\/em><\/strong> <strong><em>Oportunidades\u2019<\/em><\/strong> para personas con problemas de exclusi\u00f3n social y en el \u00e1mbito de actuaci\u00f3n de toda Espa\u00f1a.[\/vc_column_text]<div class=\"flexslider wpb_content_element\"><ul class=\"slides\"><li><img src=\"https:\/\/www.foment.com\/wp-content\/uploads\/2024\/05\/photo_5963221405556391072_y.jpg\" alt=\"\" \/><\/li><li><img src=\"https:\/\/www.foment.com\/wp-content\/uploads\/2024\/05\/photo_5963221405556391068_y.jpg\" alt=\"\" \/><\/li><li><img src=\"https:\/\/www.foment.com\/wp-content\/uploads\/2024\/05\/photo_5963221405556391084_y.jpg\" alt=\"\" \/><\/li><li><img src=\"https:\/\/www.foment.com\/wp-content\/uploads\/2024\/05\/photo_5963221405556391069_y.jpg\" alt=\"\" \/><\/li><li><img src=\"https:\/\/www.foment.com\/wp-content\/uploads\/2024\/05\/photo_5963221405556391065_y.jpg\" alt=\"\" \/><\/li><li><img src=\"https:\/\/www.foment.com\/wp-content\/uploads\/2024\/05\/photo_5963221405556391064_y.jpg\" alt=\"\" \/><\/li><li><img src=\"https:\/\/www.foment.com\/wp-content\/uploads\/2024\/05\/photo_5963221405556391059_y.jpg\" alt=\"\" \/><\/li><li><img src=\"https:\/\/www.foment.com\/wp-content\/uploads\/2024\/05\/photo_5963221405556391058_y.jpg\" alt=\"\" \/><\/li><li><img src=\"https:\/\/www.foment.com\/wp-content\/uploads\/2024\/05\/photo_5963221405556391054_y.jpg\" alt=\"\" \/><\/li><\/ul><\/div>[vc_raw_html]JTNDaWZyYW1lJTIwd2lkdGglM0QlMjI1NjAlMjIlMjBoZWlnaHQlM0QlMjIzMTUlMjIlMjBzcmMlM0QlMjJodHRwcyUzQSUyRiUyRnd3dy55b3V0dWJlLmNvbSUyRmVtYmVkJTJGekFKV3RDREVYTmslM0ZzaSUzRFVYLUdIV2lkSEppaV9Ha2olMjIlMjB0aXRsZSUzRCUyMllvdVR1YmUlMjB2aWRlbyUyMHBsYXllciUyMiUyMGZyYW1lYm9yZGVyJTNEJTIyMCUyMiUyMGFsbG93JTNEJTIyYWNjZWxlcm9tZXRlciUzQiUyMGF1dG9wbGF5JTNCJTIwY2xpcGJvYXJkLXdyaXRlJTNCJTIwZW5jcnlwdGVkLW1lZGlhJTNCJTIwZ3lyb3Njb3BlJTNCJTIwcGljdHVyZS1pbi1waWN0dXJlJTNCJTIwd2ViLXNoYXJlJTIyJTIwcmVmZXJyZXJwb2xpY3klM0QlMjJzdHJpY3Qtb3JpZ2luLXdoZW4tY3Jvc3Mtb3JpZ2luJTIyJTIwYWxsb3dmdWxsc2NyZWVuJTNFJTNDJTJGaWZyYW1lJTNF[\/vc_raw_html][\/vc_column][\/vc_row]<\/p>\n<\/section>","protected":false},"excerpt":{"rendered":"<p>[vc_row][vc_column][vc_column_text] Tom\u00e0s G\u00fcell adelanta que Lideremos ofrecer\u00e1 40 becas &#8216;Lideremos las Oportunidades&#8217; para personas con problemas de exclusi\u00f3n social Ignacio Marull se\u00f1ala \u201ces clave que los l\u00edderes de hoy apoyen a los j\u00f3venes que tienen una actitud proactiva y la capacidad de impulsar iniciativas con vocaci\u00f3n de cambiar el mundo\u201d El presidente de Foment del Treball, Josep S\u00e1nchez Llibre, y el socio responsable de PwC en Catalu\u00f1a, Ignacio Marull, han hecho la presentaci\u00f3n del coloquio bajo el t\u00edtulo &#8216;\u00bfY los j\u00f3venes qu\u00e9?&#8217;, con el fundador y presidente de Lideremos, Tom\u00e0s G\u00fcell. El presidente de Foment ha recordado que la patronal catalana \u201csiempre ha apostado por el emprendimiento y por el futuro, y por eso hoy estamos contentos de tener aqu\u00ed una iniciativa como Lideremos\u201d. Josep S\u00e1nchez Llibre ha felicitado a Lideremos por su trabajo de campo por toda Espa\u00f1a y ha valorado que \u201cser\u00eda importante que consiguieran dar un paso como lobby europeo\u201d. Para el l\u00edder patronal, \u201ces importante que desde los j\u00f3venes se defiendan los valores del empresario; hay que decir sin tapujos que somos necesarios para la sociedad\u201d. S\u00e1nchez Llibre ha valorado la \u201ctransversalidad\u201d de la organizaci\u00f3n que preside G\u00fcell y ha animado a los j\u00f3venes del p\u00fablico [&hellip;]<\/p>\n","protected":false},"author":10,"featured_media":184398,"comment_status":"closed","ping_status":"closed","sticky":false,"template":"","format":"standard","meta":{"_links_to":"","_links_to_target":""},"categories":[114,8404,5714],"tags":[8539,8485,8540],"acf":[],"wps_subtitle":"","_links":{"self":[{"href":"https:\/\/www.foment.com\/es\/wp-json\/wp\/v2\/posts\/184430"}],"collection":[{"href":"https:\/\/www.foment.com\/es\/wp-json\/wp\/v2\/posts"}],"about":[{"href":"https:\/\/www.foment.com\/es\/wp-json\/wp\/v2\/types\/post"}],"author":[{"embeddable":true,"href":"https:\/\/www.foment.com\/es\/wp-json\/wp\/v2\/users\/10"}],"replies":[{"embeddable":true,"href":"https:\/\/www.foment.com\/es\/wp-json\/wp\/v2\/comments?post=184430"}],"version-history":[{"count":5,"href":"https:\/\/www.foment.com\/es\/wp-json\/wp\/v2\/posts\/184430\/revisions"}],"predecessor-version":[{"id":184505,"href":"https:\/\/www.foment.com\/es\/wp-json\/wp\/v2\/posts\/184430\/revisions\/184505"}],"wp:featuredmedia":[{"embeddable":true,"href":"https:\/\/www.foment.com\/es\/wp-json\/wp\/v2\/media\/184398"}],"wp:attachment":[{"href":"https:\/\/www.foment.com\/es\/wp-json\/wp\/v2\/media?parent=184430"}],"wp:term":[{"taxonomy":"category","embeddable":true,"href":"https:\/\/www.foment.com\/es\/wp-json\/wp\/v2\/categories?post=184430"},{"taxonomy":"post_tag","embeddable":true,"href":"https:\/\/www.foment.com\/es\/wp-json\/wp\/v2\/tags?post=184430"}],"curies":[{"name":"wp","href":"https:\/\/api.w.org\/{rel}","templated":true}]}}