{"id":184553,"date":"2024-06-02T10:00:09","date_gmt":"2024-06-02T08:00:09","guid":{"rendered":"https:\/\/www.foment.com\/?p=184553"},"modified":"2024-05-31T14:09:43","modified_gmt":"2024-05-31T12:09:43","slug":"foment-treball-encabeza-delegacion-veintena-empresas-catalanas-marruecos","status":"publish","type":"post","link":"https:\/\/www.foment.com\/es\/foment-treball-encabeza-delegacion-veintena-empresas-catalanas-marruecos\/","title":{"rendered":"Foment del Treball encabeza una delegaci\u00f3n de una veintena de empresas catalanas en Marruecos"},"content":{"rendered":"<section class=\"wpb-content-wrapper\"><p>[vc_row][vc_column width=\u00bb1\/1&#8243;][vc_column_text]<\/p>\n<ul>\n<li>La expedici\u00f3n liderada por el presidente Josep S\u00e1nchez Llibre se reunir\u00e1 con tres ministros del reino de Marruecos<\/li>\n<li>La visita tendr\u00e1 etapas en Casablanca, Rabat y T\u00e1nger donde habr\u00e1 encuentros con las autoridades y con asociaciones empresariales<\/li>\n<\/ul>\n<p>Entre el 4 y el 6 de junio una delegaci\u00f3n empresarial de Foment del Treball con una veintena de empresas visitar\u00e1 el reino de Marruecos para <strong>fortalecer las relaciones comerciales y econ\u00f3micas entre los sectores productivos catal\u00e1n y marroqu\u00ed<\/strong>. Esta visita nace despu\u00e9s de la visita en Barcelona del ministro de Inversi\u00f3n, la Converg\u00e8ncia y la Evaluaci\u00f3n de las Pol\u00edticas P\u00fablicas, <strong>Mohcine Jazouli<\/strong>, el pasado mes de enero que ayud\u00f3 a <strong>estrechar los enlaces econ\u00f3micos entre Catalu\u00f1a y Marruecos<\/strong>. En esta ocasi\u00f3n habr\u00e1 un encuentro tambi\u00e9n con el ministro Jazouli, as\u00ed como con la ministra de Econom\u00eda y Finanzas, <strong>Nadia Fettah<\/strong>. Adem\u00e1s, habr\u00e1 reuniones con los gobernadores de las regiones que se visitan, as\u00ed como con alcaldes de la zona. Adem\u00e1s de encuentros empresariales, tambi\u00e9n se realizar\u00e1n visitas de inter\u00e9s como, por ejemplo, la del puerto de T\u00e1nger, referencia del norte de \u00c1frica.<\/p>\n<p>Este viaje subraya el <strong>compromiso de Foment del Treball con el desarrollo de relaciones s\u00f3lidas y duraderas con Marruecos <\/strong>y se hace de la mano de la <strong>Conf\u00e9d\u00e9ration G\u00e9n\u00e9rale des Entreprises lleva Maroc (CGEM)<\/strong>, una de las organizaciones empresariales m\u00e1s influyentes a nivel mundial, para continuar profundizando en las relaciones econ\u00f3micas y comerciales entre el Reino de Marruecos y Catalu\u00f1a-Espa\u00f1a. Tambi\u00e9n es muy relevante el papel del <strong>Consejo Econ\u00f3mico Marruecos-Espa\u00f1a (CEMAES)<\/strong> en estos encuentros econ\u00f3micos de primer nivel.<\/p>\n<p>La relaci\u00f3n de las empresas que forman parte de estos encuentros es la siguiente:<\/p>\n<ul>\n<li>Alib\u00e9rico<\/li>\n<li>Alstom<\/li>\n<li>Amec<\/li>\n<li>Banco Sabadell<\/li>\n<li>Brand Corner<\/li>\n<li>CaixaBank<\/li>\n<li>Cuatrecasas<\/li>\n<li>Comsa<\/li>\n<li>Eco-Lys<\/li>\n<li>Garrigues<\/li>\n<li>Gestamp<\/li>\n<li>Glovo<\/li>\n<li>Insercad Electronica<\/li>\n<li>Intelcom<\/li>\n<li>International Cubic Building<\/li>\n<li>Masen<\/li>\n<li>OfeCome<\/li>\n<li>Santander<\/li>\n<li>Satec<\/li>\n<\/ul>\n<p>A nivel comercial, Catalu\u00f1a y Marruecos son socios estrat\u00e9gicos naturales. De hecho, <strong>el 2022 ya eran m\u00e1s de 1.600 las empresas catalanas que exportaban de manera regular sus productos o servicios a Marruecos<\/strong>. Al revisar las oportunidades de negocio m\u00e1s destacadas, se identifican <strong>sectores emergentes como la electricidad y la electr\u00f3nica<\/strong>, que presentan un significativo potencial para el crecimiento empresarial.<\/p>\n<p>En cuanto al sector exterior, es especialmente importando que en el 2023 <strong>las exportaciones de Catalu\u00f1a en Marruecos crecieron un 9,3%<\/strong> (2.157 M\u20ac; 2,1% del total), mientras que las <strong>importaciones aumentaron un 16,7%<\/strong> (1.889 M\u20ac; 1,7% del total).<\/p>\n<p>Otro dato relevante que destaca la fuerte presencia de las empresas catalanas en Marruecos es la <strong>existencia de 179 filiales de 151 empresas matrices en el pa\u00eds<\/strong>.<\/p>\n<p>Un punto especialmente importante para tener en cuenta, en los \u00faltimos cinco a\u00f1os<strong>, la inversi\u00f3n de Catalu\u00f1a en Marruecos ha ascendido a 21,8 millones de euros<\/strong>, reflejando un compromiso constante con el desarrollo econ\u00f3mico y la colaboraci\u00f3n bilateral.<\/p>\n<p>Como reflejo de las buenas relaciones entre nuestros pa\u00edses, hay que destacar tambi\u00e9n la <strong>participaci\u00f3n de Marruecos como pa\u00eds Invitado de Honor en el sal\u00f3n Construmat de este a\u00f1o<\/strong>, que se celebr\u00f3 en Barcelona del 21 al 23 de mayo.[\/vc_column_text][\/vc_column][\/vc_row]<\/p>\n<\/section>","protected":false},"excerpt":{"rendered":"<p>[vc_row][vc_column width=\u00bb1\/1&#8243;][vc_column_text] La expedici\u00f3n liderada por el presidente Josep S\u00e1nchez Llibre se reunir\u00e1 con tres ministros del reino de Marruecos La visita tendr\u00e1 etapas en Casablanca, Rabat y T\u00e1nger donde habr\u00e1 encuentros con las autoridades y con asociaciones empresariales Entre el 4 y el 6 de junio una delegaci\u00f3n empresarial de Foment del Treball con una veintena de empresas visitar\u00e1 el reino de Marruecos para fortalecer las relaciones comerciales y econ\u00f3micas entre los sectores productivos catal\u00e1n y marroqu\u00ed. Esta visita nace despu\u00e9s de la visita en Barcelona del ministro de Inversi\u00f3n, la Converg\u00e8ncia y la Evaluaci\u00f3n de las Pol\u00edticas P\u00fablicas, Mohcine Jazouli, el pasado mes de enero que ayud\u00f3 a estrechar los enlaces econ\u00f3micos entre Catalu\u00f1a y Marruecos. En esta ocasi\u00f3n habr\u00e1 un encuentro tambi\u00e9n con el ministro Jazouli, as\u00ed como con la ministra de Econom\u00eda y Finanzas, Nadia Fettah. Adem\u00e1s, habr\u00e1 reuniones con los gobernadores de las regiones que se visitan, as\u00ed como con alcaldes de la zona. Adem\u00e1s de encuentros empresariales, tambi\u00e9n se realizar\u00e1n visitas de inter\u00e9s como, por ejemplo, la del puerto de T\u00e1nger, referencia del norte de \u00c1frica. Este viaje subraya el compromiso de Foment del Treball con el desarrollo de relaciones s\u00f3lidas y duraderas con [&hellip;]<\/p>\n","protected":false},"author":284,"featured_media":184550,"comment_status":"closed","ping_status":"closed","sticky":false,"template":"","format":"standard","meta":{"_links_to":"","_links_to_target":""},"categories":[114,72,5714],"tags":[],"acf":[],"wps_subtitle":"","_links":{"self":[{"href":"https:\/\/www.foment.com\/es\/wp-json\/wp\/v2\/posts\/184553"}],"collection":[{"href":"https:\/\/www.foment.com\/es\/wp-json\/wp\/v2\/posts"}],"about":[{"href":"https:\/\/www.foment.com\/es\/wp-json\/wp\/v2\/types\/post"}],"author":[{"embeddable":true,"href":"https:\/\/www.foment.com\/es\/wp-json\/wp\/v2\/users\/284"}],"replies":[{"embeddable":true,"href":"https:\/\/www.foment.com\/es\/wp-json\/wp\/v2\/comments?post=184553"}],"version-history":[{"count":3,"href":"https:\/\/www.foment.com\/es\/wp-json\/wp\/v2\/posts\/184553\/revisions"}],"predecessor-version":[{"id":184565,"href":"https:\/\/www.foment.com\/es\/wp-json\/wp\/v2\/posts\/184553\/revisions\/184565"}],"wp:featuredmedia":[{"embeddable":true,"href":"https:\/\/www.foment.com\/es\/wp-json\/wp\/v2\/media\/184550"}],"wp:attachment":[{"href":"https:\/\/www.foment.com\/es\/wp-json\/wp\/v2\/media?parent=184553"}],"wp:term":[{"taxonomy":"category","embeddable":true,"href":"https:\/\/www.foment.com\/es\/wp-json\/wp\/v2\/categories?post=184553"},{"taxonomy":"post_tag","embeddable":true,"href":"https:\/\/www.foment.com\/es\/wp-json\/wp\/v2\/tags?post=184553"}],"curies":[{"name":"wp","href":"https:\/\/api.w.org\/{rel}","templated":true}]}}