{"id":184625,"date":"2024-06-03T10:17:17","date_gmt":"2024-06-03T08:17:17","guid":{"rendered":"https:\/\/www.foment.com\/?p=184625"},"modified":"2024-06-03T10:17:17","modified_gmt":"2024-06-03T08:17:17","slug":"el-sector-del-turismo-defiende-la-necesidad-de-una-hoja-de-ruta-conjunta-para-avanzar-en-la-transformacion-y-la-transicion-sostenible","status":"publish","type":"post","link":"https:\/\/www.foment.com\/es\/el-sector-del-turismo-defiende-la-necesidad-de-una-hoja-de-ruta-conjunta-para-avanzar-en-la-transformacion-y-la-transicion-sostenible\/","title":{"rendered":"El sector del turismo defiende la necesidad de una hoja de ruta conjunta para avanzar en la transformaci\u00f3n y la transici\u00f3n sostenible"},"content":{"rendered":"<section class=\"wpb-content-wrapper\"><p>[vc_row][vc_column][vc_column_text]<\/p>\n<ul>\n<li>En la jornada organizada por Foment y el CETT-UB se ha destacado una apuesta clara por la digitalizaci\u00f3n de las empresas tur\u00edsticas incluidas las pymes, as\u00ed como por la mejora en la sostenibilidad del modelo tur\u00edstico.<\/li>\n<\/ul>\n<p>En la quinta sesi\u00f3n del ciclo <em>Desayunos de Turismo<\/em> de Foment del Treball y el CETT-UB (Barcelona School of Tourism, Hospitality and Gastronomy) se han explorado casos de \u00e9xito sobre c\u00f3mo la tecnolog\u00eda y la innovaci\u00f3n est\u00e1n transformando el turismo, porque \u201c<strong>la digitalizaci\u00f3n no es una opci\u00f3n, ni una tendencia, sino una necesidad para el sector tur\u00edstico<\/strong>, al mismo tiempo que tambi\u00e9n lo es avanzar en la mejora de la sostenibilidad\u201d, ha expresado <strong>Jordi Mart\u00ed<\/strong>, miembro de la Comisi\u00f3n de Turismo de Foment y presidente de la ACEVe (Asociaci\u00f3n Corporativa de Agencias de Viajes Especializadas). Mart\u00ed tambi\u00e9n ha puntualizado la necesidad de una apuesta clara y decidida por la digitalizaci\u00f3n por parte de todas las empresas tur\u00edsticas incluidas las pymes.<\/p>\n<p>Por su parte, el Cluster Manager del Tech Tourism Cluster \u2014entidad impulsada por la Direcci\u00f3n General de Turismo, ACCI\u00d3 y empresas h\u00edbridas entre tecnolog\u00eda y turismo\u2014, <strong>Xavi Garc\u00eda<\/strong>, ha reclamado que <strong>\u201cse debe crear una hoja de ruta conjunta donde todas las entidades implicadas podamos aportar un valor diferencial en la transformaci\u00f3n y en la transici\u00f3n sostenible del turismo\u201d<\/strong>.<\/p>\n<p>El director de la C\u00e1tedra UB de Turismo, Hoteler\u00eda y Gastronom\u00eda del CETT, <strong>Eugeni Os\u00e1car<\/strong>, ha conducido una mesa con representantes empresariales, a los cuales ha aconsejado, ante la avalancha de nuevas tecnolog\u00edas que nos impactan, tener seleccionadas aquellas que verdaderamente \u201cpueden tener <strong>potencial para transformar la experiencia tur\u00edstica de los clientes, la forma de trabajar de las personas y la competitividad de las empresas<\/strong>\u201d.<\/p>\n<p>Para el Global Vice President IT de Radisson, <strong>Adolfo S\u00e1nchez<\/strong>, es fundamental \u201ctener un plan adaptable, basado en un diagn\u00f3stico honesto y comunicable. <strong>La innovaci\u00f3n diaria es esencial para la visi\u00f3n y supervivencia de una empresa, gestionando cambios a diferentes velocidades<\/strong>\u201d.<\/p>\n<p>En este sentido, Javier \u00c1lvarez, director de IT de Vueling, ha explicado que \u201cla compa\u00f1\u00eda se encuentra en un momento de <strong>integraci\u00f3n de la inteligencia artificial y explorando la realidad virtual en nuestros procesos para mejorar la eficiencia de nuestras operaciones y experiencias de usuario<\/strong>\u201d.<\/p>\n<p>Desde Growtur, su fundador, <strong>Rafael de Jorge<\/strong>, expon\u00eda casos reales como el de Turespa\u00f1a, \u201cdonde estamos implementando la <strong>primera prueba piloto para optimizar la gesti\u00f3n y promoci\u00f3n de destinos tur\u00edsticos<\/strong>\u201d, o el de ACAVE, \u201cdonde hemos desarrollado un <strong>plan de formaci\u00f3n y acompa\u00f1amiento para la implementaci\u00f3n de la IA en las agencias de viajes<\/strong>\u201d.<\/p>\n<p>En cuanto al sector del camping, <strong>Xavier Pascuet<\/strong>, consultor de Innovaci\u00f3n y Sostenibilidad de la Asociaci\u00f3n de Campings de Girona y experto en Smart Destinations, ha manifestado que <strong>\u201cel sector del camping en Girona ha experimentado una metamorfosis en los \u00faltimos a\u00f1os, con una apuesta clara por la econom\u00eda del dato, la sensorizaci\u00f3n y los sistemas de inteligencia tur\u00edstica<\/strong>\u201d. De esta manera, Pascuet se\u00f1ala que \u201cse pueden tomar decisiones de mejora m\u00e1s acertadas, optimizar las campa\u00f1as de promoci\u00f3n y ofrecer una experiencia personalizada a cada campista\u201d.<\/p>\n<p>&nbsp;<\/p>\n<p><span style=\"color: #c12238;\"><strong>Desayunos de Turismo del CETT y Foment<\/strong><\/span><\/p>\n<p>Los Desayunos de Turismo de Foment y el CETT-UB son encuentros cuatrimestrales para directivos, mandos intermedios y profesionales expertos de empresas y administraciones p\u00fablicas en los que se abordan temas relacionados con el desarrollo del turismo, la hoteler\u00eda y la gastronom\u00eda.<\/p>\n<p>El objetivo es la generaci\u00f3n de un espacio id\u00f3neo que fomente el networking, el intercambio de experiencias y la promoci\u00f3n de l\u00edneas de actuaci\u00f3n que beneficien al sector.[\/vc_column_text]<div class=\"flexslider wpb_content_element\"><ul class=\"slides\"><li><img src=\"https:\/\/www.foment.com\/wp-content\/uploads\/2024\/06\/photo_5967491337488024444_w.jpg\" alt=\"\" \/><\/li><li><img src=\"https:\/\/www.foment.com\/wp-content\/uploads\/2024\/06\/photo_5967491337488024452_w.jpg\" alt=\"\" \/><\/li><li><img src=\"https:\/\/www.foment.com\/wp-content\/uploads\/2024\/06\/photo_5967491337488024456_w.jpg\" alt=\"\" \/><\/li><li><img src=\"https:\/\/www.foment.com\/wp-content\/uploads\/2024\/06\/photo_5967491337488024457_w.jpg\" alt=\"\" \/><\/li><li><img src=\"https:\/\/www.foment.com\/wp-content\/uploads\/2024\/06\/photo_5967491337488024458_w.jpg\" alt=\"\" \/><\/li><li><img src=\"https:\/\/www.foment.com\/wp-content\/uploads\/2024\/06\/photo_5967491337488024463_w.jpg\" alt=\"\" \/><\/li><li><img src=\"https:\/\/www.foment.com\/wp-content\/uploads\/2024\/06\/photo_5967491337488024465_w.jpg\" alt=\"\" \/><\/li><li><img src=\"https:\/\/www.foment.com\/wp-content\/uploads\/2024\/06\/photo_5967491337488024468_w.jpg\" alt=\"\" \/><\/li><li><img src=\"https:\/\/www.foment.com\/wp-content\/uploads\/2024\/06\/photo_5967491337488024469_w.jpg\" alt=\"\" \/><\/li><li><img src=\"https:\/\/www.foment.com\/wp-content\/uploads\/2024\/06\/photo_5967491337488024471_w.jpg\" alt=\"\" \/><\/li><li><img src=\"https:\/\/www.foment.com\/wp-content\/uploads\/2024\/06\/photo_5967491337488024472_w.jpg\" alt=\"\" \/><\/li><li><img src=\"https:\/\/www.foment.com\/wp-content\/uploads\/2024\/06\/photo_5967491337488024477_w.jpg\" alt=\"\" \/><\/li><li><img src=\"https:\/\/www.foment.com\/wp-content\/uploads\/2024\/06\/photo_5967491337488024480_w.jpg\" alt=\"\" \/><\/li><li><img src=\"https:\/\/www.foment.com\/wp-content\/uploads\/2024\/06\/photo_5967491337488024481_w.jpg\" alt=\"\" \/><\/li><\/ul><\/div>[\/vc_column][\/vc_row]<\/p>\n<\/section>","protected":false},"excerpt":{"rendered":"<p>[vc_row][vc_column][vc_column_text] En la jornada organizada por Foment y el CETT-UB se ha destacado una apuesta clara por la digitalizaci\u00f3n de las empresas tur\u00edsticas incluidas las pymes, as\u00ed como por la mejora en la sostenibilidad del modelo tur\u00edstico. En la quinta sesi\u00f3n del ciclo Desayunos de Turismo de Foment del Treball y el CETT-UB (Barcelona School of Tourism, Hospitality and Gastronomy) se han explorado casos de \u00e9xito sobre c\u00f3mo la tecnolog\u00eda y la innovaci\u00f3n est\u00e1n transformando el turismo, porque \u201cla digitalizaci\u00f3n no es una opci\u00f3n, ni una tendencia, sino una necesidad para el sector tur\u00edstico, al mismo tiempo que tambi\u00e9n lo es avanzar en la mejora de la sostenibilidad\u201d, ha expresado Jordi Mart\u00ed, miembro de la Comisi\u00f3n de Turismo de Foment y presidente de la ACEVe (Asociaci\u00f3n Corporativa de Agencias de Viajes Especializadas). Mart\u00ed tambi\u00e9n ha puntualizado la necesidad de una apuesta clara y decidida por la digitalizaci\u00f3n por parte de todas las empresas tur\u00edsticas incluidas las pymes. Por su parte, el Cluster Manager del Tech Tourism Cluster \u2014entidad impulsada por la Direcci\u00f3n General de Turismo, ACCI\u00d3 y empresas h\u00edbridas entre tecnolog\u00eda y turismo\u2014, Xavi Garc\u00eda, ha reclamado que \u201cse debe crear una hoja de ruta conjunta donde todas las entidades [&hellip;]<\/p>\n","protected":false},"author":281,"featured_media":184623,"comment_status":"closed","ping_status":"closed","sticky":false,"template":"","format":"standard","meta":{"_links_to":"","_links_to_target":""},"categories":[114,5714,1665],"tags":[6766],"acf":[],"wps_subtitle":"","_links":{"self":[{"href":"https:\/\/www.foment.com\/es\/wp-json\/wp\/v2\/posts\/184625"}],"collection":[{"href":"https:\/\/www.foment.com\/es\/wp-json\/wp\/v2\/posts"}],"about":[{"href":"https:\/\/www.foment.com\/es\/wp-json\/wp\/v2\/types\/post"}],"author":[{"embeddable":true,"href":"https:\/\/www.foment.com\/es\/wp-json\/wp\/v2\/users\/281"}],"replies":[{"embeddable":true,"href":"https:\/\/www.foment.com\/es\/wp-json\/wp\/v2\/comments?post=184625"}],"version-history":[{"count":2,"href":"https:\/\/www.foment.com\/es\/wp-json\/wp\/v2\/posts\/184625\/revisions"}],"predecessor-version":[{"id":184629,"href":"https:\/\/www.foment.com\/es\/wp-json\/wp\/v2\/posts\/184625\/revisions\/184629"}],"wp:featuredmedia":[{"embeddable":true,"href":"https:\/\/www.foment.com\/es\/wp-json\/wp\/v2\/media\/184623"}],"wp:attachment":[{"href":"https:\/\/www.foment.com\/es\/wp-json\/wp\/v2\/media?parent=184625"}],"wp:term":[{"taxonomy":"category","embeddable":true,"href":"https:\/\/www.foment.com\/es\/wp-json\/wp\/v2\/categories?post=184625"},{"taxonomy":"post_tag","embeddable":true,"href":"https:\/\/www.foment.com\/es\/wp-json\/wp\/v2\/tags?post=184625"}],"curies":[{"name":"wp","href":"https:\/\/api.w.org\/{rel}","templated":true}]}}