{"id":184740,"date":"2024-06-04T14:18:00","date_gmt":"2024-06-04T12:18:00","guid":{"rendered":"https:\/\/www.foment.com\/foment-reclama-ampliacio-operativa-centrals-nuclears-per-deu-anys-mes\/"},"modified":"2024-06-04T17:44:16","modified_gmt":"2024-06-04T15:44:16","slug":"foment-reclama-ampliacion-operativa-centrales-nucleares-para-diez-anos-mas","status":"publish","type":"post","link":"https:\/\/www.foment.com\/es\/foment-reclama-ampliacion-operativa-centrales-nucleares-para-diez-anos-mas\/","title":{"rendered":"Foment del Treball reclama la ampliaci\u00f3n de la operativa de las centrales nucleares por diez a\u00f1os m\u00e1s"},"content":{"rendered":"<ul>\n<li><strong>La patronal catalana propone 14 medidas en materia energ\u00e9tica para el pr\u00f3ximo Gobierno de la Generalitat<\/strong><\/li>\n<li><strong>Josep S\u00e1nchez Llibre: \u201cCatalu\u00f1a est\u00e1 en una situaci\u00f3n tan cr\u00edtica que no permitir\u00e1 cumplir con los objetivos europeos\u201d<\/strong><\/li>\n<\/ul>\n<p>Foment del Treball quiere expresar su preocupaci\u00f3n por la pol\u00edtica energ\u00e9tica que se desarrolla en estos momentos en Catalu\u00f1a y por el retraso en la transici\u00f3n energ\u00e9tica a fuentes renovables. Catalu\u00f1a est\u00e1 por debajo la media europea y espa\u00f1ola en la implantaci\u00f3n de energ\u00eda renovable. El presidente de Foment, Josep S\u00e1nchez Llibre, ha manifestado esta preocupaci\u00f3n lamentando que \u201cCatalu\u00f1a est\u00e1 en una situaci\u00f3n tan cr\u00edtica que no permitir\u00e1 cumplir con los objetivos europeos\u201d. En todo caso, Foment reafirma su compromiso por el logro de la neutralidad clim\u00e1tica en el 2050.<\/p>\n<p>Analizando la situaci\u00f3n actual, hay que tener en cuenta que:<\/p>\n<ul>\n<li>La Uni\u00f3n Europea establece el objetivo vinculante de energ\u00edas renovables de la UE a un m\u00ednimo del 42,5% en 2030.<\/li>\n<li>El 2023, solo un 15% de la energ\u00eda generada en Catalu\u00f1a procedi\u00f3 de fuentes renovables. En el conjunto del Estado fue el 50%. Hace diez a\u00f1os, la energ\u00eda renovable producida en Catalu\u00f1a representaba el 21%.<\/li>\n<li>El 2023, Catalu\u00f1a fue la segunda comunidad aut\u00f3noma donde la energ\u00eda verde tuvo menos peso respecto a su producci\u00f3n total.<\/li>\n<li>El 2023, Catalu\u00f1a fue la quinta comunidad con menos capacidad instalada para generar energ\u00eda renovable (31%).<\/li>\n<li>La Prospectiva Energ\u00e9tica de Catalu\u00f1a 2050 (PROENCAT) tiene como objetivo tener un 50% de potencia el\u00e9ctrica de origen renovable el 2030. Para lograr estos objetivos energ\u00e9ticos al 2030 habr\u00eda que disponer de una potencia de 15.408 MW de renovables.<\/li>\n<li>Actualmente est\u00e1 potencia es de 3.718 MW.<\/li>\n<li>Ha habido diez a\u00f1os de parada en la implantaci\u00f3n de proyectos de energ\u00eda renovable. El actual Gobierno de la Generalitat solo ha dado la autorizaci\u00f3n administrativa a 133 proyectos de 512 proyectos presentados. Del compromiso de instalar 3.000 MW durante la legislatura solo se han autorizado 1.692 MW. Poco m\u00e1s del 50% del objetivo fijado.<\/li>\n<li>El 2023, la energ\u00eda nuclear ha representado el 58% de la energ\u00eda el\u00e9ctrica consumida en Catalu\u00f1a.<\/li>\n<\/ul>\n<p>Conscientes y preocupados porque la actual pol\u00edtica energ\u00e9tica de Catalu\u00f1a no apuesta por grandes parques fotovoltaicos o e\u00f3licos, no apuesta por la interconexi\u00f3n de redes, no quiere ampliar la operaci\u00f3n a largo plazo de las centrales nucleares y al mismo tiempo quiere descarbonitzar el sector petroqu\u00edmico y la gran industria, es obligado plantearse con qu\u00e9 tipo de energ\u00eda habr\u00eda que trabajar.<\/p>\n<p>Foment del Treball quiere realizar una serie de propuestas para el nuevo Gobierno que se constituya en Catalu\u00f1a, tanto por su ejecuci\u00f3n como por la defensa y demanda a la administraci\u00f3n central.<\/p>\n<p><span style=\"color: #d2112d;\"><strong>Propuestas para el nuevo Gobierno<\/strong><\/span><\/p>\n<ol>\n<li>Es necesario garantizar <strong>la seguridad de suministro<\/strong> en la industria y los sectores productivos.<\/li>\n<li>Debe definirse <strong>una transici\u00f3n energ\u00e9tica industrial<\/strong> que tenga en cuenta las necesidades de los sectores industriales grandes consumidores de energ\u00eda, en especial de energ\u00eda t\u00e9rmica y calor.<\/li>\n<li>Catalunya necesita impulsar el desarrollo de <strong>grandes parques e\u00f3licos, fotovoltaicos y sistemas de almacenamiento<\/strong>.<\/li>\n<li>Es necesario avanzar en la electrificaci\u00f3n de aquellos usos donde la electricidad ofrece <strong>soluciones m\u00e1s eficientes<\/strong>.<\/li>\n<li>Hay que tener en cuenta que <strong>descarbonizar no es \u00fanicamente electrificar.<\/strong><\/li>\n<li>Es necesario garantizar la <strong>neutralidad tecnol\u00f3gica<\/strong>. Consideramos que debemos romper con el \u201cmantra\u201d de la electrificaci\u00f3n. No todo puede electrificarse. No debe basarse la transici\u00f3n energ\u00e9tica \u00fanicamente en la electrificaci\u00f3n y es necesario desarrollar alternativas que permitan la descarbonizaci\u00f3n de aquellos usos que no se pueden electrificar.<\/li>\n<li>Proponemos <strong>la ampliaci\u00f3n de la operativa de las centrales nucleares<\/strong> que operan en Catalu\u00f1a, garant\u00eda de suministro de energ\u00eda el\u00e9ctrica.<\/li>\n<li>Hay que potenciar el <strong>desarrollo e implantaci\u00f3n de los gases renovables<\/strong> como una prioridad a corto plazo en la descarbonizaci\u00f3n, que influyen directamente en la competitividad industrial, pudiendo usar las mismas redes sin necesidad de invertir en nuevas infraestructuras ni cambiar sistemas productivos, y como combustible para la industria y como herramienta para la econom\u00eda circular.<\/li>\n<li>Hay que desarrollar con celeridad <strong>la estrategia catalana del biog\u00e1s<\/strong>. El biog\u00e1s es la \u00fanica tecnolog\u00eda energ\u00e9tica renovable que puede almacenarse.<\/li>\n<li>Hay que impulsar plantas de <strong>biometano por su inyecci\u00f3n en la red<\/strong>, incentivando la implantaci\u00f3n y estableciendo un marco estable para poder invertir; regulando adem\u00e1s la inyecci\u00f3n en red, en transporte y distribuci\u00f3n con medidas para garantizar un precio aceptable y promoviendo el consumo.<\/li>\n<li>Hay que impulsar el desarrollo de <strong>el hidr\u00f3geno renovable<\/strong>, impulsando firmemente el Valle de Hidr\u00f3geno del Camp de Tarragona, para producir combustible por la industria y por su suministro al resto de Europa.<\/li>\n<li>Es necesario reforzar el sistema energ\u00e9tico con la <strong>cogeneraci\u00f3n de alta eficiencia, <\/strong>tecnolog\u00eda transversal que da competitividad a la industria, estableciendo un sistema de subastas que permita invertir y renovar enfocado a la descarbonizaci\u00f3n.<\/li>\n<li>Es necesario reforzar el sistema energ\u00e9tico con los\u00a0<strong>ciclos combinados<\/strong>, tecnolog\u00edas de soporte\u00a0\u00e1gil y fiable de gran eficiencia.<\/li>\n<li>Es necesaria una apuesta clara para potenciar <strong>el almacenamiento energ\u00e9tico<\/strong>. Incentivar y apoyar los proyectos de desarrollo de almacenamiento energ\u00e9tico a gran escala, como una herramienta b\u00e1sica para garantizar el suministro de energ\u00eda, aportando flexibilidad y soporte al sistema, capturando los vertidos de las energ\u00edas renovables y evitando situaciones de desabastecimiento para la generaci\u00f3n el\u00e9ctrica renovable.<\/li>\n<li>Hay que promover las <strong>redes de interconexi\u00f3n energ\u00e9tica<\/strong>, tanto gas\u00edsticas como el\u00e9ctricas con otros territorios del Estado y otros pa\u00edses europeos. Es necesario impulsar las l\u00edneas el\u00e9ctricas de muy alta tensi\u00f3n (MAT) que nos conecten con otras Comunidades Aut\u00f3nomas y con Francia.<\/li>\n<li>Hay que asegurar el <strong>crecimiento, el correcto funcionamiento y la calidad del suministro<\/strong> que debe proporcionar la red el\u00e9ctrica con una elevada penetraci\u00f3n de renovables y con una mayor exigencia de flexibilidad.<\/li>\n<\/ol>\n","protected":false},"excerpt":{"rendered":"<p>La patronal catalana propone 14 medidas en materia energ\u00e9tica para el pr\u00f3ximo Gobierno de la Generalitat Josep S\u00e1nchez Llibre: \u201cCatalu\u00f1a est\u00e1 en una situaci\u00f3n tan cr\u00edtica que no permitir\u00e1 cumplir con los objetivos europeos\u201d Foment del Treball quiere expresar su preocupaci\u00f3n por la pol\u00edtica energ\u00e9tica que se desarrolla en estos momentos en Catalu\u00f1a y por el retraso en la transici\u00f3n energ\u00e9tica a fuentes renovables. Catalu\u00f1a est\u00e1 por debajo la media europea y espa\u00f1ola en la implantaci\u00f3n de energ\u00eda renovable. El presidente de Foment, Josep S\u00e1nchez Llibre, ha manifestado esta preocupaci\u00f3n lamentando que \u201cCatalu\u00f1a est\u00e1 en una situaci\u00f3n tan cr\u00edtica que no permitir\u00e1 cumplir con los objetivos europeos\u201d. En todo caso, Foment reafirma su compromiso por el logro de la neutralidad clim\u00e1tica en el 2050. Analizando la situaci\u00f3n actual, hay que tener en cuenta que: La Uni\u00f3n Europea establece el objetivo vinculante de energ\u00edas renovables de la UE a un m\u00ednimo del 42,5% en 2030. El 2023, solo un 15% de la energ\u00eda generada en Catalu\u00f1a procedi\u00f3 de fuentes renovables. En el conjunto del Estado fue el 50%. Hace diez a\u00f1os, la energ\u00eda renovable producida en Catalu\u00f1a representaba el 21%. El 2023, Catalu\u00f1a fue la segunda comunidad aut\u00f3noma donde la energ\u00eda [&hellip;]<\/p>\n","protected":false},"author":10,"featured_media":184750,"comment_status":"closed","ping_status":"closed","sticky":false,"template":"","format":"standard","meta":{"_links_to":"","_links_to_target":""},"categories":[114,111,74],"tags":[863],"acf":[],"wps_subtitle":"","_links":{"self":[{"href":"https:\/\/www.foment.com\/es\/wp-json\/wp\/v2\/posts\/184740"}],"collection":[{"href":"https:\/\/www.foment.com\/es\/wp-json\/wp\/v2\/posts"}],"about":[{"href":"https:\/\/www.foment.com\/es\/wp-json\/wp\/v2\/types\/post"}],"author":[{"embeddable":true,"href":"https:\/\/www.foment.com\/es\/wp-json\/wp\/v2\/users\/10"}],"replies":[{"embeddable":true,"href":"https:\/\/www.foment.com\/es\/wp-json\/wp\/v2\/comments?post=184740"}],"version-history":[{"count":8,"href":"https:\/\/www.foment.com\/es\/wp-json\/wp\/v2\/posts\/184740\/revisions"}],"predecessor-version":[{"id":184808,"href":"https:\/\/www.foment.com\/es\/wp-json\/wp\/v2\/posts\/184740\/revisions\/184808"}],"wp:featuredmedia":[{"embeddable":true,"href":"https:\/\/www.foment.com\/es\/wp-json\/wp\/v2\/media\/184750"}],"wp:attachment":[{"href":"https:\/\/www.foment.com\/es\/wp-json\/wp\/v2\/media?parent=184740"}],"wp:term":[{"taxonomy":"category","embeddable":true,"href":"https:\/\/www.foment.com\/es\/wp-json\/wp\/v2\/categories?post=184740"},{"taxonomy":"post_tag","embeddable":true,"href":"https:\/\/www.foment.com\/es\/wp-json\/wp\/v2\/tags?post=184740"}],"curies":[{"name":"wp","href":"https:\/\/api.w.org\/{rel}","templated":true}]}}