{"id":184815,"date":"2024-06-05T16:33:22","date_gmt":"2024-06-05T14:33:22","guid":{"rendered":"https:\/\/www.foment.com\/?p=184815"},"modified":"2024-06-05T17:25:23","modified_gmt":"2024-06-05T15:25:23","slug":"foment-del-treball-propone-su-plan-marruecos-2030-para-duplicar-las-exportaciones-catalanas-y-la-presencia-de-empresas","status":"publish","type":"post","link":"https:\/\/www.foment.com\/es\/foment-del-treball-propone-su-plan-marruecos-2030-para-duplicar-las-exportaciones-catalanas-y-la-presencia-de-empresas\/","title":{"rendered":"Foment del Treball propone su Plan Marruecos 2030 para duplicar las exportaciones catalanas y la presencia de empresas"},"content":{"rendered":"<section class=\"wpb-content-wrapper\"><p>[vc_row][vc_column][vc_column_text]<\/p>\n<ul>\n<li>El objetivo de la patronal catalana es incentivar sectores como el energ\u00e9tico, el tur\u00edstico, el agroalimentario, el log\u00edstico, el biom\u00e9dico, el del autom\u00f3vil y de infraestructuras<\/li>\n<li>Josep S\u00e1nchez Llibre adelanta que habr\u00e1 una nueva expedici\u00f3n empresarial a Marruecos el pr\u00f3ximo oto\u00f1o<\/li>\n<\/ul>\n<p>La delegaci\u00f3n empresarial catalana liderada por Foment del Treball ha mantenido una reuni\u00f3n con el ministro de Inversi\u00f3n, la Convergencia y la Evaluaci\u00f3n de las Pol\u00edticas P\u00fablicas del Reino de Marruecos, <strong>Mohcine Jazouli<\/strong>. El encuentro tambi\u00e9n cont\u00f3 con la participaci\u00f3n del embajador espa\u00f1ol en Marruecos y los copresidentes de CEMAES, <strong>Clemente Gonz\u00e1lez<\/strong> y <strong>Adil Rais<\/strong>. El presidente de Foment del Treball, <strong>Josep S\u00e1nchez Llibre<\/strong>, aprovech\u00f3 la reuni\u00f3n para presentar el Plan Marruecos 2030 de la patronal catalana con el objetivo de duplicar las exportaciones catalanas y la presencia de empresas.<\/p>\n<p>En 2023, las exportaciones de Catalu\u00f1a a Marruecos fueron de <strong>2.157 millones de euros, con un crecimiento del 93% seg\u00fan datos de 2023<\/strong>. Adem\u00e1s, hay 179 filiales de 151 empresas catalanas en Marruecos. El objetivo de la patronal catalana es incentivar sectores como el energ\u00e9tico, el tur\u00edstico, el agroalimentario, el log\u00edstico, el biom\u00e9dico, el del autom\u00f3vil y de infraestructuras. Adem\u00e1s, Josep S\u00e1nchez Llibre adelant\u00f3 que <strong>habr\u00e1 una nueva expedici\u00f3n empresarial a Marruecos este pr\u00f3ximo oto\u00f1o<\/strong>.<\/p>\n<p>El ministro Jazouli celebr\u00f3 la iniciativa y subray\u00f3 que \u201ces el momento de invertir y crecer en Marruecos\u201d y coincidi\u00f3 en que 2030 es un buen horizonte. El ministro tambi\u00e9n ha propuesto que <strong>las empresas catalanas y espa\u00f1olas trabajen de la mano con compa\u00f1\u00edas marroqu\u00edes<\/strong>. En este sentido, los copresidentes de CEMAES, Adil Rais y Clemente Gonz\u00e1lez, destacaron las oportunidades que presenta Marruecos para las empresas catalanas y espa\u00f1olas y, a su vez, que tambi\u00e9n es momento de que inversiones marroqu\u00edes aterricen en Catalu\u00f1a.<\/p>\n<p>Por su parte, el embajador espa\u00f1ol en Marruecos, Enrique Ojeda, manifest\u00f3 que \u201c<strong>este tipo de intercambios son muy relevantes<\/strong>; est\u00e1 claro que debemos permitir y fomentar que el sector privado haga su parte\u201d. El embajador tambi\u00e9n felicit\u00f3 la iniciativa de esta delegaci\u00f3n empresarial porque \u201cFoment hace lo que mejor sabe hacer: dinamizar la econom\u00eda catalana\u201d.[\/vc_column_text]<div class=\"flexslider wpb_content_element\"><ul class=\"slides\"><li><img src=\"https:\/\/www.foment.com\/wp-content\/uploads\/2024\/06\/WhatsApp-Image-2024-06-05-at-15.32.41.jpeg\" alt=\"\" \/><\/li><li><img src=\"https:\/\/www.foment.com\/wp-content\/uploads\/2024\/06\/WhatsApp-Image-2024-06-05-at-15.26.25.jpeg\" alt=\"\" \/><\/li><li><img src=\"https:\/\/www.foment.com\/wp-content\/uploads\/2024\/06\/WhatsApp-Image-2024-06-05-at-15.26.25-2.jpeg\" alt=\"\" \/><\/li><\/ul><\/div>[\/vc_column][\/vc_row]<\/p>\n<\/section>","protected":false},"excerpt":{"rendered":"<p>[vc_row][vc_column][vc_column_text] El objetivo de la patronal catalana es incentivar sectores como el energ\u00e9tico, el tur\u00edstico, el agroalimentario, el log\u00edstico, el biom\u00e9dico, el del autom\u00f3vil y de infraestructuras Josep S\u00e1nchez Llibre adelanta que habr\u00e1 una nueva expedici\u00f3n empresarial a Marruecos el pr\u00f3ximo oto\u00f1o La delegaci\u00f3n empresarial catalana liderada por Foment del Treball ha mantenido una reuni\u00f3n con el ministro de Inversi\u00f3n, la Convergencia y la Evaluaci\u00f3n de las Pol\u00edticas P\u00fablicas del Reino de Marruecos, Mohcine Jazouli. El encuentro tambi\u00e9n cont\u00f3 con la participaci\u00f3n del embajador espa\u00f1ol en Marruecos y los copresidentes de CEMAES, Clemente Gonz\u00e1lez y Adil Rais. El presidente de Foment del Treball, Josep S\u00e1nchez Llibre, aprovech\u00f3 la reuni\u00f3n para presentar el Plan Marruecos 2030 de la patronal catalana con el objetivo de duplicar las exportaciones catalanas y la presencia de empresas. En 2023, las exportaciones de Catalu\u00f1a a Marruecos fueron de 2.157 millones de euros, con un crecimiento del 93% seg\u00fan datos de 2023. Adem\u00e1s, hay 179 filiales de 151 empresas catalanas en Marruecos. El objetivo de la patronal catalana es incentivar sectores como el energ\u00e9tico, el tur\u00edstico, el agroalimentario, el log\u00edstico, el biom\u00e9dico, el del autom\u00f3vil y de infraestructuras. Adem\u00e1s, Josep S\u00e1nchez Llibre adelant\u00f3 que habr\u00e1 una nueva [&hellip;]<\/p>\n","protected":false},"author":281,"featured_media":184847,"comment_status":"closed","ping_status":"closed","sticky":false,"template":"","format":"standard","meta":{"_links_to":"","_links_to_target":""},"categories":[114,69,72,5714],"tags":[6543],"acf":[],"wps_subtitle":"","_links":{"self":[{"href":"https:\/\/www.foment.com\/es\/wp-json\/wp\/v2\/posts\/184815"}],"collection":[{"href":"https:\/\/www.foment.com\/es\/wp-json\/wp\/v2\/posts"}],"about":[{"href":"https:\/\/www.foment.com\/es\/wp-json\/wp\/v2\/types\/post"}],"author":[{"embeddable":true,"href":"https:\/\/www.foment.com\/es\/wp-json\/wp\/v2\/users\/281"}],"replies":[{"embeddable":true,"href":"https:\/\/www.foment.com\/es\/wp-json\/wp\/v2\/comments?post=184815"}],"version-history":[{"count":3,"href":"https:\/\/www.foment.com\/es\/wp-json\/wp\/v2\/posts\/184815\/revisions"}],"predecessor-version":[{"id":184857,"href":"https:\/\/www.foment.com\/es\/wp-json\/wp\/v2\/posts\/184815\/revisions\/184857"}],"wp:featuredmedia":[{"embeddable":true,"href":"https:\/\/www.foment.com\/es\/wp-json\/wp\/v2\/media\/184847"}],"wp:attachment":[{"href":"https:\/\/www.foment.com\/es\/wp-json\/wp\/v2\/media?parent=184815"}],"wp:term":[{"taxonomy":"category","embeddable":true,"href":"https:\/\/www.foment.com\/es\/wp-json\/wp\/v2\/categories?post=184815"},{"taxonomy":"post_tag","embeddable":true,"href":"https:\/\/www.foment.com\/es\/wp-json\/wp\/v2\/tags?post=184815"}],"curies":[{"name":"wp","href":"https:\/\/api.w.org\/{rel}","templated":true}]}}