{"id":184872,"date":"2024-06-06T15:47:56","date_gmt":"2024-06-06T13:47:56","guid":{"rendered":"https:\/\/www.foment.com\/?p=184872"},"modified":"2024-06-06T15:47:56","modified_gmt":"2024-06-06T13:47:56","slug":"foment-del-treball-firma-un-convenio-de-colaboracion-con-la-patronal-de-la-region-de-tanger-tetuan-alhucemas-para-crear-el-foro-empresarial-cataluna-tanger","status":"publish","type":"post","link":"https:\/\/www.foment.com\/es\/foment-del-treball-firma-un-convenio-de-colaboracion-con-la-patronal-de-la-region-de-tanger-tetuan-alhucemas-para-crear-el-foro-empresarial-cataluna-tanger\/","title":{"rendered":"Foment del Treball firma un convenio de colaboraci\u00f3n con la patronal de la regi\u00f3n de T\u00e1nger-Tetu\u00e1n-Alhucemas para crear el Foro Empresarial Catalu\u00f1a-T\u00e1nger"},"content":{"rendered":"<section class=\"wpb-content-wrapper\"><p>[vc_row][vc_column][vc_column_text]<\/p>\n<ul>\n<li>La patronal catalana y la Conf\u00e9d\u00e9ration G\u00e9n\u00e9rale des Enterprises du Maroc (CGEM) de la regi\u00f3n Norte suman esfuerzos para promover la inversi\u00f3n empresarial en Marruecos<\/li>\n<li>Josep S\u00e1nchez Llibre: \u201cVamos a facilitar que la zona de T\u00e1nger sea para las empresas catalanas un trampol\u00edn a Marruecos y a toda \u00c1frica\u201d<\/li>\n<\/ul>\n<p>Foment del Treball ha firmado un convenio de colaboraci\u00f3n con la patronal Conf\u00e9d\u00e9ration G\u00e9n\u00e9rale des Enterprises du Maroc (CGEM) de la regi\u00f3n de T\u00e1nger-Tetu\u00e1n-Alhucemas con el objetivo de mejorar la inversi\u00f3n empresarial de compa\u00f1\u00edas catalanas en Marruecos, as\u00ed como fomentar el intercambio de experiencias empresariales entre ambos pa\u00edses. Con este objetivo, el presidente de Foment del Treball, <strong>Josep S\u00e1nchez Llibre<\/strong>, y el presidente de la CGEM de la regi\u00f3n de T\u00e1nger-Tetu\u00e1n-Alhucemas, <strong>Adil Rais<\/strong>, han acordado un protocolo de actuaci\u00f3n para crear el Foro Empresarial Catalu\u00f1a-T\u00e1nger que ser\u00e1 un punto de encuentro permanente entre los tejidos productivos catal\u00e1n y del norte de Marruecos. Josep S\u00e1nchez Llibre ha asegurado que \u201c<strong>vamos a facilitar que la zona de T\u00e1nger sea para las empresas catalanas un trampol\u00edn a Marruecos y a toda \u00c1frica<\/strong>\u201d.<\/p>\n<p>La celebraci\u00f3n del acuerdo se ha formalizado tras la visita de la delegaci\u00f3n empresarial catalana liderada por el presidente S\u00e1nchez Llibre al puerto de T\u00e1nger-MED, el n\u00famero 19 del mundo en transporte de contenedores alcanzando la cifra de 9 millones de contenedores anuales. Esta misi\u00f3n comercial ha visitado desde el martes de esta semana las ciudades Casablanca, Rabat y T\u00e1nger, despertando un destacable inter\u00e9s del mundo econ\u00f3mico e institucional marroqu\u00ed. El presidente S\u00e1nchez Llibre ya avanz\u00f3 que <strong>en el oto\u00f1o de este a\u00f1o se realizar\u00e1 otra misi\u00f3n empresarial catalana en Marruecos<\/strong>.<\/p>\n<p>La regi\u00f3n de T\u00e1nger-Tetu\u00e1n-Alhucemas est\u00e1 registrando un sustancial crecimiento econ\u00f3mico, en cumplimiento del plan estrat\u00e9gico impulsado por el rey Mohammed VI, que ha cristalizado ya en una serie de proyectos emblem\u00e1ticos como la plataforma industrial T\u00e1nger-Med, inaugurada en 2009, con una gran ambici\u00f3n log\u00edstica.<\/p>\n<p>Actualmente, la regi\u00f3n, <strong>la segunda zona industrial en importancia de Reino de Marruecos<\/strong>, cuenta con 18 zonas industriales y \u00e1reas de actividad econ\u00f3mica operativas, que abarcan una superficie aproximada de 4.700 hect\u00e1reas. Adem\u00e1s, est\u00e1 previsto el lanzamiento de nuevas zonas de actividad econ\u00f3mica, con una extensi\u00f3n adicional de 300 hect\u00e1reas y una inversi\u00f3n de 1.000 millones de dirhams. La regi\u00f3n de T\u00e1nger-Tetu\u00e1n-Alhucemas aporta un 17% al PIB industrial nacional y se ha convertido en una referencia global en la industria del autom\u00f3vil.<\/p>\n<p>Adem\u00e1s, es destacable que en 2023 las exportaciones de Catalu\u00f1a a Marruecos fueron de 2.157 millones de euros y con un crecimiento de un 9,3% con datos de 2023. Adem\u00e1s, hay 179 filiales de 151 empresas catalanas en Marruecos. La intenci\u00f3n del <strong>Plan Marruecos 2030<\/strong> de Foment del Treball es duplicar estas cifras en 2030.[\/vc_column_text]<div class=\"flexslider wpb_content_element\"><ul class=\"slides\"><li><img src=\"https:\/\/www.foment.com\/wp-content\/uploads\/2024\/06\/WhatsApp-Image-2024-06-06-at-15.21.22.jpeg\" alt=\"\" \/><\/li><\/ul><\/div>[\/vc_column][\/vc_row]<\/p>\n<\/section>","protected":false},"excerpt":{"rendered":"<p>[vc_row][vc_column][vc_column_text] La patronal catalana y la Conf\u00e9d\u00e9ration G\u00e9n\u00e9rale des Enterprises du Maroc (CGEM) de la regi\u00f3n Norte suman esfuerzos para promover la inversi\u00f3n empresarial en Marruecos Josep S\u00e1nchez Llibre: \u201cVamos a facilitar que la zona de T\u00e1nger sea para las empresas catalanas un trampol\u00edn a Marruecos y a toda \u00c1frica\u201d Foment del Treball ha firmado un convenio de colaboraci\u00f3n con la patronal Conf\u00e9d\u00e9ration G\u00e9n\u00e9rale des Enterprises du Maroc (CGEM) de la regi\u00f3n de T\u00e1nger-Tetu\u00e1n-Alhucemas con el objetivo de mejorar la inversi\u00f3n empresarial de compa\u00f1\u00edas catalanas en Marruecos, as\u00ed como fomentar el intercambio de experiencias empresariales entre ambos pa\u00edses. Con este objetivo, el presidente de Foment del Treball, Josep S\u00e1nchez Llibre, y el presidente de la CGEM de la regi\u00f3n de T\u00e1nger-Tetu\u00e1n-Alhucemas, Adil Rais, han acordado un protocolo de actuaci\u00f3n para crear el Foro Empresarial Catalu\u00f1a-T\u00e1nger que ser\u00e1 un punto de encuentro permanente entre los tejidos productivos catal\u00e1n y del norte de Marruecos. Josep S\u00e1nchez Llibre ha asegurado que \u201cvamos a facilitar que la zona de T\u00e1nger sea para las empresas catalanas un trampol\u00edn a Marruecos y a toda \u00c1frica\u201d. La celebraci\u00f3n del acuerdo se ha formalizado tras la visita de la delegaci\u00f3n empresarial catalana liderada por el presidente S\u00e1nchez Llibre [&hellip;]<\/p>\n","protected":false},"author":281,"featured_media":184873,"comment_status":"closed","ping_status":"closed","sticky":false,"template":"","format":"standard","meta":{"_links_to":"","_links_to_target":""},"categories":[114,72,7534,5714],"tags":[6543],"acf":[],"wps_subtitle":"","_links":{"self":[{"href":"https:\/\/www.foment.com\/es\/wp-json\/wp\/v2\/posts\/184872"}],"collection":[{"href":"https:\/\/www.foment.com\/es\/wp-json\/wp\/v2\/posts"}],"about":[{"href":"https:\/\/www.foment.com\/es\/wp-json\/wp\/v2\/types\/post"}],"author":[{"embeddable":true,"href":"https:\/\/www.foment.com\/es\/wp-json\/wp\/v2\/users\/281"}],"replies":[{"embeddable":true,"href":"https:\/\/www.foment.com\/es\/wp-json\/wp\/v2\/comments?post=184872"}],"version-history":[{"count":1,"href":"https:\/\/www.foment.com\/es\/wp-json\/wp\/v2\/posts\/184872\/revisions"}],"predecessor-version":[{"id":184879,"href":"https:\/\/www.foment.com\/es\/wp-json\/wp\/v2\/posts\/184872\/revisions\/184879"}],"wp:featuredmedia":[{"embeddable":true,"href":"https:\/\/www.foment.com\/es\/wp-json\/wp\/v2\/media\/184873"}],"wp:attachment":[{"href":"https:\/\/www.foment.com\/es\/wp-json\/wp\/v2\/media?parent=184872"}],"wp:term":[{"taxonomy":"category","embeddable":true,"href":"https:\/\/www.foment.com\/es\/wp-json\/wp\/v2\/categories?post=184872"},{"taxonomy":"post_tag","embeddable":true,"href":"https:\/\/www.foment.com\/es\/wp-json\/wp\/v2\/tags?post=184872"}],"curies":[{"name":"wp","href":"https:\/\/api.w.org\/{rel}","templated":true}]}}