{"id":184969,"date":"2024-06-11T12:31:53","date_gmt":"2024-06-11T10:31:53","guid":{"rendered":"https:\/\/www.foment.com\/?p=184969"},"modified":"2024-06-14T08:12:00","modified_gmt":"2024-06-14T06:12:00","slug":"jornada-de-prl-trabajadores-saludables-empresas-exitosas","status":"publish","type":"post","link":"https:\/\/www.foment.com\/es\/jornada-de-prl-trabajadores-saludables-empresas-exitosas\/","title":{"rendered":"Jornada de PRL. Trabajadores saludables, empresas exitosas"},"content":{"rendered":"<section class=\"wpb-content-wrapper\"><p>[vc_row][vc_column][vc_single_image image=\u00bb180397&#8243; img_size=\u00bblarge\u00bb alignment=\u00bbcenter\u00bb][vc_column_text]<\/p>\n<p style=\"text-align: justify;\">En un mundo donde el trabajo ocupa una parte significativa de nuestras vidas, es esencial reconocer que la salud y el bienestar de los empleados es clave para el rendimiento y el \u00e9xito organizacional. Numerosos estudios subrayan la correlaci\u00f3n entre la mala salud de los empleados, el absentismo y la disminuci\u00f3n del rendimiento.<\/p>\n<p style=\"text-align: justify;\">La adopci\u00f3n de h\u00e1bitos saludables no solo puede generar una disminuci\u00f3n de las enfermedades y los costes asociados, sino que tambi\u00e9n puede conducir a un aumento del rendimiento, as\u00ed como una poblaci\u00f3n trabajadora m\u00e1s saludable, motivada, integrada y con un mejor clima laboral.<\/p>\n<p style=\"text-align: justify;\">A lo largo de la jornada se explor\u00f3 c\u00f3mo los programas de bienestar pueden abordar estos aspectos y contribuir no solo a la prevenci\u00f3n de riesgos laborales, sino tambi\u00e9n al fomento de un estilo de vida saludable y al fortalecimiento del bienestar integral de los trabajadores. Asimismo, se di\u00f3 a conocer el informe de resultados de la encuesta para identificar las acciones y proyectos de bienestar laboral, editado por Foment del Treball en el a\u00f1o 2023.<\/p>\n<p>[\/vc_column_text][\/vc_column][\/vc_row][vc_row top_padding=\u00bb20&#8243;][vc_column width=\u00bb1\/1&#8243;][vc_column_text]<\/p>\n<h1><span style=\"color: #d2112d;\">V\u00eddeo de la jornada<\/span><\/h1>\n<p>[\/vc_column_text][vc_video link=\u00bbhttps:\/\/www.youtube.com\/watch?v=RUeVBjLvT7Y&amp;t=6378s\u00bb align=\u00bbcenter\u00bb][\/vc_column][\/vc_row][vc_row top_padding=\u00bb40&#8243;][vc_column width=\u00bb1\/1&#8243;][vc_column_text]<\/p>\n<h1><span style=\"color: #d2112d;\">Documentaci\u00f3n de la jornada<\/span><\/h1>\n<p>[\/vc_column_text][\/vc_column][\/vc_row][vc_row top_padding=\u00bb20&#8243;][vc_column width=\u00bb1\/3&#8243;][vc_column_text]<\/p>\n<h3>Programa<\/h3>\n<p>Trabajadores saludables, empresas exitosas.[\/vc_column_text]<a href=\"https:\/\/fomentdeltreball.sharepoint.com\/:b:\/g\/EdlaqzdNhi1Blq7j7z8vT4AB6L1e3WK6xW6Q72ZgO2YsYg?e=tv0fO2\" target=\"_self\" class=\"button color-2 medium \" style=\"border-radius: 2px;\">Descargar<\/a>[\/vc_column][vc_column width=\u00bb1\/3&#8243;][vc_column_text]<\/p>\n<h3>Ponencia<\/h3>\n<p>Biwel y Universidad de Vic.<br \/>\nPresentaci\u00f3n de resultados.[\/vc_column_text]<a href=\"https:\/\/www.foment.com\/wp-content\/uploads\/2024\/06\/PonenciaPRL_bienestar1.pdf\" target=\"_self\" class=\"button color-2 medium \" style=\"border-radius: 2px;\">Descargar<\/a>[\/vc_column][\/vc_row][vc_row top_padding=\u00bb20&#8243;][vc_column width=\u00bb1\/3&#8243;][vc_column_text]<\/p>\n<h3>Ponencia<\/h3>\n<p>Mango.<br \/>\nWe Care Plan.[\/vc_column_text]<a href=\"https:\/\/www.foment.com\/wp-content\/uploads\/2024\/06\/PonenciaPRL_bienestar2.pdf\" target=\"_self\" class=\"button color-2 medium \" style=\"border-radius: 2px;\">Descargar<\/a>[\/vc_column][vc_column width=\u00bb1\/3&#8243;][vc_column_text]<\/p>\n<h3>Ponencia<\/h3>\n<p>Molins.<br \/>\nGo Wellbeing.[\/vc_column_text]<a href=\"https:\/\/www.foment.com\/wp-content\/uploads\/2024\/06\/PonenciaPRL_bienestar3.pdf\" target=\"_self\" class=\"button color-2 medium \" style=\"border-radius: 2px;\">Descargar<\/a>[\/vc_column][vc_column width=\u00bb1\/3&#8243;][vc_column_text]<\/p>\n<h3>Ponencia<\/h3>\n<p>Cirsa.<br \/>\nEnjoy life with us.[\/vc_column_text]<a href=\"https:\/\/www.foment.com\/wp-content\/uploads\/2024\/06\/PonenciaPRL_bienestar4.pdf\" target=\"_self\" class=\"button color-2 medium \" style=\"border-radius: 2px;\">Descargar<\/a>[\/vc_column][\/vc_row][vc_row top_padding=\u00bb40&#8243;][vc_column width=\u00bb1\/1&#8243;][vc_column_text]<\/p>\n<h1><span style=\"color: #d2112d;\">Documentaci\u00f3n relacionada<\/span><\/h1>\n<p>[\/vc_column_text][\/vc_column][\/vc_row][vc_row top_padding=\u00bb20&#8243;][vc_column width=\u00bb2\/3&#8243;][vc_column_text]<\/p>\n<h3>Encuesta para identificar las acciones y proyectos de bienestar en el trabajo<\/h3>\n<p style=\"text-align: justify;\">Para identificar las acciones, estrategias y proyectos que las grandes empresas (\u2265250 trabajadores), que tengan domicilio, sede o establecimiento en Catalu\u00f1a, est\u00e1n realizando para promover el bienestar en el trabajo se desarroll\u00f3 una encuesta, de 70 preguntas y validada por un grupo de 20 expertos de diferentes entidades p\u00fablicas. Este documento recoge los principales resultados de la encuesta y nos ha permitido conocer e identificar los proyectos de promoci\u00f3n de la salud en el trabajo que se han llevado y se est\u00e1n llevando a cabo por las empresas catalanas.<\/p>\n<p>[\/vc_column_text][\/vc_column][vc_column text_align=\u00bbcenter\u00bb width=\u00bb1\/3&#8243;][vc_single_image image=\u00bb176802&#8243; img_size=\u00bbmedium\u00bb alignment=\u00bbcenter\u00bb]<a href=\"https:\/\/www.foment.com\/es\/items\/encuesta-para-identificar-las-acciones-y-proyectos-de-bienestar-en-el-trabajo\/\" target=\"_self\" class=\"button color-2 medium \" style=\"border-radius: 2px;\">Descargar<\/a>[\/vc_column][\/vc_row][vc_row top_padding=\u00bb60&#8243;][vc_column width=\u00bb2\/3&#8243;][vc_column_text]<\/p>\n<h3>Ideas Clave<\/h3>\n<p style=\"text-align: justify;\">Esta infograf\u00eda es una representaci\u00f3n visual que resume las principales ideas y conceptos expuestos durante el transcurso de la jornada. El contenido del documento ofrece una s\u00edntesis del contenido presentado, destacando las 10 ideas m\u00e1s relevantes y destilando la informaci\u00f3n clave para conseguir una comprensi\u00f3n r\u00e1pida y efectiva de los temas tratados durante el acto.<\/p>\n<p>[\/vc_column_text][\/vc_column][vc_column text_align=\u00bbcenter\u00bb width=\u00bb1\/3&#8243;][vc_single_image image=\u00bb185012&#8243; img_size=\u00bbmedium\u00bb alignment=\u00bbcenter\u00bb]<a href=\"https:\/\/www.foment.com\/wp-content\/uploads\/2024\/06\/IDEAS-CLAVE_BIENESTAR_ESP.pdf\" target=\"_self\" class=\"button color-2 medium \" style=\"border-radius: 2px;\">Descargar<\/a>[\/vc_column][\/vc_row]<\/p>\n<\/section>","protected":false},"excerpt":{"rendered":"<p>[vc_row][vc_column][vc_single_image image=\u00bb180397&#8243; img_size=\u00bblarge\u00bb alignment=\u00bbcenter\u00bb][vc_column_text] En un mundo donde el trabajo ocupa una parte significativa de nuestras vidas, es esencial reconocer que la salud y el bienestar de los empleados es clave para el rendimiento y el \u00e9xito organizacional. Numerosos estudios subrayan la correlaci\u00f3n entre la mala salud de los empleados, el absentismo y la disminuci\u00f3n del rendimiento. La adopci\u00f3n de h\u00e1bitos saludables no solo puede generar una disminuci\u00f3n de las enfermedades y los costes asociados, sino que tambi\u00e9n puede conducir a un aumento del rendimiento, as\u00ed como una poblaci\u00f3n trabajadora m\u00e1s saludable, motivada, integrada y con un mejor clima laboral. A lo largo de la jornada se explor\u00f3 c\u00f3mo los programas de bienestar pueden abordar estos aspectos y contribuir no solo a la prevenci\u00f3n de riesgos laborales, sino tambi\u00e9n al fomento de un estilo de vida saludable y al fortalecimiento del bienestar integral de los trabajadores. Asimismo, se di\u00f3 a conocer el informe de resultados de la encuesta para identificar las acciones y proyectos de bienestar laboral, editado por Foment del Treball en el a\u00f1o 2023. [\/vc_column_text][\/vc_column][\/vc_row][vc_row top_padding=\u00bb20&#8243;][vc_column width=\u00bb1\/1&#8243;][vc_column_text] V\u00eddeo de la jornada [\/vc_column_text][vc_video link=\u00bbhttps:\/\/www.youtube.com\/watch?v=RUeVBjLvT7Y&amp;t=6378s\u00bb align=\u00bbcenter\u00bb][\/vc_column][\/vc_row][vc_row top_padding=\u00bb40&#8243;][vc_column width=\u00bb1\/1&#8243;][vc_column_text] Documentaci\u00f3n de la jornada [\/vc_column_text][\/vc_column][\/vc_row][vc_row top_padding=\u00bb20&#8243;][vc_column width=\u00bb1\/3&#8243;][vc_column_text] Programa Trabajadores saludables, empresas exitosas.[\/vc_column_text][\/vc_column][vc_column [&hellip;]<\/p>\n","protected":false},"author":15,"featured_media":182683,"comment_status":"closed","ping_status":"closed","sticky":false,"template":"","format":"standard","meta":{"_links_to":"","_links_to_target":""},"categories":[6578,216],"tags":[985,417,1497],"acf":[],"wps_subtitle":"<strong>Actividad realizada en el marco del proyecto acciones de promoci\u00f3n de la mejora de las condiciones de seguridad y salud laboral del tejido empresarial catal\u00e1n, especialmente en las peque\u00f1as y medianas empresas<\/strong>","_links":{"self":[{"href":"https:\/\/www.foment.com\/es\/wp-json\/wp\/v2\/posts\/184969"}],"collection":[{"href":"https:\/\/www.foment.com\/es\/wp-json\/wp\/v2\/posts"}],"about":[{"href":"https:\/\/www.foment.com\/es\/wp-json\/wp\/v2\/types\/post"}],"author":[{"embeddable":true,"href":"https:\/\/www.foment.com\/es\/wp-json\/wp\/v2\/users\/15"}],"replies":[{"embeddable":true,"href":"https:\/\/www.foment.com\/es\/wp-json\/wp\/v2\/comments?post=184969"}],"version-history":[{"count":16,"href":"https:\/\/www.foment.com\/es\/wp-json\/wp\/v2\/posts\/184969\/revisions"}],"predecessor-version":[{"id":185415,"href":"https:\/\/www.foment.com\/es\/wp-json\/wp\/v2\/posts\/184969\/revisions\/185415"}],"wp:featuredmedia":[{"embeddable":true,"href":"https:\/\/www.foment.com\/es\/wp-json\/wp\/v2\/media\/182683"}],"wp:attachment":[{"href":"https:\/\/www.foment.com\/es\/wp-json\/wp\/v2\/media?parent=184969"}],"wp:term":[{"taxonomy":"category","embeddable":true,"href":"https:\/\/www.foment.com\/es\/wp-json\/wp\/v2\/categories?post=184969"},{"taxonomy":"post_tag","embeddable":true,"href":"https:\/\/www.foment.com\/es\/wp-json\/wp\/v2\/tags?post=184969"}],"curies":[{"name":"wp","href":"https:\/\/api.w.org\/{rel}","templated":true}]}}