{"id":185237,"date":"2022-06-23T23:06:53","date_gmt":"2022-06-23T21:06:53","guid":{"rendered":"https:\/\/www.foment.com\/?p=185237"},"modified":"2024-06-11T23:07:25","modified_gmt":"2024-06-11T21:07:25","slug":"ernest-plana-foeg-a-les-empreses-de-girona-els-preocupa-de-forma-primordial-la-manca-de-ma-dobra","status":"publish","type":"post","link":"https:\/\/www.foment.com\/es\/ernest-plana-foeg-a-les-empreses-de-girona-els-preocupa-de-forma-primordial-la-manca-de-ma-dobra\/","title":{"rendered":"Ernest Plana (FOEG): \u201cA les empreses de Girona els preocupa de forma primordial la manca de m\u00e0 d\u2019obra\u201d"},"content":{"rendered":"<p>Des de 1987, la\u00a0<a href=\"http:\/\/www.foeg.cat\/\">Federaci\u00f3 d\u2019Organitzacions Empresarials de Girona<\/a>\u00a0(FOEG) treballa per representar i defensar les empreses, organitzacions sectorials i gremis de les comarques gironines. Compta actualment amb m\u00e9s de setanta associats que representen prop de 15.000 companyies de tots els sectors.<\/p>\n<p>Per saber m\u00e9s detall sobre les empreses de Girona i quins s\u00f3n els principals reptes de futur de la patronal, parlem amb Ernest Plana Larrousse, President de FOEG.<\/p>\n<p><strong>Ara que sembla que recuperem la normalitat despr\u00e9s de dos anys complicats, com est\u00e0 la salut de les empreses del territori?<\/strong><\/p>\n<p>La salut de les empreses \u00e9s bona, sin\u00f3 no haurien pogut resistir. Per\u00f2 potser no estic massa d\u2019acord en que han acabat dos anys complicats. A nivell empresarial, els problemes i les \u201cinseguretats\u201d s\u00f3n m\u00e9s fortes que mai.<\/p>\n<p>El preu i la dificultat en fer previsions del tema energ\u00e8tic, la impossibilitat de comprar algunes mat\u00e8ries primeres o components, no hi ha cap previsi\u00f3 de com evolucionar\u00e0 el transport, ara amb fortes aturades al port de Shangai, quan i com acabar\u00e0 la guerra d\u2019Ucra\u00efna\u2026<\/p>\n<p>Les nostres pr\u00f2pies infraestructures, manca de personal format, la inflaci\u00f3 disparada \u2026 No \u00e9s pas una \u00e8poca f\u00e0cil per les empreses.<\/p>\n<p><strong>Quines s\u00f3n les principals preocupacions i necessitats de les empreses de Girona?<\/strong><\/p>\n<p>Com he apuntat en l\u2019anterior pregunta, a les empreses de Girona els preocupa de forma primordial la manca de m\u00e0 d\u2019obra, massa anys que s\u2019ha deixat de banda l\u2019FP, ens passa factura.<\/p>\n<p>Som un pa\u00eds amb una c\u00e0rrega fiscal molt alta, tenim l\u2019impost de successions que dificulta els relleus, les empreses no reben cap est\u00edmul en positiu.<\/p>\n<p><strong>La manca de personal qualificat per a diferents sectors professionals segueix sent una realitat. Com es pot revertir aquesta situaci\u00f3?<\/strong><\/p>\n<p>Les administracions sembla que comencen a prendre consci\u00e8ncia de la necessitat, per\u00f2 \u00e9s un proc\u00e9s lent perqu\u00e8 a l\u2019administraci\u00f3 els canvis sempre costen. I socialment encara tenim molta feina per prestigiar la formaci\u00f3 professional i els oficis tal i com es mereixen.<\/p>\n<p>Els empresaris tamb\u00e9 podem fer, haur\u00edem de ser els primers en fer una aposta per la formaci\u00f3, i comen\u00e7ar pels treballadors de la pr\u00f2pia empresa, fer que disposin d\u2019un pla de formaci\u00f3 i de treball i que puguin optar a prosperar dins la pr\u00f2pia companyia.<\/p>\n<p><strong>Els joves s\u00f3n conscients de les oportunitats laborals i de futur que ofereixen els sectors productius?<\/strong><\/p>\n<p>Probablement no suficient. Els mitjans de comunicaci\u00f3 podrien ajudar molt en aquest sentit, les pel\u00b7l\u00edcules, les s\u00e8ries, les entrevistes aposten per altres valors\u2026 i altre cop, tamb\u00e9 \u00e9s feina dels empresaris explicar-ho. Per aix\u00f2 des de la FOEG fa anys que fem pedagogia a diferents escoles del territori, no es pot voler fer una cosa que no coneixes.<\/p>\n<p><strong>La pand\u00e8mia va obligar a les empreses a accelerar la digitalitzaci\u00f3. Com s\u2019hi ha adaptat les empreses de Girona?<\/strong><\/p>\n<p>A Girona tenim moltes empreses punteres i que com a tal, estan adaptades a totes les tecnologies que requereixen el mercat.<\/p>\n<p>\u00c9s cert, per\u00f2, que hi ha altres empreses i petits negocis on els canvis costen m\u00e9s, simplement perqu\u00e8 pocs treballadors han de gestionar tots els temes i aix\u00f2 cada vegada \u00e9s m\u00e9s complicat.<\/p>\n<p><strong>Creieu que els fons Next Generation s\u00f3n una oportunitat per al teixit empresarial del territori?<\/strong><\/p>\n<p>Els Fons Next Generation segur que ajuden, potser s\u2019haguessin pogut gestionar d\u2019una altra manera, per\u00f2 en tot cas, tota ajuda \u00e9s bona, i les organitzacions territorials i sectorials estem treballant perqu\u00e8 es coneguin i les petites empreses en disposin.<\/p>\n<p><strong>Quins s\u00f3n ara els principals reptes de futur de la FOEG?<\/strong><\/p>\n<p>Els reptes de la FOEG s\u00f3n els reptes empresarials de pa\u00eds.\u00a0<u>Energia i medi ambient<\/u>, canvis als que les empreses s\u2019hauran d\u2019adaptar en molts poc temps.\u00a0<u>Log\u00edstica i mobilitat<\/u>\u00a0\u00e9s un altre gran \u00e0rea a treballar i que tamb\u00e9 est\u00e0 predestinada a grans canvis. I la\u00a0<u>formaci\u00f3 de les noves generacions<\/u>\u00a0per tal que el sistema educatiu i el sistema laboral vagin molt m\u00e9s en conson\u00e0ncia.<\/p>\n<p>Aquests s\u00f3n els nostres principals eixos de treball, el m\u00f3n ens els marca.<\/p>\n","protected":false},"excerpt":{"rendered":"<p>Des de 1987, la\u00a0Federaci\u00f3 d\u2019Organitzacions Empresarials de Girona\u00a0(FOEG) treballa per representar i defensar les empreses, organitzacions sectorials i gremis de les comarques gironines. Compta actualment amb m\u00e9s de setanta associats que representen prop de 15.000 companyies de tots els sectors. Per saber m\u00e9s detall sobre les empreses de Girona i quins s\u00f3n els principals reptes de futur de la patronal, parlem amb Ernest Plana Larrousse, President de FOEG. Ara que sembla que recuperem la normalitat despr\u00e9s de dos anys complicats, com est\u00e0 la salut de les empreses del territori? La salut de les empreses \u00e9s bona, sin\u00f3 no haurien pogut resistir. Per\u00f2 potser no estic massa d\u2019acord en que han acabat dos anys complicats. A nivell empresarial, els problemes i les \u201cinseguretats\u201d s\u00f3n m\u00e9s fortes que mai. El preu i la dificultat en fer previsions del tema energ\u00e8tic, la impossibilitat de comprar algunes mat\u00e8ries primeres o components, no hi ha cap previsi\u00f3 de com evolucionar\u00e0 el transport, ara amb fortes aturades al port de Shangai, quan i com acabar\u00e0 la guerra d\u2019Ucra\u00efna\u2026 Les nostres pr\u00f2pies infraestructures, manca de personal format, la inflaci\u00f3 disparada \u2026 No \u00e9s pas una \u00e8poca f\u00e0cil per les empreses. Quines s\u00f3n les principals preocupacions i necessitats [&hellip;]<\/p>\n","protected":false},"author":1,"featured_media":185234,"comment_status":"closed","ping_status":"closed","sticky":false,"template":"","format":"standard","meta":{"_links_to":"","_links_to_target":""},"categories":[8406],"tags":[8424],"acf":[],"wps_subtitle":"","_links":{"self":[{"href":"https:\/\/www.foment.com\/es\/wp-json\/wp\/v2\/posts\/185237"}],"collection":[{"href":"https:\/\/www.foment.com\/es\/wp-json\/wp\/v2\/posts"}],"about":[{"href":"https:\/\/www.foment.com\/es\/wp-json\/wp\/v2\/types\/post"}],"author":[{"embeddable":true,"href":"https:\/\/www.foment.com\/es\/wp-json\/wp\/v2\/users\/1"}],"replies":[{"embeddable":true,"href":"https:\/\/www.foment.com\/es\/wp-json\/wp\/v2\/comments?post=185237"}],"version-history":[{"count":2,"href":"https:\/\/www.foment.com\/es\/wp-json\/wp\/v2\/posts\/185237\/revisions"}],"predecessor-version":[{"id":185239,"href":"https:\/\/www.foment.com\/es\/wp-json\/wp\/v2\/posts\/185237\/revisions\/185239"}],"wp:featuredmedia":[{"embeddable":true,"href":"https:\/\/www.foment.com\/es\/wp-json\/wp\/v2\/media\/185234"}],"wp:attachment":[{"href":"https:\/\/www.foment.com\/es\/wp-json\/wp\/v2\/media?parent=185237"}],"wp:term":[{"taxonomy":"category","embeddable":true,"href":"https:\/\/www.foment.com\/es\/wp-json\/wp\/v2\/categories?post=185237"},{"taxonomy":"post_tag","embeddable":true,"href":"https:\/\/www.foment.com\/es\/wp-json\/wp\/v2\/tags?post=185237"}],"curies":[{"name":"wp","href":"https:\/\/api.w.org\/{rel}","templated":true}]}}