{"id":185461,"date":"2022-06-16T16:29:46","date_gmt":"2022-06-16T14:29:46","guid":{"rendered":"https:\/\/www.foment.com\/?p=185461"},"modified":"2024-06-14T16:30:05","modified_gmt":"2024-06-14T14:30:05","slug":"fundacion-salud-y-persona-una-buena-salud-mental-es-fundamental-para-el-rendimiento-y-productividad-de-las-empresas","status":"publish","type":"post","link":"https:\/\/www.foment.com\/es\/fundacion-salud-y-persona-una-buena-salud-mental-es-fundamental-para-el-rendimiento-y-productividad-de-las-empresas\/","title":{"rendered":"Fundaci\u00f3n Salud y Persona: \u201cUna buena salud mental es fundamental para el rendimiento y productividad de las empresas\u201d"},"content":{"rendered":"<p>La\u00a0<a href=\"https:\/\/fundacionsaludypersona.org\/\">Fundaci\u00f3n Salud y Personsa<\/a>\u00a0es una entidad l\u00edder en servicios de apoyo y de atenci\u00f3n psicol\u00f3gica tanto de forma presencial en consulta en sus m\u00e1s de 400 centros, as\u00ed como en atenci\u00f3n telef\u00f3nica psicol\u00f3gica 24 h dirigido a empresas y organizaciones para sus clientes y para sus empleados y familia. Actualmente tienen derecho a sus servicios 7.500.000 personas en toda Espa\u00f1a.<\/p>\n<p>Para conocer m\u00e1s detalles de su labor, hablamos con Javier Mirallas, Presidente del Patronato de la Fundaci\u00f3n Salud y Persona, y con Joan Pi\u00f1ol, su Director General.<\/p>\n<p><strong>\u00bfCu\u00e1ndo naci\u00f3 la Fundaci\u00f3n Salud y Persona y cu\u00e1l es su misi\u00f3n principal?<\/strong><\/p>\n<p>La Fundaci\u00f3n naci\u00f3 en 2016 y nuestra misi\u00f3n es dar apoyo y atenci\u00f3n psicol\u00f3gica a la poblaci\u00f3n en general ante las dificultades emocionales del d\u00eda a d\u00eda y realizar acci\u00f3n fundacional con la mejora de la salud integral de aquellas personas mayores que est\u00e9n en una situaci\u00f3n de precariedad, soledad o riesgo de exclusi\u00f3n social ayudando econ\u00f3micamente a entidades sociales.<\/p>\n<p>Tambi\u00e9n damos apoyo a aquellas entidades sin \u00e1nimo de lucro que act\u00faan en situaciones de crisis humanitarias.<\/p>\n<p><strong>\u00bfQu\u00e9 tipo de servicios ofrec\u00e9is?<\/strong><\/p>\n<p>Ofrecemos programas de atenci\u00f3n psicol\u00f3gica telef\u00f3nica 24 horas, atenci\u00f3n presencial en consulta y on line, tanto a empleados como a clientes. As\u00ed potenciamos la prevenci\u00f3n y la salud psicol\u00f3gica en las organizaciones.<\/p>\n<p>Tambi\u00e9n ofrecemos servicios de formaci\u00f3n en el \u00e1mbito de la salud y bienestar psicol\u00f3gico y emocional.<\/p>\n<p>Contar con equipos emocionalmente saludables significa disponer de un compromiso mayor con la empresa y facilita un mejor clima de trabajo. Apostar por el bienestar emocional de los colaboradores y clientes tiene un impacto muy positivo en la organizaci\u00f3n y en definitiva para la sociedad.<\/p>\n<p><strong>\u00bfQu\u00e9 profesionales forman el equipo de la fundaci\u00f3n?<\/strong><\/p>\n<p>A parte del equipo de estructura y soporte, en su totalidad son psic\u00f3logos generales sanitarios con amplia experiencia.<\/p>\n<p><strong>\u00bfLas empresas son conscientes de la importancia de la salud mental y el bienestar emocional?<\/strong><\/p>\n<p>Cada vez m\u00e1s la sociedad est\u00e1 viendo la necesidad de contar con un apoyo profesional en el \u00e1mbito de la salud mental ante situaciones de todo tipo. Tanto en nuestro entorno personal como en el laboral podemos vivir experiencias complicadas: estr\u00e9s, depresi\u00f3n, adicciones, enfermedades graves, ansiedad, p\u00e9rdidas\u2026<\/p>\n<p>El estr\u00e9s laboral en nuestro pa\u00eds es el motivo del casi 25% de las bajas laborales. Seg\u00fan el Instituto Nacional de la Seguridad Social (INSS) este tipo de incapacidad laboral conlleva una baja de en torno a 83 d\u00edas.<\/p>\n<p>Por tanto, invertir en el tratamiento y prevenci\u00f3n de trastornos mentales supone a la larga un beneficio econ\u00f3mico para empresas y organizaciones.<\/p>\n<p><strong>\u00bfQu\u00e9 caracter\u00edsticas tiene una Empresa Emocionalmente Saludable?<\/strong><\/p>\n<p>Una Empresa Emocionalmente Saludable es aquella que promueve y protege la salud emocional, seguridad y el bienestar de las personas con las que interact\u00faa. Este concepto es fundamental en el marco de la Responsabilidad Social Empresarial.<\/p>\n<p>Las empresas que apuestan por integrar la salud psicol\u00f3gica en su organizaci\u00f3n invierten en:<\/p>\n<ul>\n<li>Mejorar el entorno del lugar del trabajo (PRL) con ello reducen accidentes y por tanto mejoran en salud.<\/li>\n<li>Integrar pautas en su d\u00eda a d\u00eda a trav\u00e9s de talleres formativos.<\/li>\n<li>Dar apoyo psicoemocional tanto a los miembros de la organizaci\u00f3n como a sus familias.<\/li>\n<li>Organizar acciones para la plantilla de participaci\u00f3n con la comunidad (voluntariado, acci\u00f3n social\u2026). Adem\u00e1s de ayudar a los dem\u00e1s, aporta satisfacci\u00f3n, cohesi\u00f3n, compromiso\u2026<\/li>\n<\/ul>\n<p>Desde la Fundaci\u00f3n Salud y Persona certificamos a todos nuestros clientes con el sello de Empresa Emocionalmente Saludable (EES) por el apoyo y ayuda en Atenci\u00f3n Psicol\u00f3gica que dan a sus empleados\/as y familia.<\/p>\n<p>De este modo certificamos a aquellas empresas que promueven, velan y protegen la salud emocional, seguridad y bienestar de las personas con las que interact\u00faa.<\/p>\n<p>Este concepto es fundamental en el marco de la salud, bienestar, la RSC y la Prevenci\u00f3n.<\/p>\n<p><a href=\"https:\/\/www.foment.com\/wp-content\/uploads\/2024\/06\/salud1-300x150.jpg.webp\"><img loading=\"lazy\" class=\"size-full wp-image-185453 alignleft\" src=\"https:\/\/www.foment.com\/wp-content\/uploads\/2024\/06\/salud1-300x150.jpg.webp\" alt=\"\" width=\"300\" height=\"150\" \/><\/a><\/p>\n<p><strong>\u00bfC\u00f3mo pueden las compa\u00f1\u00edas mejorar y trabajar para el bienestar de sus empleados?<\/strong><\/p>\n<p>Afortunadamente cada vez hay m\u00e1s empresas que entienden c\u00f3mo es de importante cuidar la salud emocional de sus empleados y familias.<\/p>\n<p>Hay diferentes formas de hacerlo, con programas adaptados a las necesidades de cada organizaci\u00f3n que vayan desde la prevenci\u00f3n y soporte, pasando por webinars de bienestar, con grupos de soporte emocional, apoyo psicol\u00f3gico telef\u00f3nico 24 horas o incluso consultas presenciales.<\/p>\n<p>Los beneficios de cuidar a los empleados y que disfruten de una salud emocional positiva, permite aumentar el ROI de la organizaci\u00f3n. Se consigue reducir el absentismo, las bajas laborales y la rotaci\u00f3n, lo que se traduce en mayor productividad, eficacia, compromiso y creatividad.<\/p>\n<p>Una empresa que cuida el bienestar emocional de sus empleados, mejora en la comunicaci\u00f3n y motivaci\u00f3n de sus equipos, que se traduce en un mayor compromiso con la organizaci\u00f3n, liderazgos m\u00e1s saludables, actitudes m\u00e1s positivas e incluso aumento de la productividad.<\/p>\n<p><strong>La pandemia ha puesto la importancia de la salud mental sobre la mesa, pero a\u00fan queda mucho trabajo por hacer. \u00bfCu\u00e1les son los obst\u00e1culos m\u00e1s comunes que os encontr\u00e1is en el d\u00eda a d\u00eda?<\/strong><\/p>\n<p>La estigmatizaci\u00f3n de la salud mental, aunque cada vez menos, sigue existiendo en entidades a las que las palabras psicolog\u00eda y salud mental les sigue generando respeto.<\/p>\n<p>Cuando nos veamos igual de comprometidos con la salud emocional como lo estamos hasta ahora con la salud f\u00edsica, habremos avanzado en el buen sentido y creemos que as\u00ed est\u00e1 siendo.<\/p>\n<p><strong>Desde la Fundaci\u00f3n tambi\u00e9n ofrec\u00e9is formaci\u00f3n. \u00bfQu\u00e9 tipo de cursos hab\u00e9is dise\u00f1ado y a qui\u00e9n van dirigidos?<\/strong><\/p>\n<p>Desde la Fundaci\u00f3n Salud y Persona, entendemos la formaci\u00f3n como una herramienta en la prevenci\u00f3n y a la vez como una inversi\u00f3n en la salud de los equipos con el fin de mejorar el bienestar emocional de la organizaci\u00f3n.<\/p>\n<p>Nuestra oferta formativa va desde los primeros auxilios psicol\u00f3gicos a gestionar las emociones, potenciar la inteligencia emocional, pasando por la gesti\u00f3n del estr\u00e9s, la comunicaci\u00f3n asertiva o el liderazgo positivo y saludable.<\/p>\n<p>Ofrecemos diferentes cursos adaptados a las necesidades de las organizaciones, tanto en formato como en contenidos. Son impartidos por psic\u00f3logos\/as general sanitarios con amplia experiencia tanto en formaci\u00f3n como en asistencia psicol\u00f3gica y emocional en consulta. La finalidad de estos es mejorar el bienestar emocional de la organizaci\u00f3n y reducir los riesgos psicosociales.<\/p>\n<p><strong>\u00bfCu\u00e1les son los principales retos de futuro de la Fundaci\u00f3n Salud y Persona?<\/strong><\/p>\n<p>Ser un referente de calidad y servicio en apoyo y salud psicol\u00f3gica para toda la poblaci\u00f3n.<\/p>\n<p>En el \u00e1mbito fundacional realizar cada vez una mayor acci\u00f3n social y poder ayudar a m\u00e1s entidades y proyectos<\/p>\n<p>Siempre resaltando esta labor con transparencia, honestidad, solidaridad y solvencia.<\/p>\n","protected":false},"excerpt":{"rendered":"<p>La\u00a0Fundaci\u00f3n Salud y Personsa\u00a0es una entidad l\u00edder en servicios de apoyo y de atenci\u00f3n psicol\u00f3gica tanto de forma presencial en consulta en sus m\u00e1s de 400 centros, as\u00ed como en atenci\u00f3n telef\u00f3nica psicol\u00f3gica 24 h dirigido a empresas y organizaciones para sus clientes y para sus empleados y familia. Actualmente tienen derecho a sus servicios 7.500.000 personas en toda Espa\u00f1a. Para conocer m\u00e1s detalles de su labor, hablamos con Javier Mirallas, Presidente del Patronato de la Fundaci\u00f3n Salud y Persona, y con Joan Pi\u00f1ol, su Director General. \u00bfCu\u00e1ndo naci\u00f3 la Fundaci\u00f3n Salud y Persona y cu\u00e1l es su misi\u00f3n principal? La Fundaci\u00f3n naci\u00f3 en 2016 y nuestra misi\u00f3n es dar apoyo y atenci\u00f3n psicol\u00f3gica a la poblaci\u00f3n en general ante las dificultades emocionales del d\u00eda a d\u00eda y realizar acci\u00f3n fundacional con la mejora de la salud integral de aquellas personas mayores que est\u00e9n en una situaci\u00f3n de precariedad, soledad o riesgo de exclusi\u00f3n social ayudando econ\u00f3micamente a entidades sociales. Tambi\u00e9n damos apoyo a aquellas entidades sin \u00e1nimo de lucro que act\u00faan en situaciones de crisis humanitarias. \u00bfQu\u00e9 tipo de servicios ofrec\u00e9is? Ofrecemos programas de atenci\u00f3n psicol\u00f3gica telef\u00f3nica 24 horas, atenci\u00f3n presencial en consulta y on line, tanto a empleados [&hellip;]<\/p>\n","protected":false},"author":1,"featured_media":185458,"comment_status":"closed","ping_status":"closed","sticky":false,"template":"","format":"standard","meta":{"_links_to":"","_links_to_target":""},"categories":[8406],"tags":[5668],"acf":[],"wps_subtitle":"","_links":{"self":[{"href":"https:\/\/www.foment.com\/es\/wp-json\/wp\/v2\/posts\/185461"}],"collection":[{"href":"https:\/\/www.foment.com\/es\/wp-json\/wp\/v2\/posts"}],"about":[{"href":"https:\/\/www.foment.com\/es\/wp-json\/wp\/v2\/types\/post"}],"author":[{"embeddable":true,"href":"https:\/\/www.foment.com\/es\/wp-json\/wp\/v2\/users\/1"}],"replies":[{"embeddable":true,"href":"https:\/\/www.foment.com\/es\/wp-json\/wp\/v2\/comments?post=185461"}],"version-history":[{"count":2,"href":"https:\/\/www.foment.com\/es\/wp-json\/wp\/v2\/posts\/185461\/revisions"}],"predecessor-version":[{"id":185463,"href":"https:\/\/www.foment.com\/es\/wp-json\/wp\/v2\/posts\/185461\/revisions\/185463"}],"wp:featuredmedia":[{"embeddable":true,"href":"https:\/\/www.foment.com\/es\/wp-json\/wp\/v2\/media\/185458"}],"wp:attachment":[{"href":"https:\/\/www.foment.com\/es\/wp-json\/wp\/v2\/media?parent=185461"}],"wp:term":[{"taxonomy":"category","embeddable":true,"href":"https:\/\/www.foment.com\/es\/wp-json\/wp\/v2\/categories?post=185461"},{"taxonomy":"post_tag","embeddable":true,"href":"https:\/\/www.foment.com\/es\/wp-json\/wp\/v2\/tags?post=185461"}],"curies":[{"name":"wp","href":"https:\/\/api.w.org\/{rel}","templated":true}]}}