{"id":185682,"date":"2022-02-11T08:38:57","date_gmt":"2022-02-11T07:38:57","guid":{"rendered":"https:\/\/www.foment.com\/?p=185682"},"modified":"2024-06-15T08:40:17","modified_gmt":"2024-06-15T06:40:17","slug":"joan-roget-fedequim-la-industria-quimica-es-una-peca-fonamental-per-a-assolir-una-societat-sostenible","status":"publish","type":"post","link":"https:\/\/www.foment.com\/es\/joan-roget-fedequim-la-industria-quimica-es-una-peca-fonamental-per-a-assolir-una-societat-sostenible\/","title":{"rendered":"Joan Roget (FedeQuim): \u201cLa ind\u00fastria qu\u00edmica \u00e9s una pe\u00e7a fonamental per a assolir una societat sostenible\u201d"},"content":{"rendered":"<p>La Federaci\u00f3 Empresarial Catalana del Sector Qu\u00edmic (FedeQuim) \u00e9s l\u2019entitat defensa els drets i interessos del Sector Qu\u00edmic, especialment a Catalunya, a trav\u00e9s d\u2019un seguiment de l\u2019activitat legislativa, a nivell comunitari, estatal i auton\u00f2mic.<\/p>\n<p>FedeQuim vetlla pel progr\u00e9s de les empreses del sector i la millora de la seva competitivitat i imatge p\u00fablica en col\u00b7laboraci\u00f3 amb FEIQUE, la Federaci\u00f3n Empresarial de la Ind\u00fastria Qu\u00edmica Espa\u00f1ola i altres associacions vinculades al Sector.<\/p>\n<p>Acualment, FedeQuim t\u00e9 220 empreses associades directament i 5 associacions vinculades, agrupant en el seu conjunt a un col\u00b7lectiu que supera les 500 empreses.<\/p>\n<p>Parlem amb\u00a0<strong>Joan Roget, president de FedeQuim<\/strong>.<\/p>\n<p><strong>El sector qu\u00edmic \u00e9s un dels que menys ha sofert la crisi provocada per la pand\u00e8mia. Com han viscut els \u00faltims dos anys les empreses del sector i en quin punt es troben actualment?<\/strong><\/p>\n<p>El sector qu\u00edmic, com a part essencial de la soluci\u00f3 a la pand\u00e8mia, s\u2019ha hagut d\u2019adaptar amb responsabilitat a les necessitats urgents de la societat. Ja sigui desenvolupant r\u00e0pidament productes per higiene, ja sigui per a produir components cr\u00edtics per a medicaments, aparells, vacunes\u2026 Tot aix\u00f2 en una situaci\u00f3 altament complexa per als nostres treballadors i els dels nostres prove\u00efdors.<\/p>\n<p><strong>Els endarreriments en els subministraments han afectat la ind\u00fastria qu\u00edmica?<\/strong><\/p>\n<p>Aix\u00f2 s\u2019ha sumat a les dificultats de l\u2019entorn m\u00e9s proper (log\u00edstica, energia, disponibilitats treballadors\u2026) Estem encara patint molt\u00edssim l\u2019escassetat de mat\u00e8ries essencials. En nombrosos casos hem perdut produccions de mat\u00e8ries cr\u00edtiques que ara han de venir de molt lluny (per exemple \u00c0sia) si els pa\u00efsos d\u2019origen ho permeten i els transports log\u00edstics (saturats) ho permeten.<\/p>\n<p><strong>La reducci\u00f3 d\u2019emissions de CO2 de la ind\u00fastria \u00e9s b\u00e0sica per assolir els objectius del Pacte Verd Europeu. Com pot contribuir el sector qu\u00edmic per tal que Europa sigui clim\u00e0ticament neutra?<\/strong><\/p>\n<p>La qu\u00edmica \u00e9s part de la soluci\u00f3 per a la reducci\u00f3 d\u2019emissions. Fa molts anys que estem mirant l\u2019horitz\u00f3 2050. I s\u2019estan ja produint inversions, fa anys, milion\u00e0ries per a implementar nous processos productius sostenibles. A m\u00e9s, la ind\u00fastria desenvolupa incl\u00fas processos innovadors de captaci\u00f3 de CO2. No oblidem la gran contribuci\u00f3 dels pl\u00e0stics a la reducci\u00f3 del pes de vehicles (p\u00fablics i privats i industrials) que ha perm\u00e8s reduir ja una quantitat impressionant d\u2019emissions.<\/p>\n<p><strong>La qu\u00edmica \u00e9s una ci\u00e8ncia fonamental en la investigaci\u00f3 i la innovaci\u00f3 per tal de substituir les energies f\u00f2ssils i trobar alternatives sostenibles. Es destina prou inversi\u00f3 a la R+D+i del sector qu\u00edmic?<\/strong><\/p>\n<p>La inversi\u00f3 en innovaci\u00f3 de la ind\u00fastria qu\u00edmica \u00e9s de l\u201911,3% del valor afegit Brut a l\u2019Estat. La mitjana de la ind\u00fastria \u00e9s el 6,3% i el total a l\u2019Estat \u00e9s del 1,7%. Podem dir que liderem la inversi\u00f3 en R+D.<\/p>\n<p><strong>Com valoren des de FedeQuim els aven\u00e7os en mat\u00e8ria de vehicles el\u00e8ctrics?<\/strong><\/p>\n<p>En un per\u00edode curt de temps s\u2019estan produint molts aven\u00e7os tecnol\u00f2gics! Aix\u00f2 sempre \u00e9s molt engrescador per a la recerca i la innovaci\u00f3.<\/p>\n<p><strong>El fort augment de la tarifa el\u00e8ctrica \u00a0i del preu del gas est\u00e0 restant competitivitat a les empreses del sector a Catalunya?<\/strong><\/p>\n<p>\u00c9s evident que estem castigats pels elevats costos de l\u2019energia. Comparativament amb el que paguen els nostres competidors a la resta d\u2019Europa, \u00e9s un argument addicional que dificulta la continu\u00eftat de les empreses.<\/p>\n<p><strong>Considereu que els Fons Next Generation seran una ajuda per la ind\u00fastria qu\u00edmica catalana?<\/strong><\/p>\n<p>Segur. Per\u00f2 cal un treball conjunt amb els centres d\u2019innovaci\u00f3 per a ajudar les petites i mitjanes empreses amb limitats recursos per a desenvolupar aquests projectes.<\/p>\n<p><strong>El sector qu\u00edmic necessita professionals altament qualificats. Teniu dificultats per trobar aquests perfils?<\/strong><\/p>\n<p>El fet que la Qu\u00edmica t\u00e9 uns salaris uns 30% superiors a la mitjana de la ind\u00fastria ens fa atractius. Ens preocupa assegurar la formaci\u00f3 que reben els nostres joves tant de carreres superiors com de FP. Aquests darrers disposen de fant\u00e0stiques oportunitats professionals al sector qu\u00edmic.<\/p>\n<p><strong>Quins s\u00f3n els principals reptes de la ind\u00fastria qu\u00edmica catalana en el cam\u00ed cap a un futur sostenible?<\/strong><\/p>\n<p>Sempre m\u2019agrada parlar del que hem de fer nosaltres, primer.\u00a0Assegurar la sostenibilitat de la ind\u00fastria amb implementaci\u00f3 de transformacions productives i Ind\u00fastria 4.0.\u00a0Fer entendre als governs que una societat industrial \u00e9s m\u00e9s sana i forta. Ho hem vist durant la pand\u00e8mia. Crear l\u2019entorn atractiu per a la producci\u00f3 propera. La qu\u00edmica \u00e9s pe\u00e7a fonamental per a assolir una societat sostenible. Estem amb risc d\u2019acabar perdent aquest motor innovador amb iniciatives que creiem que no s\u2019han acabat d\u2019estudiar b\u00e9 i que, en realitat, no milloren el medi ambient: el dit impost del CO2 o la paralitzaci\u00f3 de la incineraci\u00f3. La industria t\u00e9 molta in\u00e8rcia: si avui prens mesures equivocades, no ho veus l\u2019any seg\u00fcent. Per\u00f2 el dia que l\u2019impacte es fa evident, ja no ho pots aturar. Estem en un moment de grans inversions per a, com hem dit, millorar processos productius i hem d\u2019aconseguir que aquestes inversions es facin aqu\u00ed.<\/p>\n","protected":false},"excerpt":{"rendered":"<p>La Federaci\u00f3 Empresarial Catalana del Sector Qu\u00edmic (FedeQuim) \u00e9s l\u2019entitat defensa els drets i interessos del Sector Qu\u00edmic, especialment a Catalunya, a trav\u00e9s d\u2019un seguiment de l\u2019activitat legislativa, a nivell comunitari, estatal i auton\u00f2mic. FedeQuim vetlla pel progr\u00e9s de les empreses del sector i la millora de la seva competitivitat i imatge p\u00fablica en col\u00b7laboraci\u00f3 amb FEIQUE, la Federaci\u00f3n Empresarial de la Ind\u00fastria Qu\u00edmica Espa\u00f1ola i altres associacions vinculades al Sector. Acualment, FedeQuim t\u00e9 220 empreses associades directament i 5 associacions vinculades, agrupant en el seu conjunt a un col\u00b7lectiu que supera les 500 empreses. Parlem amb\u00a0Joan Roget, president de FedeQuim. El sector qu\u00edmic \u00e9s un dels que menys ha sofert la crisi provocada per la pand\u00e8mia. Com han viscut els \u00faltims dos anys les empreses del sector i en quin punt es troben actualment? El sector qu\u00edmic, com a part essencial de la soluci\u00f3 a la pand\u00e8mia, s\u2019ha hagut d\u2019adaptar amb responsabilitat a les necessitats urgents de la societat. Ja sigui desenvolupant r\u00e0pidament productes per higiene, ja sigui per a produir components cr\u00edtics per a medicaments, aparells, vacunes\u2026 Tot aix\u00f2 en una situaci\u00f3 altament complexa per als nostres treballadors i els dels nostres prove\u00efdors. Els endarreriments en els subministraments [&hellip;]<\/p>\n","protected":false},"author":1,"featured_media":185679,"comment_status":"closed","ping_status":"closed","sticky":false,"template":"","format":"standard","meta":{"_links_to":"","_links_to_target":""},"categories":[8406],"tags":[8424],"acf":[],"wps_subtitle":"","_links":{"self":[{"href":"https:\/\/www.foment.com\/es\/wp-json\/wp\/v2\/posts\/185682"}],"collection":[{"href":"https:\/\/www.foment.com\/es\/wp-json\/wp\/v2\/posts"}],"about":[{"href":"https:\/\/www.foment.com\/es\/wp-json\/wp\/v2\/types\/post"}],"author":[{"embeddable":true,"href":"https:\/\/www.foment.com\/es\/wp-json\/wp\/v2\/users\/1"}],"replies":[{"embeddable":true,"href":"https:\/\/www.foment.com\/es\/wp-json\/wp\/v2\/comments?post=185682"}],"version-history":[{"count":2,"href":"https:\/\/www.foment.com\/es\/wp-json\/wp\/v2\/posts\/185682\/revisions"}],"predecessor-version":[{"id":185684,"href":"https:\/\/www.foment.com\/es\/wp-json\/wp\/v2\/posts\/185682\/revisions\/185684"}],"wp:featuredmedia":[{"embeddable":true,"href":"https:\/\/www.foment.com\/es\/wp-json\/wp\/v2\/media\/185679"}],"wp:attachment":[{"href":"https:\/\/www.foment.com\/es\/wp-json\/wp\/v2\/media?parent=185682"}],"wp:term":[{"taxonomy":"category","embeddable":true,"href":"https:\/\/www.foment.com\/es\/wp-json\/wp\/v2\/categories?post=185682"},{"taxonomy":"post_tag","embeddable":true,"href":"https:\/\/www.foment.com\/es\/wp-json\/wp\/v2\/tags?post=185682"}],"curies":[{"name":"wp","href":"https:\/\/api.w.org\/{rel}","templated":true}]}}