{"id":185718,"date":"2022-01-20T08:50:23","date_gmt":"2022-01-20T07:50:23","guid":{"rendered":"https:\/\/www.foment.com\/?p=185718"},"modified":"2024-06-15T08:50:42","modified_gmt":"2024-06-15T06:50:42","slug":"maria-grau-magana-agethecity-oferim-una-historia-clinica-intel%c2%b7ligent-que-permet-registrar-variables-i-donar-recomanacions-personalitzades","status":"publish","type":"post","link":"https:\/\/www.foment.com\/es\/maria-grau-magana-agethecity-oferim-una-historia-clinica-intel%c2%b7ligent-que-permet-registrar-variables-i-donar-recomanacions-personalitzades\/","title":{"rendered":"Mar\u00eda Grau Maga\u00f1a (Age&#038;TheCity): \u201cOferim una hist\u00f2ria cl\u00ednica intel\u00b7ligent que permet registrar variables i donar recomanacions personalitzades\u201d"},"content":{"rendered":"<p>Academy for Women Entrepreneurs (AWE) \u00e9s un programa de Foment del Treball, el Departament d\u2019Estat d\u2019Estats Units i el Consolat Americ\u00e0 en el qual han pogut participar 30 dones emprenedores. L\u2019AWE consta de 4 eixos: formaci\u00f3 en l\u00ednia per part de l\u2019Escola de negocis Thunderbird de la Universitat d\u2019Arizona, Masterclasses presencials, sessions inspiradores i l\u2019oportunitat de formar part de la xarxa global AWE amb connexions a tot el m\u00f3n.<\/p>\n<p>Amb l\u2019objectiu de con\u00e8ixer m\u00e9s en detall els diferents projectes empresarials del programa, \u00a0des de la revista \u201cF de Foment i Fepime\u201d us aproparem de primera m\u00e0 els perfils de les empres\u00e0ries que han format part de la primera edici\u00f3 de la Academy for Women Entrepreneurs a trav\u00e9s d\u2019entrevistes amb les diferents professionals.<\/p>\n<p>Avui parlem amb\u00a0<strong>Mar\u00eda Grau Maga\u00f1a, Professora de la Universitat de Barcelona i CEO de Age&amp;TheCity.<\/strong><\/p>\n<p><strong>Quin projecte vas presentar per poder formar part del programa AWE?<\/strong><\/p>\n<p>Age&amp;TheCity \u00e9s un producte derivat de set anys de recerca finan\u00e7ada de manera competitiva en prevenci\u00f3 de malalties cr\u00f2niques posant en valor l\u2019apoderament individual i comunitari de la poblaci\u00f3. Oferim una hist\u00f2ria cl\u00ednica intel\u00b7ligent que permet, d\u2019una banda, registrar variables tant a professionals de la salut com als pacients i d\u2019altra banda, donar recomanacions personalitzades de dieta i activitat f\u00edsica tenint en compte no nom\u00e9s les variables pr\u00f2pies de la malaltia, sin\u00f3 tamb\u00e9 les prefer\u00e8ncies dels pacients, i variables mediambientals com ara la contaminaci\u00f3 o la temperatura.<\/p>\n<p><strong>Dels quatre eixos del programa, quin \u00e9s el que m\u00e9s t\u2019ha ajudat a tirar endavant el teu projecte?<\/strong><\/p>\n<p>AWE \u00e9s un programa molt complet, crec que no es pot prescindir de cap dels eixos, per\u00f2 si he de triar un, crec que \u00e9s tenir l\u2019oportunitat de pert\u00e0nyer a la xarxa local i global AWE. Crec que hi ha moltes sin\u00e8rgies entre les integrants del programa que fa que ens potenciem les unes a les altres.<\/p>\n<p><strong>Com t\u2019ha ajudat Foment a fer cr\u00e9ixer la teva idea\/projecte?<\/strong><\/p>\n<p>Crec que Foment ha fet una gran aposta per l\u2019emprenedoria de les dones, s\u00f3n programes com aquest els que fan veure el comprom\u00eds de les institucions vers la igualtat de g\u00e8nere. Pel meu projecte ha suposat un revulsiu ja que, com he comentat abans, m\u2019ha donat l\u2019oportunitat de fer molts contactes amb dones emprenedores, i d\u2019altra banda, he tingut oportunitat d\u2019escoltar i intercanviar idees amb ponents d\u2019alt\u00edssim nivell.<\/p>\n<p><strong>Quins s\u00f3n els reptes de futur m\u00e9s immediats per al teu projecte?<\/strong><\/p>\n<p>El seg\u00fcent punt \u00e9s consolidar-nos com a start-up. El meu projecte va entrar a AWE com una idea, i juntament amb el meu equip, l\u2019hem estat perfeccionant en els \u00faltims mesos.<\/p>\n<p><strong>Quin missatge donaries a les dones emprenedores que tenen una idea per\u00f2 tenen dubtes de posar-la en marxa?<\/strong><\/p>\n<p>Que continu\u00efn endavant amb ella. En la vida no s\u2019ha de tenir por al frac\u00e0s, de fet s\u2019ha de conviure amb la possibilitat de l\u2019error di\u00e0riament perqu\u00e8 \u00e9s precisament aix\u00f2 el que motiva a\u00a0 buscar solucions.<\/p>\n","protected":false},"excerpt":{"rendered":"<p>Academy for Women Entrepreneurs (AWE) \u00e9s un programa de Foment del Treball, el Departament d\u2019Estat d\u2019Estats Units i el Consolat Americ\u00e0 en el qual han pogut participar 30 dones emprenedores. L\u2019AWE consta de 4 eixos: formaci\u00f3 en l\u00ednia per part de l\u2019Escola de negocis Thunderbird de la Universitat d\u2019Arizona, Masterclasses presencials, sessions inspiradores i l\u2019oportunitat de formar part de la xarxa global AWE amb connexions a tot el m\u00f3n. Amb l\u2019objectiu de con\u00e8ixer m\u00e9s en detall els diferents projectes empresarials del programa, \u00a0des de la revista \u201cF de Foment i Fepime\u201d us aproparem de primera m\u00e0 els perfils de les empres\u00e0ries que han format part de la primera edici\u00f3 de la Academy for Women Entrepreneurs a trav\u00e9s d\u2019entrevistes amb les diferents professionals. Avui parlem amb\u00a0Mar\u00eda Grau Maga\u00f1a, Professora de la Universitat de Barcelona i CEO de Age&amp;TheCity. Quin projecte vas presentar per poder formar part del programa AWE? Age&amp;TheCity \u00e9s un producte derivat de set anys de recerca finan\u00e7ada de manera competitiva en prevenci\u00f3 de malalties cr\u00f2niques posant en valor l\u2019apoderament individual i comunitari de la poblaci\u00f3. Oferim una hist\u00f2ria cl\u00ednica intel\u00b7ligent que permet, d\u2019una banda, registrar variables tant a professionals de la salut com als pacients i d\u2019altra banda, [&hellip;]<\/p>\n","protected":false},"author":1,"featured_media":185715,"comment_status":"closed","ping_status":"closed","sticky":false,"template":"","format":"standard","meta":{"_links_to":"","_links_to_target":""},"categories":[8406],"tags":[5668],"acf":[],"wps_subtitle":"","_links":{"self":[{"href":"https:\/\/www.foment.com\/es\/wp-json\/wp\/v2\/posts\/185718"}],"collection":[{"href":"https:\/\/www.foment.com\/es\/wp-json\/wp\/v2\/posts"}],"about":[{"href":"https:\/\/www.foment.com\/es\/wp-json\/wp\/v2\/types\/post"}],"author":[{"embeddable":true,"href":"https:\/\/www.foment.com\/es\/wp-json\/wp\/v2\/users\/1"}],"replies":[{"embeddable":true,"href":"https:\/\/www.foment.com\/es\/wp-json\/wp\/v2\/comments?post=185718"}],"version-history":[{"count":2,"href":"https:\/\/www.foment.com\/es\/wp-json\/wp\/v2\/posts\/185718\/revisions"}],"predecessor-version":[{"id":185720,"href":"https:\/\/www.foment.com\/es\/wp-json\/wp\/v2\/posts\/185718\/revisions\/185720"}],"wp:featuredmedia":[{"embeddable":true,"href":"https:\/\/www.foment.com\/es\/wp-json\/wp\/v2\/media\/185715"}],"wp:attachment":[{"href":"https:\/\/www.foment.com\/es\/wp-json\/wp\/v2\/media?parent=185718"}],"wp:term":[{"taxonomy":"category","embeddable":true,"href":"https:\/\/www.foment.com\/es\/wp-json\/wp\/v2\/categories?post=185718"},{"taxonomy":"post_tag","embeddable":true,"href":"https:\/\/www.foment.com\/es\/wp-json\/wp\/v2\/tags?post=185718"}],"curies":[{"name":"wp","href":"https:\/\/api.w.org\/{rel}","templated":true}]}}