{"id":186036,"date":"2021-10-25T17:59:38","date_gmt":"2021-10-25T15:59:38","guid":{"rendered":"https:\/\/www.foment.com\/?p=186036"},"modified":"2024-06-18T18:00:13","modified_gmt":"2024-06-18T16:00:13","slug":"laura-gausa-arspect-volem-que-lart-serveixi-per-expressar-la-identitat-els-valors-la-pertinenca-i-laportacio-social-duna-empresa-a-una-comunitat","status":"publish","type":"post","link":"https:\/\/www.foment.com\/es\/laura-gausa-arspect-volem-que-lart-serveixi-per-expressar-la-identitat-els-valors-la-pertinenca-i-laportacio-social-duna-empresa-a-una-comunitat\/","title":{"rendered":"Laura Gausa (Arspect): \u201cVolem que l\u2019art serveixi per expressar la identitat, els valors, la pertinen\u00e7a i l\u2019aportaci\u00f3 social d\u2019una empresa a una comunitat\u201d"},"content":{"rendered":"<p>Academy for Women Entrepreneurs (AWE) \u00e9s un programa de Foment del Treball, el Departament d\u2019Estat d\u2019Estats Units i el Consolat Americ\u00e0 en el qual han pogut participar 30 dones emprenedores. L\u2019AWE consta de 4 eixos: formaci\u00f3 en l\u00ednia per part de l\u2019Escola de negocis Thunderbird de la Universitat d\u2019Arizona, Masterclasses presencials, sessions inspiradores i l\u2019oportunitat de formar part de la xarxa global AWE amb connexions a tot el m\u00f3n.<\/p>\n<p>Amb l\u2019objectiu de con\u00e8ixer m\u00e9s en detall els diferents projectes empresarials del programa, des de la revista \u201cF de Foment i Fepime\u201d us aproparem de primera m\u00e0 els perfils de les empres\u00e0ries que han format part de la primera edici\u00f3 de la Academy for Women Entrepreneurs a trav\u00e9s d\u2019entrevistes amb les diferents professionals.<\/p>\n<p>Avui parlem amb Laura Gausa Rom, directora art\u00edstica i co-fundadora d\u2019Arspect.<\/p>\n<p><strong>Quin projecte vas presentar per poder formar part del programa AWE?<\/strong><\/p>\n<p>Arspect neix com un instrument per connectar empresa i art. Volem que l\u2019art serveixi per expressar la identitat, els valors, la pertinen\u00e7a i l\u2019aportaci\u00f3 social d\u2019una empresa a una comunitat. D\u2019altra banda, treballem perqu\u00e8 la bellesa surti dels espais tancats, inaccessibles o, simplement, desconeguts, i s\u2019estengui en tots els \u00e0mbits p\u00fablics i privats.<\/p>\n<p>El nostre model de negoci es basa en el lloguer d\u2019obres d\u2019art originals a empreses de diferents sectors i en permetre als artistes fer visible la seva obra i eixamplar la seva difusi\u00f3 i mercat. Els nostres projectes abasten des d\u2019una proposta per un espai concret (corporacions, espais de coworking, cl\u00edniques o hospitals, entorns per a una producci\u00f3 televisiva\u2026) fins a la concepci\u00f3 i materialitzaci\u00f3 global per a una empresa que decideix relacionar de forma global i coherent la seva activitat i l\u2019art.<\/p>\n<p>Som un projecte de gent jove que volem que la bellesa formi part de la nostra vida, volem trencar amb la concepci\u00f3 de l\u2019art fet per ser observat i per ser admirat en museus o en espais privats privilegiats. Vivim en un pa\u00eds on empresa i cultura poques vegades es relacionen, on sembla que la creaci\u00f3 de riquesa no tingui res a veure amb l\u2019art. La nostra aportaci\u00f3 \u00e9s per avan\u00e7ar en una perspectiva diferent: l\u2019art \u00e9s capa\u00e7 d\u2019expressar amb gran profunditat qui som, com som, com treballem, pensem i actuem.<\/p>\n<p>Un exemple de l\u2019evoluci\u00f3 de la nostra visi\u00f3 \u00e9s la nostra recent col\u00b7laboraci\u00f3 amb\u00a0<a href=\"https:\/\/www.lacasadecarlotaandfriends.com\/\" target=\"_blank\" rel=\"noopener\">La Casa de Carlota<\/a>, un referent en disseny, consultoria i innovaci\u00f3 social creativa. Fa anys que van posar en marxa el\u00a0<a href=\"https:\/\/www.lacasadecarlotaandfriends.com\/boal\" target=\"_blank\" rel=\"noopener\">Barcelona Outsider Art Lab<\/a>, un espai participatiu on persones amb autisme, s\u00edndrome de Down i trastorns mentals treballen conjuntament amb artistes, estudiants i professionals del m\u00f3n del disseny i de la cultura. Amb Arspect la seva extensa col\u00b7lecci\u00f3 ha trobat un canal d\u2019exposici\u00f3 amb l\u2019impacte que es mereix.<\/p>\n<p>Precisament per a poder maximitzar la nostra acci\u00f3 tamb\u00e9 donem molta import\u00e0ncia a conciliar el coneixement art\u00edstic i est\u00e8tic amb l\u2019\u00fas social de la tecnologia i les diferents eines digitals.<\/p>\n<p><strong>Dels quatre eixos del programa, quin \u00e9s el que m\u00e9s t\u2019ha ajudat a tirar endavant el teu projecte?<\/strong><\/p>\n<p>El factor hum\u00e0. Haver tingut l\u2019oportunitat de con\u00e8ixer persones que ens han donat molt m\u00e9s que un contingut, una teoria o una experi\u00e8ncia\u2026 Dones que ens han explicat com viuen el que fan, que tenen la sensibilitat d\u2019adonar-se, que m\u00e9s enll\u00e0 de la seva activitat concreta, elles fan una acci\u00f3 transformadora. Persones que saben i volen donar sentit a la seva acci\u00f3 empresarial i ens han pogut explicar per qu\u00e8 fan el qu\u00e8 fan i quin m\u00f3n afavoreixen amb all\u00f2 que duen a terme.<\/p>\n<p><strong>Com t\u2019ha ajudat Foment a fer cr\u00e9ixer la teva idea\/projecte?<\/strong><\/p>\n<p>El suport de Foment \u00e9s essencial en un projecte innovador en el, sempre fr\u00e0gil i complex, m\u00f3n cultural. Una iniciativa que, a m\u00e9s a m\u00e9s, s\u2019ha forjat en un context d\u2019incertesa global, com ha estat i \u00e9s la pand\u00e8mia. Confiar en la joventut i en el lideratge femen\u00ed i tenir la valentia d\u2019arriscar en la innovaci\u00f3 de la cultura \u00e9s una actitud que hauria de servir d\u2019exemple.<\/p>\n<p>La formaci\u00f3, la transmissi\u00f3 del coneixement i l\u2019experi\u00e8ncia, \u00e9s un instrument b\u00e0sic per a disposar d\u2019eines i superar obstacles. Saber com ho han fet d\u2019altres abans que nosaltres mateixos \u00e9s una mirada que sempre que hem de tenir present, i m\u00e9s ara en un m\u00f3n carregat de dubtes i alhora trepidant.<\/p>\n<p>D\u2019altra banda vull destacar el component relacional del programa Ara m\u00e9s que mai \u00e9s essencial promoure el sentiment de comunitat, de pertinen\u00e7a a un ecosistema d\u2019innovaci\u00f3, d\u2019acompanyament sabent que som moltes les dones que volem avan\u00e7ar i no ens volem resignar enfront les dificultats. Hem de combatre l\u2019a\u00efllament i la solitud i aquest espai de trobada de 30 dones \u00e9s un espai d\u2019un gran valor.<\/p>\n<p>Quins s\u00f3n els reptes de futur m\u00e9s immediats per al teu projecte?<\/p>\n<p>En aquest moment el principal repte \u00e9s el de consolidar amb una base s\u00f2lida i rigorosa Arspect. Ara fa un mes m\u2019he traslladat a Londres per cursar un m\u00e0ster en Art Business al Sotheby\u2019s Institute of Art. Haur\u00e9 de compaginar, durant un any la dificultat de fer cr\u00e9ixer l\u2019empresa i la meva formaci\u00f3 professional en paral\u00b7lel i en la dist\u00e0ncia, per\u00f2 crec que \u00e9s una inversi\u00f3 ineludible.<\/p>\n<p>Arspect t\u00e9 com a element d\u2019identitat del projecte la internacionalitzaci\u00f3. Per a nosaltres creiem que seran essencials les col\u00b7laboracions amb partners d\u2019altres pa\u00efsos. L\u2019art en el nostre pa\u00eds t\u00e9 un gran potencial, des del punt de vista dels creadors, per\u00f2 cal dotar-lo d\u2019una xarxa i d\u2019un mercat que a hores d\u2019ara \u00e9s massa redu\u00eft i endog\u00e0mic. Aquest repte va, naturalment, associat en una millora de la qualitat de les eines de difusi\u00f3 i la tecnologia.<\/p>\n<p><strong>Quin missatge donaries a les dones emprenedores que tenen una idea per\u00f2 tenen dubtes de posar-la en marxa?<\/strong><\/p>\n<p>Primer les felicitaria i les animaria a tirar endavant. Plantejar-se senzillament comen\u00e7ar de zero una iniciativa \u00e9s un primer senyal de valentia i de confian\u00e7a en una mateixa.<\/p>\n<p>La comparaci\u00f3, l\u2019autosabotatge i la por per a mi han sigut i s\u00f3n presents cada dia, no \u00e9s un proc\u00e9s senzill observar-se a una mateixa i veure potencial i validesa. Com a dones ens trobem amb m\u00faltiples murs externs i interns a superar, per\u00f2 tamb\u00e9 som afortunades, formem sistemes i xarxes de suport que ens acompanyen en tot moment, mares, amigues, companyes i professionals que s\u00f3n font de fortalesa i que hem de saber aprofitar.<\/p>\n","protected":false},"excerpt":{"rendered":"<p>Academy for Women Entrepreneurs (AWE) \u00e9s un programa de Foment del Treball, el Departament d\u2019Estat d\u2019Estats Units i el Consolat Americ\u00e0 en el qual han pogut participar 30 dones emprenedores. L\u2019AWE consta de 4 eixos: formaci\u00f3 en l\u00ednia per part de l\u2019Escola de negocis Thunderbird de la Universitat d\u2019Arizona, Masterclasses presencials, sessions inspiradores i l\u2019oportunitat de formar part de la xarxa global AWE amb connexions a tot el m\u00f3n. Amb l\u2019objectiu de con\u00e8ixer m\u00e9s en detall els diferents projectes empresarials del programa, des de la revista \u201cF de Foment i Fepime\u201d us aproparem de primera m\u00e0 els perfils de les empres\u00e0ries que han format part de la primera edici\u00f3 de la Academy for Women Entrepreneurs a trav\u00e9s d\u2019entrevistes amb les diferents professionals. Avui parlem amb Laura Gausa Rom, directora art\u00edstica i co-fundadora d\u2019Arspect. Quin projecte vas presentar per poder formar part del programa AWE? Arspect neix com un instrument per connectar empresa i art. Volem que l\u2019art serveixi per expressar la identitat, els valors, la pertinen\u00e7a i l\u2019aportaci\u00f3 social d\u2019una empresa a una comunitat. D\u2019altra banda, treballem perqu\u00e8 la bellesa surti dels espais tancats, inaccessibles o, simplement, desconeguts, i s\u2019estengui en tots els \u00e0mbits p\u00fablics i privats. El nostre model [&hellip;]<\/p>\n","protected":false},"author":1,"featured_media":186033,"comment_status":"closed","ping_status":"closed","sticky":false,"template":"","format":"standard","meta":{"_links_to":"","_links_to_target":""},"categories":[8406],"tags":[5668],"acf":[],"wps_subtitle":"","_links":{"self":[{"href":"https:\/\/www.foment.com\/es\/wp-json\/wp\/v2\/posts\/186036"}],"collection":[{"href":"https:\/\/www.foment.com\/es\/wp-json\/wp\/v2\/posts"}],"about":[{"href":"https:\/\/www.foment.com\/es\/wp-json\/wp\/v2\/types\/post"}],"author":[{"embeddable":true,"href":"https:\/\/www.foment.com\/es\/wp-json\/wp\/v2\/users\/1"}],"replies":[{"embeddable":true,"href":"https:\/\/www.foment.com\/es\/wp-json\/wp\/v2\/comments?post=186036"}],"version-history":[{"count":2,"href":"https:\/\/www.foment.com\/es\/wp-json\/wp\/v2\/posts\/186036\/revisions"}],"predecessor-version":[{"id":186038,"href":"https:\/\/www.foment.com\/es\/wp-json\/wp\/v2\/posts\/186036\/revisions\/186038"}],"wp:featuredmedia":[{"embeddable":true,"href":"https:\/\/www.foment.com\/es\/wp-json\/wp\/v2\/media\/186033"}],"wp:attachment":[{"href":"https:\/\/www.foment.com\/es\/wp-json\/wp\/v2\/media?parent=186036"}],"wp:term":[{"taxonomy":"category","embeddable":true,"href":"https:\/\/www.foment.com\/es\/wp-json\/wp\/v2\/categories?post=186036"},{"taxonomy":"post_tag","embeddable":true,"href":"https:\/\/www.foment.com\/es\/wp-json\/wp\/v2\/tags?post=186036"}],"curies":[{"name":"wp","href":"https:\/\/api.w.org\/{rel}","templated":true}]}}