{"id":186048,"date":"2021-10-14T18:02:42","date_gmt":"2021-10-14T16:02:42","guid":{"rendered":"https:\/\/www.foment.com\/?p=186048"},"modified":"2024-06-18T18:03:15","modified_gmt":"2024-06-18T16:03:15","slug":"el-talent-de-les-persones-amb-discapacitat-facilita-una-cultura-empresarial-mes-oberta-i-flexible-millora-lorgull-de-pertinenca-i-transmet-valors-de-marca-a-lexterior","status":"publish","type":"post","link":"https:\/\/www.foment.com\/es\/el-talent-de-les-persones-amb-discapacitat-facilita-una-cultura-empresarial-mes-oberta-i-flexible-millora-lorgull-de-pertinenca-i-transmet-valors-de-marca-a-lexterior\/","title":{"rendered":"\u201cEl talent de les persones amb discapacitat facilita una cultura empresarial m\u00e9s oberta i flexible, millora l\u2019orgull de pertinen\u00e7a i transmet valors de marca a l\u2019exterior\u201d"},"content":{"rendered":"<p>El recinte firal de Montju\u00efc acollir\u00e0, del 9 a l\u201911 de novembre, la fira \u2018S\u00ed, i Millor!, di-Capacitat i Talent\u2019 dins del Sal\u00f3 de l\u2019Ocupaci\u00f3. El certamen est\u00e0 organitzat per la patronal Federaci\u00f3 de Centres Especials de Treball de Catalunya (FECETC) i pret\u00e9n, d\u2019una banda, ajudar les persones amb discapacitat a trobar feina i, d\u2019una altra, ajudar a les empreses a incorporar talent divers en les seves plantilles.<\/p>\n<p class=\"lazyloaded\"><strong>Quin \u00e9s l\u2019objectiu de la fira \u201cSi i Millor! di-Capacitat i Talent\u201d?<\/strong><\/p>\n<p>La Fira \u201cS\u00ed, i Millor!. di-Capacitat i Talent\u201d, posa en contacte empreses compromeses amb la inclusi\u00f3 laboral i\u00a0 persones amb discapacitat que busquen un lloc de treball.<\/p>\n<p>Segons l\u2019Institut d\u2019Estad\u00edstica de Catalunya (Idescat), en un Informe de 17 de febrer de 2021, la taxa d\u2019ocupaci\u00f3 de les persones amb discapacitat va ser del 27,8% (2019), cosa que vol dir que el percentatge d\u2019ocupats (87.700 persones) sobre el total de persones de 16 a 64 anys (315.900). L\u2019estad\u00edstica deixa una dada molt dolenta: la taxa d\u2019ocupaci\u00f3 de les persones amb discapacitat \u00e9s 44,8 punts m\u00e9s baixa que la de la resta de la poblaci\u00f3. D\u2019altra banda, segons les dades que desglossa l\u2019Idescat, hi ha 29.000 persones desocupades, la qual cosa situa la taxa d\u2019atur en el 24,9%, \u00e9s a dir, 14,3 punts per sobre de la taxa de persones sense discapacitat.<\/p>\n<p>L\u2019empresa que participa en la Fira \u201cS\u00cd, i Millor!, di-Capacitat i Talent\u201d incrementa la seva visibilitat; comunica, sensibilitza i normalitza; a m\u00e9s rep assessorament i acompanyament. Al mateix temps es fomenta un espai de trobada.<\/p>\n<p><strong>Una empresa que vulgui trobar treballadors amb talent\u2026 Qu\u00e8 hi trobar\u00e0 quan hi vagi? I qu\u00e8 ha de fer per assistir-hi?<\/strong><\/p>\n<p>La Fira ofereix el seu servei d\u2019an\u00e0lisi i selecci\u00f3 dels candidats m\u00e9s adequats als perfils sol\u00b7licitats per les empreses, dins de les bases de dades del Club Si i Millor, plataforma d\u2019inserci\u00f3 laboral de la nostra federaci\u00f3.<\/p>\n<p>A m\u00e9s de les entrevistes de selecci\u00f3, les empreses podran projectar la seva participaci\u00f3 en la Fira \u2018S\u00ed, i Millor!\u2019, on podran realitzar\u00a0<em>networking<\/em>\u00a0i exposar la seva pres\u00e8ncia, a m\u00e9s d\u2019assistir i participar en les confer\u00e8ncies i activitats realitzades, i que tot just ara estem acabant de tancar.<\/p>\n<p><strong>Qu\u00e8 m\u00e9s s\u2019ofereix a les empreses?<\/strong><\/p>\n<p>A banda del que ja he mencionant, assistint a la fira, i sobretot contractant persones amb discapacitat, les empreses poden complir amb l\u2019obligaci\u00f3 d\u2019incorporar el 2% de la plantilla amb persones amb discapacitat (Decret 86\/2015) i Mesures Alternatives; complir amb la Llei 11\/2018 d\u2019Auditoria de Comptes, en mat\u00e8ria d\u2019informaci\u00f3 no financera i diversitat; \u00a0complir amb la Llei 9\/2017, de Contractes del Sector P\u00fablic; complir amb el Reial decret legislatiu 1\/2013, Text Ref\u00f3s de la Llei General de drets de les persones amb discapacitat i de la seva inclusi\u00f3 social; potenciar la seva reputaci\u00f3; projectar el seu comprom\u00eds social; donar contingut a la seva pol\u00edtica de Responsabilitat Social Corporativa (RSC); trobar persones amb const\u00e0ncia i actitud positiva; impulsar els Objectius de Desenvolupament Sostenible (ODS) definits per l\u2019ONU.<\/p>\n<p><strong>Sense oblidar els avantatges fiscals\u2026<\/strong><\/p>\n<p>Exacte: avantatges fiscals, de seguretat social i de subvencions.<\/p>\n<p><strong>Creu que falta coneixement sobre els avantatges de contractar persones amb discapacitat?<\/strong><\/p>\n<p>Les persones amb discapacitat aporten beneficis tangibles com productivitat, innovaci\u00f3, bonificacions\u2026 i intangibles; el seu talent facilita una cultura empresarial m\u00e9s oberta i flexible, millora l\u2019orgull de pertinen\u00e7a, atrau talent, transmet valors de marca a l\u2019exterior, etc\u00e8tera.<\/p>\n<p>Les empreses s\u00f3n molt madures en les seves obligacions i oportunitats, coneixedores que han de sortir els n\u00fameros en la integraci\u00f3 laboral de persones amb discapacitat, per\u00f2 que cal coneixement i acompanyament especialitzat\u2026<\/p>\n<p><strong>Com el que aporta la Federaci\u00f3.<\/strong><\/p>\n<p>S\u00ed, la nostra federaci\u00f3 disposa d\u2019un servei d\u2019inclusi\u00f3 laboral des de fa 10 anys, amb un equip de professionals especialitzat que treballa juntament amb els departaments de recursos humans i de personal de les empreses, per facilitar la inserci\u00f3 de talent divers i inclusiu.<\/p>\n<p>Disposem d\u2019un programa d\u2019orientaci\u00f3 i acompanyament, recursos especialitzats seq\u00fcencials, complementaris i sostenibles al llarg del temps, amb professionals d\u2019inclusi\u00f3 laboral, prospector d\u2019empreses i suport administratiu.<\/p>\n<p><strong>Qu\u00e8 ofereix el programa d\u2019orientaci\u00f3 i acompanyament a la inclusi\u00f3 laboral a les empreses?<\/strong><\/p>\n<p>El programa ofereix des de la selecci\u00f3 de perfils professionals a itineraris d\u2019inserci\u00f3 personalitzats, passant per suport per a les ajudes t\u00e8cniques necess\u00e0ries per adequar el lloc de treball, assessoria legal i sobre ajuts oficials, seguiment de la persona contractada, una plataforma digital\/presencial d\u2019intercanvi d\u2019ofertes i demandes, formaci\u00f3, millora de l\u2019ocupabilitat segons el perfil de cada persona, etc\u00e8tera.<\/p>\n<p><strong>Una empresa que vulgui participar a la fira, qu\u00e8 i com ha de fer?<\/strong><\/p>\n<p>Ha de saber, per comen\u00e7ar, que preparem una \u00e0mplia graella d\u2019accions i de\u00a0 f\u00f3rmules de vinculaci\u00f3 a la Fira, ja sigui participant en la inclusi\u00f3 laboral o b\u00e9 col\u00b7laborant en diferents suports i\/o activitats del programa.<\/p>\n<p>Les empreses que estiguin interessades poden fer-ho a trav\u00e9s de la web\u00a0<a href=\"http:\/\/www.firasimillor.org\/\">www.firasimillor.org<\/a>, \u00a0escrivint a\u00a0<a href=\"mailto:empresa@firasimillor.org\">empresa@firasimillor.org<\/a>, o \u00a0trucant al nostre director, Miquel \u00a0Vidal (648.733.842 \u2013 93.313.48.95)<\/p>\n<p><a href=\"https:\/\/www.foment.com\/wp-content\/uploads\/2024\/06\/FECETC_Si_i_millor_2020_2-baj-300x200.jpg.webp\"><img loading=\"lazy\" class=\"size-full wp-image-186040 alignleft\" src=\"https:\/\/www.foment.com\/wp-content\/uploads\/2024\/06\/FECETC_Si_i_millor_2020_2-baj-300x200.jpg.webp\" alt=\"\" width=\"300\" height=\"200\" \/><\/a><\/p>\n<p><strong>Quin \u00e9s el balan\u00e7 de les anteriors edicions de la fira?<\/strong><\/p>\n<p>Estem molt contents de les edicions anteriors. En l\u2019edici\u00f3 de l\u2019any passat, que inicialment estava prevista pel mar\u00e7 i finalment es va fer al setembre, va donar com a fruits, entre d\u2019altres: 184 persones amb discapacitat amb perfils digitalitzats a la borsa de treball; 83 persones van rebre orientaci\u00f3 personalitzada sobre temes laborals i discapacitat; es va contactar amb 122 empreses dins les accions de prospecci\u00f3 i sensibilitzaci\u00f3; 15 persones van \u00a0millorar el seu perfil tecnicoprofessional a trav\u00e9s de formaci\u00f3 certificada; 243 ofertes gestionades per la borsa de treball. Les xifres parlen per elles mateixes.<\/p>\n<p><strong>C\u00f3m \u00e9s presenta l\u2019edici\u00f3 del 2021? S\u2019han marcat algun objectiu concret?<\/strong><\/p>\n<p>L\u2019edici\u00f3 de 2021 es presenta amb molta for\u00e7a de reactivaci\u00f3, esperem resultats molt satisfactoris, com els 8.500 visitants que van assistir, globalment, al Sal\u00f3 de l\u2019Ocupaci\u00f3.<\/p>\n<p>A m\u00e9s, hem preparat diverses confer\u00e8ncies en un espai amb capacitat d\u2019aforament de 800 assistents: \u2018Posa un treballador amb discapacitat a la teva empresa\u2019, L\u2019aportaci\u00f3 laboral de persones neurodivergents. Casa Batll\u00f3: cas d\u2019\u00e8xit\u2019, \u2018No seas demasiado exigente en tu reinvenci\u00f3n personal y profesional\u2019.\u00a0\u00a0 Com a objectius ens agradaria superar les xifres de l\u2019any passat, com els 200 curr\u00edculums recollits, el centenar d\u2019entrevistes a candidats i la trentena d\u2019empreses participants, aix\u00ed com consolidar l\u2019espai de networking i la nostra visibilitat institucional.<\/p>\n<p><strong>I preveuen alguna novetat destacada respecte \u00a0l\u2019any passat?<\/strong><\/p>\n<p>Estem treballant en una acci\u00f3 molt especial i que ens fa molta il\u00b7lusi\u00f3, fer la presentaci\u00f3 de la Fira \u2018S\u00cd, i MILLOR, a la Casa Batll\u00f3, un magn\u00edfic espai on Gaud\u00ed ens ensenya que el \u2018diferent\u2019 pot aportar coses extraordin\u00e0ries, acompanyats de persones amb talent neurodivers en l\u2019experi\u00e8ncia de visitar un monument cultural emblem\u00e0tic del m\u00f3n. Us esperem!<\/p>\n","protected":false},"excerpt":{"rendered":"<p>El recinte firal de Montju\u00efc acollir\u00e0, del 9 a l\u201911 de novembre, la fira \u2018S\u00ed, i Millor!, di-Capacitat i Talent\u2019 dins del Sal\u00f3 de l\u2019Ocupaci\u00f3. El certamen est\u00e0 organitzat per la patronal Federaci\u00f3 de Centres Especials de Treball de Catalunya (FECETC) i pret\u00e9n, d\u2019una banda, ajudar les persones amb discapacitat a trobar feina i, d\u2019una altra, ajudar a les empreses a incorporar talent divers en les seves plantilles. Quin \u00e9s l\u2019objectiu de la fira \u201cSi i Millor! di-Capacitat i Talent\u201d? La Fira \u201cS\u00ed, i Millor!. di-Capacitat i Talent\u201d, posa en contacte empreses compromeses amb la inclusi\u00f3 laboral i\u00a0 persones amb discapacitat que busquen un lloc de treball. Segons l\u2019Institut d\u2019Estad\u00edstica de Catalunya (Idescat), en un Informe de 17 de febrer de 2021, la taxa d\u2019ocupaci\u00f3 de les persones amb discapacitat va ser del 27,8% (2019), cosa que vol dir que el percentatge d\u2019ocupats (87.700 persones) sobre el total de persones de 16 a 64 anys (315.900). L\u2019estad\u00edstica deixa una dada molt dolenta: la taxa d\u2019ocupaci\u00f3 de les persones amb discapacitat \u00e9s 44,8 punts m\u00e9s baixa que la de la resta de la poblaci\u00f3. D\u2019altra banda, segons les dades que desglossa l\u2019Idescat, hi ha 29.000 persones desocupades, la qual cosa situa [&hellip;]<\/p>\n","protected":false},"author":1,"featured_media":186045,"comment_status":"closed","ping_status":"closed","sticky":false,"template":"","format":"standard","meta":{"_links_to":"","_links_to_target":""},"categories":[8406],"tags":[8424],"acf":[],"wps_subtitle":"Entrevista a Josep Roset, president de la Federaci\u00f3 de Centres Especials de Treball de Catalunya (FECETC), que organitza la fira \u201cS\u00ed, i millor\u201d per fomentar la inclusi\u00f3 laboral de les persones amb discapacitat.","_links":{"self":[{"href":"https:\/\/www.foment.com\/es\/wp-json\/wp\/v2\/posts\/186048"}],"collection":[{"href":"https:\/\/www.foment.com\/es\/wp-json\/wp\/v2\/posts"}],"about":[{"href":"https:\/\/www.foment.com\/es\/wp-json\/wp\/v2\/types\/post"}],"author":[{"embeddable":true,"href":"https:\/\/www.foment.com\/es\/wp-json\/wp\/v2\/users\/1"}],"replies":[{"embeddable":true,"href":"https:\/\/www.foment.com\/es\/wp-json\/wp\/v2\/comments?post=186048"}],"version-history":[{"count":2,"href":"https:\/\/www.foment.com\/es\/wp-json\/wp\/v2\/posts\/186048\/revisions"}],"predecessor-version":[{"id":186050,"href":"https:\/\/www.foment.com\/es\/wp-json\/wp\/v2\/posts\/186048\/revisions\/186050"}],"wp:featuredmedia":[{"embeddable":true,"href":"https:\/\/www.foment.com\/es\/wp-json\/wp\/v2\/media\/186045"}],"wp:attachment":[{"href":"https:\/\/www.foment.com\/es\/wp-json\/wp\/v2\/media?parent=186048"}],"wp:term":[{"taxonomy":"category","embeddable":true,"href":"https:\/\/www.foment.com\/es\/wp-json\/wp\/v2\/categories?post=186048"},{"taxonomy":"post_tag","embeddable":true,"href":"https:\/\/www.foment.com\/es\/wp-json\/wp\/v2\/tags?post=186048"}],"curies":[{"name":"wp","href":"https:\/\/api.w.org\/{rel}","templated":true}]}}