{"id":186380,"date":"2021-09-21T17:31:27","date_gmt":"2021-09-21T15:31:27","guid":{"rendered":"https:\/\/www.foment.com\/?p=186380"},"modified":"2024-06-25T17:31:58","modified_gmt":"2024-06-25T15:31:58","slug":"maria-rosa-eritja-fecom-el-comerc-necessita-que-hi-hagi-sous-alegres-i-seguretat-i-de-moment-no-ho-tenim","status":"publish","type":"post","link":"https:\/\/www.foment.com\/es\/maria-rosa-eritja-fecom-el-comerc-necessita-que-hi-hagi-sous-alegres-i-seguretat-i-de-moment-no-ho-tenim\/","title":{"rendered":"Maria Rosa Eritja (FECOM): \u201cEl comer\u00e7 necessita que hi hagi sous alegres i seguretat i, de moment, no ho tenim\u201d"},"content":{"rendered":"<p>El sector del comer\u00e7 ha estat un dels m\u00e9s afectats per la pand\u00e8mia, especialment a Lleida, que va patir un tancament perimetral durant l\u2019any passat. Per saber com ho han viscut els comerciants i quins s\u00f3n els principals reptes de futur, parlem amb Maria Rosa Eritja, presidenta de la Federaci\u00f3 Provincial d\u2019Empresaris de Comer\u00e7 de Lleida (FECOM).<\/p>\n<p><strong>Com heu viscut aquest \u00faltim any des de la FECOM?<\/strong><\/p>\n<p>Ha estat un any de molta feina que no hagu\u00e9s imaginat mai que podr\u00edem fer i menys des de casa. Com a empres\u00e0ria, sentia el p\u00e0nic d\u2019haver de tancar el negoci i alhora, com a presidenta de la federaci\u00f3, veia el p\u00e0nic dels empresaris als que vam acompanyar en totes les circumst\u00e0ncies.<\/p>\n<p>A m\u00e9s, dins la FECOM van tenir casos de COVID, alguns lleus i altres greus. I ho vam viure amb m\u00e0xima preocupaci\u00f3. Afortunadament tothom ha superat la malaltia.<\/p>\n<p>Durant aquest any de pand\u00e8mia hem fet moltes reunions, per analitzar la situaci\u00f3 i buscar solucions. Quan van poder reobrir els comer\u00e7os vam estar al seu costat per veure quins mitjans calia tenir a les botigues per garantir la seguretat.<\/p>\n<p>A Lleida, a m\u00e9s, hem tingut un tancament perimetral que ha estat m\u00e9s dur que en altres territoris. Arrancar un negoci costa molt i estar 3 mesos sense que entrin ingressos i havent de pagar igualment les factures \u00e9s molt complicat.<\/p>\n<p>Hem estat sempre al costat dels comerciants, fent videoconfer\u00e8ncies, formacions, assessorant-los en tot moment i fent seguiment tamb\u00e9 dels cr\u00e8dits ICO perqu\u00e8 els empresaris estaven ofegats. I sort vam tenir dels ERTES, que van permetre a molts negocis seguir oberts.<\/p>\n<p><strong>Han tancat definitivament molts comer\u00e7os en aquest temps?<\/strong><\/p>\n<p>S\u00ed, molts m\u00e9s dels que voldr\u00edem. Entre un 20 i un 25% dels comer\u00e7os han tancat definitivament degut a la crisi generada per la pand\u00e8mia.<\/p>\n<p>En alguns carrers de la ciutat els comer\u00e7os s\u2019han substitu\u00eft per altres serveis, com cafeteries. Al centre no es nota tant per\u00f2 hi ha barris que han perdut moltes botigues.<\/p>\n<p><strong>I els que han pogut mantenir l\u2019activitat com estan actualment?<\/strong><\/p>\n<p>Molts es van trobar amb grans quantitats de productes sense poder vendre\u2019ls. Com que eren productes per la vida social, quan es va tornar a obrir durant l\u2019octubre i novembre de l\u2019any passat, els hi van poder donar sortida poc a poc i recuperar-se una mica.<\/p>\n<p>Encara ara la capacitat de les botigues \u00e9s del 70%. Costar\u00e0 recuperar-se, sobretot per cobrir les despeses de l\u2019any passat.<\/p>\n<p>Tamb\u00e9 hi ha comer\u00e7os als que la pand\u00e8mia els va anar b\u00e9 i que ara, un cop s\u2019ha recuperat una certa normalitat, els est\u00e0 baixant l\u2019activitat perqu\u00e8 la gent ja no compra tant pensant en estar-se a casa.<\/p>\n<p><strong>Els comer\u00e7os han apostat per avan\u00e7ar en mat\u00e8ria de digitalitzaci\u00f3 degut a la pand\u00e8mia?<\/strong><\/p>\n<p>Mentre els comer\u00e7os van estar tancats, des de la FECOM vam fer formaci\u00f3 i sessions online per veure com se\u2019n podien sortir. No cal que tothom tingui una p\u00e0gina web per\u00f2 s\u00ed que molts han apostat per vendre a trav\u00e9s de les xarxes socials i WhatsApp i van fer cr\u00e9ixer les vendes donant-se a con\u00e8ixer a m\u00e9s clients.<\/p>\n<p>La digitalitzaci\u00f3 ha vingut per quedar-se per\u00f2 tamb\u00e9 \u00e9s cert que a la gent li agrada anar a les botigues i ser at\u00e8s personalment.<\/p>\n<p><strong>Creieu que els Fons Next Generation seran una ajuda pels comer\u00e7os?<\/strong><\/p>\n<p>En absolut. Dels primers 900 milions que havien d\u2019arribar, les condicions per accedir-hi eren tan exigents que molt poca gent s\u2019hi va poder apuntar. No hi ha res destinat al comer\u00e7, tots s\u00f3n grans projectes de rehabilitaci\u00f3 d\u2019habitatges, d\u2019infraestructures, energies renovables i cotxe el\u00e8ctric.<\/p>\n<p>Si amb aquests grans grups alg\u00fa pot entrar en el 20% que es destina a les pimes, ser\u00e0 una casualitat. Aqu\u00ed a Lleida s\u2019han fet una desena de projectes entre Ajuntament i Diputaci\u00f3. Si prosperen, vol dir que tindrem t\u00e8cnics mitjans amb bons sous i aix\u00f2 anir\u00e0 b\u00e9 al comer\u00e7.<\/p>\n<p>Crec que tot l\u2019impacte dels Fons Next Generation ser\u00e0 indirecte i al llarg dels anys. No hi haur\u00e0 una recuperaci\u00f3 r\u00e0pida.<\/p>\n<p>El comer\u00e7 necessita que hi hagi sous alegres i seguretat i, de moment, no ho tindrem. Perqu\u00e8 la pand\u00e8mia no s\u2019ha acabat. I si s\u2019acaba, veurem com quedem, com queden les xifres de l\u2019atur i les condicions laborals.<\/p>\n<p>Sous segur i\u00a0 confian\u00e7a \u00e9s el que necessitem i no ho tenim. Hi ha incertesa i la incertesa porta poc consum.<\/p>\n<p><strong>Quins s\u00f3n ara els principals reptes de futur de la FECOM?<\/strong><\/p>\n<p>Com a Federaci\u00f3, hem d\u2019intentar formar als empresaris en tot all\u00f2 que necessitin per adaptar-se a les noves tend\u00e8ncies. Seguirem fent cursos i estant al seu costat en tot moment.<\/p>\n<p>I com a repte principal per als propers mesos tenim damunt la taula el Conveni de Comer\u00e7 de la Prov\u00edncia de Lleida. Els sindicats demanen una pujada que ara mateix no es pot donar. En canvi, els treballadors, que han vist de primera m\u00e0 les dificultats dels \u00faltims mesos, entenen els esfor\u00e7os dels empresaris per mantenir l\u2019activitat.<\/p>\n<p>I tamb\u00e9 seguirem treballant per influir als pol\u00edtics, perqu\u00e8 vegin com est\u00e0 el comer\u00e7. Un sector que no ha tingut ajuda i que n\u2019hauria de rebre tal i com han fet altres pa\u00efsos europeus.<\/p>\n","protected":false},"excerpt":{"rendered":"<p>El sector del comer\u00e7 ha estat un dels m\u00e9s afectats per la pand\u00e8mia, especialment a Lleida, que va patir un tancament perimetral durant l\u2019any passat. Per saber com ho han viscut els comerciants i quins s\u00f3n els principals reptes de futur, parlem amb Maria Rosa Eritja, presidenta de la Federaci\u00f3 Provincial d\u2019Empresaris de Comer\u00e7 de Lleida (FECOM). Com heu viscut aquest \u00faltim any des de la FECOM? Ha estat un any de molta feina que no hagu\u00e9s imaginat mai que podr\u00edem fer i menys des de casa. Com a empres\u00e0ria, sentia el p\u00e0nic d\u2019haver de tancar el negoci i alhora, com a presidenta de la federaci\u00f3, veia el p\u00e0nic dels empresaris als que vam acompanyar en totes les circumst\u00e0ncies. A m\u00e9s, dins la FECOM van tenir casos de COVID, alguns lleus i altres greus. I ho vam viure amb m\u00e0xima preocupaci\u00f3. Afortunadament tothom ha superat la malaltia. Durant aquest any de pand\u00e8mia hem fet moltes reunions, per analitzar la situaci\u00f3 i buscar solucions. Quan van poder reobrir els comer\u00e7os vam estar al seu costat per veure quins mitjans calia tenir a les botigues per garantir la seguretat. A Lleida, a m\u00e9s, hem tingut un tancament perimetral que ha estat m\u00e9s [&hellip;]<\/p>\n","protected":false},"author":1,"featured_media":186377,"comment_status":"closed","ping_status":"closed","sticky":false,"template":"","format":"standard","meta":{"_links_to":"","_links_to_target":""},"categories":[8406],"tags":[8424],"acf":[],"wps_subtitle":"","_links":{"self":[{"href":"https:\/\/www.foment.com\/es\/wp-json\/wp\/v2\/posts\/186380"}],"collection":[{"href":"https:\/\/www.foment.com\/es\/wp-json\/wp\/v2\/posts"}],"about":[{"href":"https:\/\/www.foment.com\/es\/wp-json\/wp\/v2\/types\/post"}],"author":[{"embeddable":true,"href":"https:\/\/www.foment.com\/es\/wp-json\/wp\/v2\/users\/1"}],"replies":[{"embeddable":true,"href":"https:\/\/www.foment.com\/es\/wp-json\/wp\/v2\/comments?post=186380"}],"version-history":[{"count":2,"href":"https:\/\/www.foment.com\/es\/wp-json\/wp\/v2\/posts\/186380\/revisions"}],"predecessor-version":[{"id":186382,"href":"https:\/\/www.foment.com\/es\/wp-json\/wp\/v2\/posts\/186380\/revisions\/186382"}],"wp:featuredmedia":[{"embeddable":true,"href":"https:\/\/www.foment.com\/es\/wp-json\/wp\/v2\/media\/186377"}],"wp:attachment":[{"href":"https:\/\/www.foment.com\/es\/wp-json\/wp\/v2\/media?parent=186380"}],"wp:term":[{"taxonomy":"category","embeddable":true,"href":"https:\/\/www.foment.com\/es\/wp-json\/wp\/v2\/categories?post=186380"},{"taxonomy":"post_tag","embeddable":true,"href":"https:\/\/www.foment.com\/es\/wp-json\/wp\/v2\/tags?post=186380"}],"curies":[{"name":"wp","href":"https:\/\/api.w.org\/{rel}","templated":true}]}}