{"id":186505,"date":"2024-04-24T14:28:05","date_gmt":"2024-04-24T12:28:05","guid":{"rendered":"https:\/\/www.foment.com\/josep-ribo-col%c2%b7legi-oficial-de-gestors-administratius-de-catalunya-una-elevada-eficiencia-en-lacces-a-la-professio-suposa-afegir-quotes-dexcel%c2%b7lencia-a-les-empr\/"},"modified":"2024-06-26T14:32:48","modified_gmt":"2024-06-26T12:32:48","slug":"josep-ribo-col%c2%b7legi-oficial-de-gestors-administratius-de-catalunya-una-elevada-eficiencia-en-lacces-a-la-professio-suposa-afegir-quotes-dexcel%c2%b7lencia-a-les-empr","status":"publish","type":"post","link":"https:\/\/www.foment.com\/es\/josep-ribo-col%c2%b7legi-oficial-de-gestors-administratius-de-catalunya-una-elevada-eficiencia-en-lacces-a-la-professio-suposa-afegir-quotes-dexcel%c2%b7lencia-a-les-empr\/","title":{"rendered":"Josep Rib\u00f3 (Col\u00b7legi Oficial de Gestors Administratius de Catalunya): \u201cUna elevada efici\u00e8ncia en l\u2019acc\u00e9s a la professi\u00f3 suposa afegir quotes d\u2019excel\u00b7l\u00e8ncia a les empreses\u201d"},"content":{"rendered":"<p><strong>Podria explicar-nos la missi\u00f3 principal del Col\u00b7legi Oficial de Gestors Administratius de Catalunya i com aquesta entitat es posiciona com un pont essencial entre les empreses i l\u2019administraci\u00f3 p\u00fablica?<\/strong><\/p>\n<p class=\"lazyloaded\">El Col\u00b7legi \u00e9s una corporaci\u00f3 de dret p\u00fablic i la seva missi\u00f3 es vetllar pels interessos dels seus col\u00b7legiats; representant, defensant i promocionant la professi\u00f3 de gestor administratiu, aix\u00ed com garantint la qualitat i l\u2019efic\u00e0cia dels serveis que presten a la ciutadania i a les empreses. Els gestors administratius anem sempre un pas per davant de les necessitats de la societat. \u00c9s cert que som un pont essencial entre les empreses i les administracions, per\u00f2 hem evolucionat anant m\u00e9s enll\u00e0, convertint-nos en un assessorament expert, integral i personalitzat.<\/p>\n<p>&nbsp;<\/p>\n<p><strong>Com contribueix el Col\u00b7legi al desenvolupament i enfortiment de l\u2019ecosistema empresarial a Catalunya?<\/strong><\/p>\n<p>L\u2019impacte de la nostra activitat com a professionals en l\u2019\u00e0mbit econ\u00f2mic i empresarial \u00e9s certament important. Empreses, professionals i l\u2019administraci\u00f3 p\u00fablica en s\u00f3n testimonis, i aix\u00ed ens ho reconeixen. El Col\u00b7legi que tinc l\u2019honor de presidir no vol ser un element passiu, sin\u00f3 comprom\u00e8s. Ho fem a partir d\u2019unes estrictes mesures d\u2019acc\u00e9s a la professi\u00f3 que acaben redundant en un servei de gran ajuda per a les empreses en tot all\u00f2 que t\u00e9 a veure amb la seves obligacions amb les administracions p\u00fabliques. No hi ha dubte que una elevada efici\u00e8ncia en aquest \u00e0mbit suposa afegir quotes d\u2019excel\u00b7l\u00e8ncia i efic\u00e0cia en les empreses del pa\u00eds.<\/p>\n<p><strong>\u00a0<\/strong><\/p>\n<p><strong>En termes de serveis que ofereixen, quins considera que s\u00f3n els m\u00e9s valorats per les empreses i per qu\u00e8?<\/strong><\/p>\n<p>Les funcions pr\u00f2pies de les gestories es centren a oferir assessorament i gesti\u00f3 integral en diversos \u00e0mbits com el fiscal-tributari, laboral, comptable, vehicles i estrangeria i recolzen a les empreses pel seu compliment amb les administracions p\u00fabliques. En contractar els serveis d\u2019una gestoria estem externalitzant part de l\u2019activitat de l\u2019empresa, cosa que implica una reducci\u00f3 de costos i efici\u00e8ncia. Els avantatges generals de l\u2019externalitzaci\u00f3 representen un benefici clar, des de la reducci\u00f3 de costos de personal fins a aprofitar l\u2019especialitzaci\u00f3 de la gestoria, experta en la mat\u00e8ria.<\/p>\n<p><strong>\u00a0<\/strong><\/p>\n<p><strong>Com est\u00e0 abordant el Col\u00b7legi el desafiament de la digitalitzaci\u00f3 en la gesti\u00f3 administrativa?<\/strong><\/p>\n<p>Nosaltres portem invertint en digitalitzaci\u00f3 fa molts anys i des del Col\u00b7legi ajudem a les gestories amb plataformes de telematitzaci\u00f3 dels processos administratius. Cal dir, a m\u00e9s, que les gestories van ser pioneres i sempre han anat al capdavant en l\u2019\u00e0mbit digital. Els clients dels gestors i gestores estan tamb\u00e9 en aquest proc\u00e9s de digitalitzaci\u00f3 i de fet molts d\u2019ells ja han nascut en un format de digitalitzaci\u00f3 absoluta. La administraci\u00f3 tamb\u00e9 empeny en aquest senti. I \u00e9s per tot aix\u00f2 que les gestories procuren anar per davant.<\/p>\n<p>&nbsp;<\/p>\n<p><strong>Podria compartir algun cas d\u2019\u00e8xit on la intervenci\u00f3 del Col\u00b7legi hagi estat decisiva per resoldre complexitats administratives d\u2019alguna empresa?<\/strong><\/p>\n<p>Un exemple molt significatiu \u00e9s el de les matriculacions telem\u00e0tiques. Va ser una iniciativa dels gestors catalans. Per primera vegada, l\u2019any 2008, es podia matricular un vehicle, es van pagar els impostos des de d\u2019una gestoria sense despla\u00e7aments i al moment. Arrel d\u2019aquesta primer aposta van arribar d\u2019altres on tamb\u00e9 la tecnologia ha perm\u00e8s que els processos administratius siguin m\u00e9s eficients.<\/p>\n<p><strong>\u00a0<\/strong><\/p>\n<p><strong>Com \u00e9s la relaci\u00f3 actual del Col\u00b7legi amb l\u2019administraci\u00f3 p\u00fablica i com creuen que pot millorar en benefici de les empreses?<\/strong><\/p>\n<p>La relaci\u00f3 del nostre Col\u00b7legi amb l\u2019administraci\u00f3 sempre ha estat molt fluida i en l\u2019actualitat ho segueix sent. No podria ser de cap altra manera. Som un enlla\u00e7 clau entre empresa i administraci\u00f3. Aquesta posici\u00f3 ens permet tenir una visi\u00f3 privilegiada i ser uns interlocutors indispensables alhora de trobar solucions a molts dels problemes existents. \u00c9s per aquesta ra\u00f3 que mantenim una permanent interlocuci\u00f3 amb la administraci\u00f3 p\u00fablica. La nostra posici\u00f3 ens permet identificar clarament molts punts de millora i aquest \u00e9s un altre dels motius\u00a0 pels que estic conven\u00e7ut que el nostre col\u00b7lectiu pot i ha de ser un actor de gran import\u00e0ncia en el creixement econ\u00f2mic del pa\u00eds.<\/p>\n<p>&nbsp;<\/p>\n<p><strong>Per concloure, quins s\u00f3n els principals reptes i oportunitats que veu per al Col\u00b7legi en el futur proper, especialment en el context de canvis legislatius i econ\u00f2mics?<\/strong><\/p>\n<p>El nostre col\u00b7lectiu no \u00e9s ali\u00e8 al seu entorn. D\u2019igual manera que d\u2019altres segments professionals, els gestors administratius enfrontem el desafiament d\u2019adaptar-nos a un entorn empresarial en evoluci\u00f3 constant, on la tecnologia, la regulaci\u00f3 i el canvi constant s\u00f3n elements clau. Aquells que puguin abordar aquests desafiaments amb flexibilitat, innovaci\u00f3 i un comprom\u00eds amb el desenvolupament professional estaran m\u00e9s ben posicionats per tenir \u00e8xit en el futur. \u00c9s clau pel nostre col\u00b7lectiu ser cada cop m\u00e9s competitius i gestionar efica\u00e7ment el volum de coneixement.<\/p>\n","protected":false},"excerpt":{"rendered":"<p>Podria explicar-nos la missi\u00f3 principal del Col\u00b7legi Oficial de Gestors Administratius de Catalunya i com aquesta entitat es posiciona com un pont essencial entre les empreses i l\u2019administraci\u00f3 p\u00fablica? El Col\u00b7legi \u00e9s una corporaci\u00f3 de dret p\u00fablic i la seva missi\u00f3 es vetllar pels interessos dels seus col\u00b7legiats; representant, defensant i promocionant la professi\u00f3 de gestor administratiu, aix\u00ed com garantint la qualitat i l\u2019efic\u00e0cia dels serveis que presten a la ciutadania i a les empreses. Els gestors administratius anem sempre un pas per davant de les necessitats de la societat. \u00c9s cert que som un pont essencial entre les empreses i les administracions, per\u00f2 hem evolucionat anant m\u00e9s enll\u00e0, convertint-nos en un assessorament expert, integral i personalitzat. &nbsp; Com contribueix el Col\u00b7legi al desenvolupament i enfortiment de l\u2019ecosistema empresarial a Catalunya? L\u2019impacte de la nostra activitat com a professionals en l\u2019\u00e0mbit econ\u00f2mic i empresarial \u00e9s certament important. Empreses, professionals i l\u2019administraci\u00f3 p\u00fablica en s\u00f3n testimonis, i aix\u00ed ens ho reconeixen. El Col\u00b7legi que tinc l\u2019honor de presidir no vol ser un element passiu, sin\u00f3 comprom\u00e8s. Ho fem a partir d\u2019unes estrictes mesures d\u2019acc\u00e9s a la professi\u00f3 que acaben redundant en un servei de gran ajuda per a les empreses en [&hellip;]<\/p>\n","protected":false},"author":1,"featured_media":186503,"comment_status":"closed","ping_status":"closed","sticky":false,"template":"","format":"standard","meta":{"_links_to":"","_links_to_target":""},"categories":[8406],"tags":[5669],"acf":[],"wps_subtitle":"","_links":{"self":[{"href":"https:\/\/www.foment.com\/es\/wp-json\/wp\/v2\/posts\/186505"}],"collection":[{"href":"https:\/\/www.foment.com\/es\/wp-json\/wp\/v2\/posts"}],"about":[{"href":"https:\/\/www.foment.com\/es\/wp-json\/wp\/v2\/types\/post"}],"author":[{"embeddable":true,"href":"https:\/\/www.foment.com\/es\/wp-json\/wp\/v2\/users\/1"}],"replies":[{"embeddable":true,"href":"https:\/\/www.foment.com\/es\/wp-json\/wp\/v2\/comments?post=186505"}],"version-history":[{"count":1,"href":"https:\/\/www.foment.com\/es\/wp-json\/wp\/v2\/posts\/186505\/revisions"}],"predecessor-version":[{"id":186506,"href":"https:\/\/www.foment.com\/es\/wp-json\/wp\/v2\/posts\/186505\/revisions\/186506"}],"wp:featuredmedia":[{"embeddable":true,"href":"https:\/\/www.foment.com\/es\/wp-json\/wp\/v2\/media\/186503"}],"wp:attachment":[{"href":"https:\/\/www.foment.com\/es\/wp-json\/wp\/v2\/media?parent=186505"}],"wp:term":[{"taxonomy":"category","embeddable":true,"href":"https:\/\/www.foment.com\/es\/wp-json\/wp\/v2\/categories?post=186505"},{"taxonomy":"post_tag","embeddable":true,"href":"https:\/\/www.foment.com\/es\/wp-json\/wp\/v2\/tags?post=186505"}],"curies":[{"name":"wp","href":"https:\/\/api.w.org\/{rel}","templated":true}]}}