{"id":186565,"date":"2024-06-17T13:57:38","date_gmt":"2024-06-17T11:57:38","guid":{"rendered":"https:\/\/www.foment.com\/la-fundacio-uea-renova-el-conveni-amb-labdoo-per-la-reutilitzacio-de-dispositius-mobils\/"},"modified":"2024-06-27T14:02:45","modified_gmt":"2024-06-27T12:02:45","slug":"la-fundacio-uea-renova-el-conveni-amb-labdoo-per-la-reutilitzacio-de-dispositius-mobils","status":"publish","type":"post","link":"https:\/\/www.foment.com\/es\/la-fundacio-uea-renova-el-conveni-amb-labdoo-per-la-reutilitzacio-de-dispositius-mobils\/","title":{"rendered":"La Fundaci\u00f3 UEA renova el conveni amb Labdoo per la reutilitzaci\u00f3 de dispositius m\u00f2bils"},"content":{"rendered":"<p>Aquesta primavera la Fundaci\u00f3 UEA i l\u2019associaci\u00f3 Labdoo ha renovat el seu acord de col\u00b7laboraci\u00f3 mantenint l\u2019objectiu de recollir port\u00e0tils i tauletes en des\u00fas entre el teixit empresarial i la societat anoienca per tal de poder-los sanejar i fer-los arribar a persones i col\u00b7lectius vulnerables que els puguin necessitar.<\/p>\n<p class=\"lazyloaded\">Aquesta acci\u00f3 posa en relleu la implicaci\u00f3 social i mediambiental de la Fundaci\u00f3 i de les empreses i persones de la comarca de l\u2019Anoia. Els dispositius que es recullen s\u00f3n revisats i es complementen amb aplicacions educatives per a joves d\u2019escoles d\u2019arreu del m\u00f3n on es distribueixen a trav\u00e9s d\u2019altres iniciatives paral\u00b7leles sense generar emissions de Co2 addicionals al planeta.<\/p>\n<p>Un paper clau en el proc\u00e9s el porta a terme l\u2019institut Mil\u00e0 i Fontanals, branca imprescindible en aquesta xarxa \u00a0ja que, no nom\u00e9s han integrat el projecte de Labdoo dins el curr\u00edculum que cursen els alumnes del Cicle de Grau Mitj\u00e0 d\u2019Instal\u00b7lacions de Telecomunicacions, sin\u00f3 que s\u00f3n ells els encarregats de revisar i sanejar els dispositius. Una vegada adequats es fan arribar a col\u00b7lectius que els necessiten i els hi poden donar un nou \u00fas.<\/p>\n<p>L\u2019any passat, els dispositius recollits per la Uni\u00f3 Empresarial de l\u2019Anoia i la Fundaci\u00f3 UEA van ser donats a la Fundaci\u00f3 Actua de Vilafranca del Pened\u00e8s, que treballa amb diferents projectes amb joves amb necessitats. Altres dels elements recollits a la comarca i sanejats des de l\u2019INS Mil\u00e0 i Fontanals, van ser 12 port\u00e0tils que es van enviar a Uganda, a trav\u00e9s dels voluntaris del projecte Cadires x Tororo.\u00a0 Aquest curs ja s\u2019han enviat 2 port\u00e0tils a una escola del Senegal el mes de novembre, i aviat s\u2019enviaran tamb\u00e9 al Senegal altres 7 port\u00e0tils i 7 tauletes recollides per la Fundaci\u00f3 UEA que han estat donades per l\u2019empresa Meritem.<\/p>\n<p>Com a Hub receptor dels dispositius, totes aquelles empreses, particulars o organismes que vulguin donar tauletes o port\u00e0tils que encara puguin tenir una segona vida, els poden fer arribar a la seu de la Fundaci\u00f3 UEA (Carretera de Manresa 131 d\u2019Igualada).<\/p>\n<p>&nbsp;<\/p>\n<p><strong>Arreu del m\u00f3n<\/strong><\/p>\n<p>Des de la seva fundaci\u00f3 i gr\u00e0cies a la col\u00b7laboraci\u00f3 de milers de persones, la plataforma humanit\u00e0ria Labdoo ha anat creixent, actualment servint port\u00e0tils a m\u00e9s de 2700 escoles en m\u00e9s de 150 pa\u00efsos arreu del m\u00f3n.<\/p>\n","protected":false},"excerpt":{"rendered":"<p>Aquesta primavera la Fundaci\u00f3 UEA i l\u2019associaci\u00f3 Labdoo ha renovat el seu acord de col\u00b7laboraci\u00f3 mantenint l\u2019objectiu de recollir port\u00e0tils i tauletes en des\u00fas entre el teixit empresarial i la societat anoienca per tal de poder-los sanejar i fer-los arribar a persones i col\u00b7lectius vulnerables que els puguin necessitar. Aquesta acci\u00f3 posa en relleu la implicaci\u00f3 social i mediambiental de la Fundaci\u00f3 i de les empreses i persones de la comarca de l\u2019Anoia. Els dispositius que es recullen s\u00f3n revisats i es complementen amb aplicacions educatives per a joves d\u2019escoles d\u2019arreu del m\u00f3n on es distribueixen a trav\u00e9s d\u2019altres iniciatives paral\u00b7leles sense generar emissions de Co2 addicionals al planeta. Un paper clau en el proc\u00e9s el porta a terme l\u2019institut Mil\u00e0 i Fontanals, branca imprescindible en aquesta xarxa \u00a0ja que, no nom\u00e9s han integrat el projecte de Labdoo dins el curr\u00edculum que cursen els alumnes del Cicle de Grau Mitj\u00e0 d\u2019Instal\u00b7lacions de Telecomunicacions, sin\u00f3 que s\u00f3n ells els encarregats de revisar i sanejar els dispositius. Una vegada adequats es fan arribar a col\u00b7lectius que els necessiten i els hi poden donar un nou \u00fas. L\u2019any passat, els dispositius recollits per la Uni\u00f3 Empresarial de l\u2019Anoia i la Fundaci\u00f3 UEA van [&hellip;]<\/p>\n","protected":false},"author":1,"featured_media":186563,"comment_status":"closed","ping_status":"closed","sticky":false,"template":"","format":"standard","meta":{"_links_to":"","_links_to_target":""},"categories":[8407],"tags":[8415],"acf":[],"wps_subtitle":"Els dispositius cedits l\u2019any passat, sanejats i entregats per l\u2019INS Mil\u00e0 i Fontanals, van adre\u00e7ar-se al col\u00b7lectiu de joves amb necessitats","_links":{"self":[{"href":"https:\/\/www.foment.com\/es\/wp-json\/wp\/v2\/posts\/186565"}],"collection":[{"href":"https:\/\/www.foment.com\/es\/wp-json\/wp\/v2\/posts"}],"about":[{"href":"https:\/\/www.foment.com\/es\/wp-json\/wp\/v2\/types\/post"}],"author":[{"embeddable":true,"href":"https:\/\/www.foment.com\/es\/wp-json\/wp\/v2\/users\/1"}],"replies":[{"embeddable":true,"href":"https:\/\/www.foment.com\/es\/wp-json\/wp\/v2\/comments?post=186565"}],"version-history":[{"count":1,"href":"https:\/\/www.foment.com\/es\/wp-json\/wp\/v2\/posts\/186565\/revisions"}],"predecessor-version":[{"id":186566,"href":"https:\/\/www.foment.com\/es\/wp-json\/wp\/v2\/posts\/186565\/revisions\/186566"}],"wp:featuredmedia":[{"embeddable":true,"href":"https:\/\/www.foment.com\/es\/wp-json\/wp\/v2\/media\/186563"}],"wp:attachment":[{"href":"https:\/\/www.foment.com\/es\/wp-json\/wp\/v2\/media?parent=186565"}],"wp:term":[{"taxonomy":"category","embeddable":true,"href":"https:\/\/www.foment.com\/es\/wp-json\/wp\/v2\/categories?post=186565"},{"taxonomy":"post_tag","embeddable":true,"href":"https:\/\/www.foment.com\/es\/wp-json\/wp\/v2\/tags?post=186565"}],"curies":[{"name":"wp","href":"https:\/\/api.w.org\/{rel}","templated":true}]}}