{"id":186586,"date":"2024-06-17T14:06:50","date_gmt":"2024-06-17T12:06:50","guid":{"rendered":"https:\/\/www.foment.com\/talent-productivitat-i-absentisme-els-temes-que-preocupen-a-les-empreses-en-lassemblea-general-daeball\/"},"modified":"2024-06-27T14:08:17","modified_gmt":"2024-06-27T12:08:17","slug":"talent-productivitat-i-absentisme-els-temes-que-preocupen-a-les-empreses-en-lassemblea-general-daeball","status":"publish","type":"post","link":"https:\/\/www.foment.com\/es\/talent-productivitat-i-absentisme-els-temes-que-preocupen-a-les-empreses-en-lassemblea-general-daeball\/","title":{"rendered":"Talent, productivitat i absentisme, els temes que preocupen a les empreses en l\u2019Assemblea General d\u2019AEBALL"},"content":{"rendered":"<ul>\n<li>A l\u2019Assemblea General de l\u2019entitat, celebrada avui, s\u2019han aprovat els comptes corresponents al 2023, el pressupost per l\u2019any 2024, i la Mem\u00f2ria d\u2019activitats de l\u2019any passat, de la que destaquen, entre d\u2019altres activitats, les 6.277 hores destinades a formaci\u00f3, en 2.294 cursos i 1.569 alumnes<\/li>\n<li>La patronal va executar 4 projectes d\u2019\u00e8xit en les \u00e0rees d\u2019ocupaci\u00f3, formaci\u00f3 i emprenedoria al 2023, que han suposat 85 insercions en el territori i han comptat amb 286 participants<\/li>\n<li>El president, Santiago Ballest\u00e9, ha exposat tamb\u00e9 les l\u00ednies de treball de 2024 recordant que \u201ctenim una responsabilitat econ\u00f2mica i un comprom\u00eds social\u201d<\/li>\n<\/ul>\n<p><strong>L\u2019Associaci\u00f3 Empresarial de L\u2019Hospitalet i el Baix Llobregat (AEBALL) ha organitzat l\u2019Assemblea General anual\u00a0de l\u2019entitat, celebrada avui. En la reuni\u00f3, els socis han aprovat els comptes de l\u2019entitat corresponents a l\u2019exercici anterior, el de l\u2019any 2023, aix\u00ed com el pressupost per l\u2019exercici en curs, el 2024.<\/strong><\/p>\n<p class=\"lazyloaded\"><strong>El president de l\u2019entitat, Santiago Ballest\u00e9, ha afirmat que \u201chi ha dos temes que preocupen les empreses i que hem d\u2019afrontar com a pa\u00eds: la productivitat i l\u2019absentisme.\u00a0<\/strong>S\u00f3n dues variables que fan que siguem menys competitius i que ens allunyen dels nostres competidors. Tamb\u00e9 hi ha un tema de vital import\u00e0ncia que ens preocupa i ocupa des de fa temps, i que cada any les empreses ens transmeten la seva gran preocupaci\u00f3: el tema del talent\u201d.\u00a0<strong>La captaci\u00f3 i retenci\u00f3 del talent s\u2019ha convertit en un problema que cada vegada costa m\u00e9s de solucionar i que incideix en els plans de futur de les empreses.\u00a0<\/strong>No sols \u00e9s que no es troben els perfils demandats, \u00e9s que els que hi ha no tenen la preparaci\u00f3 ni els coneixements que les nostres empreses requereixen.<\/p>\n<p>AEBALL t\u00e9 un servei de formaci\u00f3 i ocupaci\u00f3, on es treballa amb les empreses per a cobrir les seves necessitats i tamb\u00e9 amb les administracions per a mitigar, en la mesura del possible, les dificultats d\u2019inserci\u00f3. A m\u00e9s, treballa diferents programes on desenvolupa formaci\u00f3, orientaci\u00f3, contractaci\u00f3, acreditaci\u00f3 de forma subvencionada.<\/p>\n<p><strong>L\u2019objectiu sempre \u00e9s afavorir el desenvolupament de les activitats empresarials actuals, atreure noves inversions i impulsar l\u2019ocupaci\u00f3<\/strong>, especialment la dels col\u00b7lectius m\u00e9s vulnerables.<\/p>\n<p><strong>AEBALL\u00a0promou i facilita la participaci\u00f3 de les empreses en programes de diferents \u00e0mbits.\u00a0Concretament, durant l\u2019any 2023 l\u2019entitat va liderar 4 projectes en les \u00e0rees d\u2019ocupaci\u00f3, formaci\u00f3 i emprenedoria, que han suposat\u00a085 insercions en el territori i han comptat amb 286\u00a0participants.\u00a0<\/strong>Els projectes han estat:<strong>\u00a0Singulars\u00a0<\/strong>(per inserir persones menors de 30 anys al mercat laboral),<strong>\u00a0Projecta\u2019t\u00a0<\/strong>(Servei d\u2019orientaci\u00f3 professional adre\u00e7at a persones en actiu amb l\u2019objectiu de conduir a les persones treballadores en la millora de les seves compet\u00e8ncies per desenvolupar el seu lloc de treball),<strong>\u00a0Catalunya Empr\u00e8n<\/strong>\u00a0(Programa d\u2019assessorament i acompanyament a emprenedors\/es i noves empreses per fomentar la creaci\u00f3, el desenvolupament i el creixement de les empreses) i\u00a0<strong>30 Plus\u00a0<\/strong>(Programa d\u2019ocupaci\u00f3 per facilitar experi\u00e8ncia laboral a persones majors de 30 anys, acompanyada de formaci\u00f3 espec\u00edfica i tutoritzaci\u00f3).<\/p>\n<p>Ballest\u00e9 ha afirmat que \u201cla nostra entitat continua creixent any rere any. L\u2019equip, altament qualificat, est\u00e0 plenament integrat en l\u2019estrat\u00e8gia de l\u2019entitat i, amb est\u00e0ndards d\u2019efic\u00e0cia i efici\u00e8ncia, atenem amb menys recursos dels necessaris els problemes i reptes que ens plantegen els socis.\u00a0<strong>Els socis sempre s\u00f3n i seran el centre de les nostres activitats<\/strong>, per\u00f2 no oblidem l\u2019entorn, on el component social tamb\u00e9 forma part de la nostra responsabilitat i intentem, amb la nostra dedicaci\u00f3, la seva millora. Som optimistes, si treballem els reptes de manera col\u00b7laborativa, amb col\u00b7laboraci\u00f3 p\u00fablic-privada, sumant i posant tots els nostres coneixements i bon fer al servei del b\u00e9 com\u00fa\u201d.<\/p>\n<p>A m\u00e9s, ha afegit que \u201cels canvis els hem d\u2019afrontar de formes diferents, el m\u00f3n est\u00e0 evolucionant molt de pressa i les empreses, no dubtem, sabrem estar a l\u2019avantguarda. El futur que ens espera \u00e9s apassionant i amb passi\u00f3 sempre hem treballat en les empreses.\u00a0<strong>Tenim una responsabilitat econ\u00f2mica i un comprom\u00eds social, estem segurs que en el nostre territori les empreses no l\u2019obliden i comptem amb elles per a afrontar-lo\u201d.<\/strong><\/p>\n<p><strong>A l\u2019Assemblea General, el President de l\u2019entitat, i la Vicepresidenta i Directora General, M. Rosa\u00a0Fiol,\u00a0han\u00a0presentat els informes relatius a les tasques desenvolupades durant l\u2019\u00faltim exercici i les perspectives de futur.<\/strong>\u00a0La formaci\u00f3, la borsa de treball i els programes d\u2019inserci\u00f3 i acompanyament continuen refor\u00e7ant-se per facilitar a les empreses la transformaci\u00f3 cap a la sostenibilitat i la digitalitzaci\u00f3, i l\u2019acc\u00e9s a nous mercats i oportunitats. En aquest sentit, destaca la continu\u00eftat amb la labor actual de la Junta Directiva, impulsant tots aquells serveis que ajudin les empreses a poder cr\u00e9ixer i accedir a noves oportunitats, de manera sostenible, i mitjan\u00e7ant la digitalitzaci\u00f3, la cooperaci\u00f3, i assumint el repte d\u2019acompanyar-les perqu\u00e8 puguin comptar amb perfils adaptats a les noves necessitats dels mercats.<\/p>\n<p align=\"center\"><strong>#AeballEmpresesCreantValor<\/strong><\/p>\n","protected":false},"excerpt":{"rendered":"<p>A l\u2019Assemblea General de l\u2019entitat, celebrada avui, s\u2019han aprovat els comptes corresponents al 2023, el pressupost per l\u2019any 2024, i la Mem\u00f2ria d\u2019activitats de l\u2019any passat, de la que destaquen, entre d\u2019altres activitats, les 6.277 hores destinades a formaci\u00f3, en 2.294 cursos i 1.569 alumnes La patronal va executar 4 projectes d\u2019\u00e8xit en les \u00e0rees d\u2019ocupaci\u00f3, formaci\u00f3 i emprenedoria al 2023, que han suposat 85 insercions en el territori i han comptat amb 286 participants El president, Santiago Ballest\u00e9, ha exposat tamb\u00e9 les l\u00ednies de treball de 2024 recordant que \u201ctenim una responsabilitat econ\u00f2mica i un comprom\u00eds social\u201d L\u2019Associaci\u00f3 Empresarial de L\u2019Hospitalet i el Baix Llobregat (AEBALL) ha organitzat l\u2019Assemblea General anual\u00a0de l\u2019entitat, celebrada avui. En la reuni\u00f3, els socis han aprovat els comptes de l\u2019entitat corresponents a l\u2019exercici anterior, el de l\u2019any 2023, aix\u00ed com el pressupost per l\u2019exercici en curs, el 2024. El president de l\u2019entitat, Santiago Ballest\u00e9, ha afirmat que \u201chi ha dos temes que preocupen les empreses i que hem d\u2019afrontar com a pa\u00eds: la productivitat i l\u2019absentisme.\u00a0S\u00f3n dues variables que fan que siguem menys competitius i que ens allunyen dels nostres competidors. Tamb\u00e9 hi ha un tema de vital import\u00e0ncia que ens preocupa i ocupa [&hellip;]<\/p>\n","protected":false},"author":1,"featured_media":186584,"comment_status":"closed","ping_status":"closed","sticky":false,"template":"","format":"standard","meta":{"_links_to":"","_links_to_target":""},"categories":[8407],"tags":[8415],"acf":[],"wps_subtitle":"","_links":{"self":[{"href":"https:\/\/www.foment.com\/es\/wp-json\/wp\/v2\/posts\/186586"}],"collection":[{"href":"https:\/\/www.foment.com\/es\/wp-json\/wp\/v2\/posts"}],"about":[{"href":"https:\/\/www.foment.com\/es\/wp-json\/wp\/v2\/types\/post"}],"author":[{"embeddable":true,"href":"https:\/\/www.foment.com\/es\/wp-json\/wp\/v2\/users\/1"}],"replies":[{"embeddable":true,"href":"https:\/\/www.foment.com\/es\/wp-json\/wp\/v2\/comments?post=186586"}],"version-history":[{"count":1,"href":"https:\/\/www.foment.com\/es\/wp-json\/wp\/v2\/posts\/186586\/revisions"}],"predecessor-version":[{"id":186587,"href":"https:\/\/www.foment.com\/es\/wp-json\/wp\/v2\/posts\/186586\/revisions\/186587"}],"wp:featuredmedia":[{"embeddable":true,"href":"https:\/\/www.foment.com\/es\/wp-json\/wp\/v2\/media\/186584"}],"wp:attachment":[{"href":"https:\/\/www.foment.com\/es\/wp-json\/wp\/v2\/media?parent=186586"}],"wp:term":[{"taxonomy":"category","embeddable":true,"href":"https:\/\/www.foment.com\/es\/wp-json\/wp\/v2\/categories?post=186586"},{"taxonomy":"post_tag","embeddable":true,"href":"https:\/\/www.foment.com\/es\/wp-json\/wp\/v2\/tags?post=186586"}],"curies":[{"name":"wp","href":"https:\/\/api.w.org\/{rel}","templated":true}]}}