{"id":186593,"date":"2024-06-07T14:08:22","date_gmt":"2024-06-07T12:08:22","guid":{"rendered":"https:\/\/www.foment.com\/aeball-veu-larea-metropolitana-de-barcelona-com-a-zona-privilegiada-en-infraestructures-tecnologiques-punteres-i-reivindica-la-importancia-dels-ecosistemes-per-impulsar-sinergies-amb-les-empr\/"},"modified":"2024-06-27T14:09:54","modified_gmt":"2024-06-27T12:09:54","slug":"aeball-veu-larea-metropolitana-de-barcelona-com-a-zona-privilegiada-en-infraestructures-tecnologiques-punteres-i-reivindica-la-importancia-dels-ecosistemes-per-impulsar-sinergies-amb-les-empr","status":"publish","type":"post","link":"https:\/\/www.foment.com\/es\/aeball-veu-larea-metropolitana-de-barcelona-com-a-zona-privilegiada-en-infraestructures-tecnologiques-punteres-i-reivindica-la-importancia-dels-ecosistemes-per-impulsar-sinergies-amb-les-empr\/","title":{"rendered":"AEBALL veu l\u2019\u00e0rea metropolitana de Barcelona com a zona privilegiada en infraestructures tecnol\u00f2giques punteres i reivindica la import\u00e0ncia dels ecosistemes per impulsar sin\u00e8rgies amb les empreses"},"content":{"rendered":"<ul>\n<li>Barcelona t\u00e9 un paper clau com a punt d\u2019arribada de cables submarins gr\u00e0cies a la seva situaci\u00f3 privilegiada, id\u00f2nia per la instal\u00b7laci\u00f3 de\u00a0<em>data centers<\/em>, i compta tamb\u00e9 amb la seu del Barcelona Supercomputing Center (BSC) que allotjar\u00e0 el primer ordinador qu\u00e0ntic del Sud d\u2019Europa, desenvolupat per Qilimanjaro, una empresa catalana<\/li>\n<li>La patronal demana agilitat i suport als projectes cr\u00edtics i estrat\u00e8gics de pa\u00eds, com s\u00f3n aquestes infraestructures<\/li>\n<li>Des d\u2019AEBALL s\u2019ha proposat tamb\u00e9 al BSC la obertura a la ind\u00fastria i al m\u00f3n empresarial, i en paraules de M. Rosa Fiol, vicepresidenta de la patronal, \u201cuna infraestructura tecnol\u00f2gica com el BSC seria una important\u00edssima palanca d\u2019innovaci\u00f3 si pogu\u00e9s estar al servei de les empreses\u201d<\/li>\n<li>El FEm Llobregat, promogut per AEBALL, ha organitzat un Panell\u00a0d\u2019Experts\u00a0sobre Infraestructures Tecnol\u00f2giques i Desenvolupament Econ\u00f2mic Territorial<\/li>\n<\/ul>\n<p>El F\u00f2rum Empresarial del Llobregat ha celebrat avui una Trobada en Profunditat amb Panell d\u2019Experts per tractar de manera monogr\u00e0fica, des de diferents perspectives,<strong>\u00a0la import\u00e0ncia de les infraestructures tecnol\u00f2giques i el desenvolupament econ\u00f2mic territorial\u00a0<\/strong>de la m\u00e0 de:<strong>\u00a0Mariona Sanz (Barcelona Supercomputing Center) Victor Canivell (Qilimanjaro) i Eulalia Flo (Equinix). L\u2019acte ha estat presidit per Santiago Ballest\u00e9, president d\u2019AEBALL.<\/strong><\/p>\n<p class=\"lazyloaded\"><strong>Barcelona t\u00e9 un paper clau com a punt d\u2019arribada de cables submarins gr\u00e0cies a la seva situaci\u00f3 privilegiada,<\/strong>\u00a0<strong>id\u00f2nia per la instal\u00b7laci\u00f3 de\u00a0<\/strong><em><strong>data centers<\/strong><\/em><strong>, i compta tamb\u00e9 amb la seu del Barcelona Supercomputing Center que allotjar\u00e0 el primer ordinador qu\u00e0ntic del Sud d\u2019Europa, desenvolupat per Qilimanjaro. Aix\u00ed, Barcelona, el Baix Llobregat, l\u2019\u00e0rea metropolitana, Catalunya, compta amb agents tractors de tecnologies punteres que totes les empreses necessitaran, i des d\u2019AEBALL s\u2019ha exposat, en el panell, que est\u00e0n organitzant m\u00e9s trobades, aix\u00ed com espais estables de treball conjunt, per tal d\u2019impulsar les sin\u00e8rgies amb el teixit empresarial del territori.<\/strong><\/p>\n<p><strong>Mariona Sanz<\/strong>, Cap d\u2019innovaci\u00f3 i transfer\u00e8ncia de tecnologia del\u00a0<strong>Barcelona Supercomputing Center (BSC)\u00a0<\/strong>\u2013 Centre Nacional de Supercomputaci\u00f3, ha presentat el BSC i el seu paper al territori. Es tracta d\u2019un centre p\u00fablic de recerca que gestiona l\u2019ordinador MareNostrum.\u00a0<strong>Un dels seus objectius \u00e9s que el futur Marenostrum 6 ja porti tecnologia europea.<\/strong>\u00a0D\u2019aquesta manera, ajuden a les empreses a que desenvolupin els seus propis xips i pugui a haver-hi sobirania europea. Els projectes poden ser de digital twins, modelaci\u00f3 molecular, prediccions clim\u00e0tiques, semiconductors, tecnologies del llenguatge i IA.<\/p>\n<p><strong>Des d\u2019AEBALL s\u2019ha proposat al BSC la obertura a la ind\u00fastria i al m\u00f3n empresarial, i en paraules de M. Rosa Fiol, vicepresidenta de la patronal,<\/strong>\u00a0<strong>\u201c<\/strong><em><strong>una infraestructura tecnol\u00f2gica com el BSC seria una important\u00edssima palanca d\u2019innovaci\u00f3 si pogu\u00e9s estar al servei de les empreses<\/strong><\/em><strong>\u201d<\/strong>. Segons Sanz, fins ara el BSC s\u2019ha pensat m\u00e9s per la recerca, per\u00f2 la normativa europea que regula la seva gesti\u00f3 s\u2019est\u00e0 comen\u00e7ant a obrir a la ind\u00fastria per a usos destinats a la recerca i la innovaci\u00f3. El BSC representa, segons Sanz, \u201c<em>un punt de trobada per a les empreses i PIMES per a l\u2019impuls constant de projectes i aliances per a ser punteres<\/em>\u201d.<\/p>\n<p>Posteriorment, ha intervingut\u00a0<strong>Victor Canivell<\/strong>, Cofundador de\u00a0<strong>Qilimanjaro<\/strong>, la startup que s\u2019encarregar\u00e0 de construir i posar en marxa\u00a0<strong>el primer ordinador qu\u00e0ntic del sud d\u2019Europa<\/strong>, en el marc del projecte Qu\u00e0ntum Spain. L\u2019expert ha afirmat que la intel\u00b7lig\u00e8ncia artificial requereix d\u2019una infraestructura brutal i \u00e9s un vector molt gran de negoci. \u201c<em>\u00c9s una realitat que cada cop hi ha una demanda m\u00e9s gran de la inform\u00e0tica. La qu\u00e0ntica, que \u00e9s un hardware amb un programari diferent, \u00e9s el futur conjugat amb sistemes h\u00edbrids<\/em>\u201d, ha indicat Canivell. \u201c<em>No despla\u00e7ar\u00e0 la inform\u00e0tica actual, ser\u00e0 complement\u00e0ria, els sistemes seran h\u00edbrids. Quan arribar\u00e0? Potser triga 5, 10 o 15 anys, per\u00f2 quan surti hi haur\u00e0 una explosi\u00f3, i cal estar preparats per l\u2019impacte econ\u00f2mic que suposar\u00e0 i el que representar\u00e0 a nivell econ\u00f2mic, geopol\u00edtic i de ciberseguretat<\/em>\u201d, ha especificat.<\/p>\n<p>El cofundador de Qilimanjaro ha informat que recentment s\u2019ha realitzat una inversi\u00f3 de 15.000 M d\u2019euros Amazon a Arag\u00f3. \u201c<em>La intel\u00b7lig\u00e8ncia artificial requereix d\u2019una infraestructura brutal.<\/em>\u00a0<em>Aix\u00f2 vol dir diners, espai f\u00edsic i consum energ\u00e8tic. Nvidia, que fa xips, ja val 50% m\u00e9s que Apple o Google<\/em>\u201d.<\/p>\n<p>Canivell ha finalitzat la seva intervenci\u00f3 recalcant la import\u00e0ncia de\u00a0<strong>potenciar un\u00a0<\/strong><em><strong>hub<\/strong><\/em><strong>\u00a0de la zona metropolitana<\/strong>\u00a0on estigui present el teixit industrial per tal de donar suport a les noves tecnologies i on es manifesti el\u00a0<em>know how<\/em>\u00a0europeu. \u201c<em>Les institucions haurien d\u2019apostar per aix\u00f2<\/em>\u201d, ha recalcat.<\/p>\n<p>L\u2019\u00faltima intervenci\u00f3 del Desdejuni ha estat a c\u00e0rrec d\u2019<strong>Eulalia Flo<\/strong>, Consellera Delegada d<strong>\u2018Equinix\u00a0<\/strong>a Espanya,\u00a0<strong>recentment integrada a AEBALL<\/strong>, i vicepresidenta de\u00a0<strong>l\u2019associaci\u00f3 de Data Centers SpainDC,\u00a0<\/strong>qui ha parlat sobre l\u2019actualitat del sector del\u00a0<em>data center<\/em>, el seu impacte en la societat i el\u00a0<strong>paper clau de Barcelona com a punt d\u2019arribada de cables submarins gr\u00e0cies a la seva situaci\u00f3 privilegiada.<\/strong><\/p>\n<p>Flo ha compartit al Desdejuni que\u00a0<strong>al setembre inauguraran un centre de dades a L\u2019Hospitalet de Llobregat.<\/strong>\u00a0Tamb\u00e9 ha afirmat que \u201c<em>\u00e9s una realitat que tots els negocis passen pel m\u00f3n digital. Per tant, l\u2019estrat\u00e8gia digital de les empreses hauria d\u2019estar integrada en el seu model de negoci. I \u00e9s que cal veure les infraestructures digitals en un vertebrador de l\u2019estrat\u00e8gia empresarial<\/em>\u201d.<\/p>\n<p>Pel que fa al creixement del seu sector, ha afirmat que\u00a0<strong>volen fer-ho de forma sostenible<\/strong>, i que fan un an\u00e0lisi continu d\u2019on volen estar els seus clients per obrir nous centres.<\/p>\n<p>La Consellera Delegada d<strong>\u2018Equinix\u00a0<\/strong>a Espanya tamb\u00e9 ha indicat que\u00a0<strong>Espanya \u00e9s un dels pa\u00efsos on l\u2019electricitat \u00e9s m\u00e9s barata, t\u00e9 un gran acc\u00e9s a renovables i no ho estem aprofitant. \u201c<\/strong><em><strong>Hi ha una visi\u00f3 d\u2019exc\u00e9s del consum d\u2019energia, per\u00f2 \u00e9s el que es necessita, no \u00e9s un exc\u00e9s. Falta fer arribar l\u2019energia als llocs adequats i simplificar els tr\u00e0mits administratius pels permisos, \u00e9s cr\u00edtic per aprofitar la nostra situaci\u00f3 privilegiada. Barcelona t\u00e9 el privilegi de l\u2019arribada dels cables\u201d,<\/strong><\/em><em>\u00a0ha indicat.<\/em><\/p>\n<p><strong>Per concloure, ha defensat que el sector dels centres de dades \u00e9s una infraestructura cr\u00edtica pel pa\u00eds;<\/strong><em><strong>\u00a0\u201chem de ser m\u00e9s \u00e0gils i considerar certs projectes com a estrat\u00e8gics\u201d.<\/strong><\/em><\/p>\n<p><strong>Pr\u00f2ximament, el F\u00f2rum Empresarial del Llobregat informar\u00e0 dels propers Desdejunis en la seva seu, l\u2019Hotel Porta Fira,<\/strong>\u00a0amb destacades personalitats del m\u00f3n de l\u2019economia, l\u2019empresa i la pol\u00edtica i on les persones participants podran exposar els seus dubtes, con\u00e8ixer de primera m\u00e0 nous projectes i consolidar la cooperaci\u00f3 i el networking.<\/p>\n","protected":false},"excerpt":{"rendered":"<p>Barcelona t\u00e9 un paper clau com a punt d\u2019arribada de cables submarins gr\u00e0cies a la seva situaci\u00f3 privilegiada, id\u00f2nia per la instal\u00b7laci\u00f3 de\u00a0data centers, i compta tamb\u00e9 amb la seu del Barcelona Supercomputing Center (BSC) que allotjar\u00e0 el primer ordinador qu\u00e0ntic del Sud d\u2019Europa, desenvolupat per Qilimanjaro, una empresa catalana La patronal demana agilitat i suport als projectes cr\u00edtics i estrat\u00e8gics de pa\u00eds, com s\u00f3n aquestes infraestructures Des d\u2019AEBALL s\u2019ha proposat tamb\u00e9 al BSC la obertura a la ind\u00fastria i al m\u00f3n empresarial, i en paraules de M. Rosa Fiol, vicepresidenta de la patronal, \u201cuna infraestructura tecnol\u00f2gica com el BSC seria una important\u00edssima palanca d\u2019innovaci\u00f3 si pogu\u00e9s estar al servei de les empreses\u201d El FEm Llobregat, promogut per AEBALL, ha organitzat un Panell\u00a0d\u2019Experts\u00a0sobre Infraestructures Tecnol\u00f2giques i Desenvolupament Econ\u00f2mic Territorial El F\u00f2rum Empresarial del Llobregat ha celebrat avui una Trobada en Profunditat amb Panell d\u2019Experts per tractar de manera monogr\u00e0fica, des de diferents perspectives,\u00a0la import\u00e0ncia de les infraestructures tecnol\u00f2giques i el desenvolupament econ\u00f2mic territorial\u00a0de la m\u00e0 de:\u00a0Mariona Sanz (Barcelona Supercomputing Center) Victor Canivell (Qilimanjaro) i Eulalia Flo (Equinix). L\u2019acte ha estat presidit per Santiago Ballest\u00e9, president d\u2019AEBALL. Barcelona t\u00e9 un paper clau com a punt d\u2019arribada de cables submarins gr\u00e0cies a [&hellip;]<\/p>\n","protected":false},"author":1,"featured_media":186591,"comment_status":"closed","ping_status":"closed","sticky":false,"template":"","format":"standard","meta":{"_links_to":"","_links_to_target":""},"categories":[8407],"tags":[8415],"acf":[],"wps_subtitle":"","_links":{"self":[{"href":"https:\/\/www.foment.com\/es\/wp-json\/wp\/v2\/posts\/186593"}],"collection":[{"href":"https:\/\/www.foment.com\/es\/wp-json\/wp\/v2\/posts"}],"about":[{"href":"https:\/\/www.foment.com\/es\/wp-json\/wp\/v2\/types\/post"}],"author":[{"embeddable":true,"href":"https:\/\/www.foment.com\/es\/wp-json\/wp\/v2\/users\/1"}],"replies":[{"embeddable":true,"href":"https:\/\/www.foment.com\/es\/wp-json\/wp\/v2\/comments?post=186593"}],"version-history":[{"count":1,"href":"https:\/\/www.foment.com\/es\/wp-json\/wp\/v2\/posts\/186593\/revisions"}],"predecessor-version":[{"id":186594,"href":"https:\/\/www.foment.com\/es\/wp-json\/wp\/v2\/posts\/186593\/revisions\/186594"}],"wp:featuredmedia":[{"embeddable":true,"href":"https:\/\/www.foment.com\/es\/wp-json\/wp\/v2\/media\/186591"}],"wp:attachment":[{"href":"https:\/\/www.foment.com\/es\/wp-json\/wp\/v2\/media?parent=186593"}],"wp:term":[{"taxonomy":"category","embeddable":true,"href":"https:\/\/www.foment.com\/es\/wp-json\/wp\/v2\/categories?post=186593"},{"taxonomy":"post_tag","embeddable":true,"href":"https:\/\/www.foment.com\/es\/wp-json\/wp\/v2\/tags?post=186593"}],"curies":[{"name":"wp","href":"https:\/\/api.w.org\/{rel}","templated":true}]}}