{"id":186614,"date":"2024-06-07T14:12:34","date_gmt":"2024-06-07T12:12:34","guid":{"rendered":"https:\/\/www.foment.com\/la-unio-empresarial-de-lanoia-crea-un-espai-de-relacio-per-a-joves-empresaris-es-directius-ves-i-emprenedors-es\/"},"modified":"2024-06-27T14:13:59","modified_gmt":"2024-06-27T12:13:59","slug":"la-unio-empresarial-de-lanoia-crea-un-espai-de-relacio-per-a-joves-empresaris-es-directius-ves-i-emprenedors-es","status":"publish","type":"post","link":"https:\/\/www.foment.com\/es\/la-unio-empresarial-de-lanoia-crea-un-espai-de-relacio-per-a-joves-empresaris-es-directius-ves-i-emprenedors-es\/","title":{"rendered":"La Uni\u00f3 Empresarial de l\u2019Anoia crea un espai de relaci\u00f3 per a joves empresaris\/es, directius\/ves i emprenedors\/es"},"content":{"rendered":"<ul>\n<li>La primera presa de contacte va tenir lloc ahir, dijous dia 4 de juny a Can Maci\u00e0 (\u00d2dena) per tal de con\u00e8ixer les inquietuds dels joves i poder establir un full de ruta per a la competitivitat del teixit empresarial anoienc que fa poc que ha comen\u00e7at l\u2019activitat empresarial o que es troba davant un proc\u00e9s de relleu generacional<\/li>\n<li>L\u2019acte va comptar amb l\u2019assist\u00e8ncia de prop d\u2019una cinquantena de joves<\/li>\n<\/ul>\n<p>Prop d\u2019una cinquantena de joves empresaris\/es, directius\/ves i emprenedors\/es van trobar-se ahir, dimarts 4 de juny, en un acte organitzat per la Uni\u00f3 Empresarial de l\u2019Anoia, a Can Maci\u00e0, amb l\u2019objectiu d\u2019oferir un ambient dist\u00e8s i proper per als joves, i con\u00e8ixer les seves necessitats i inquietuds.<\/p>\n<p class=\"lazyloaded\">En aquest sentit, amb \u201cPunt de trobada i networking entre joves\u201d, la patronal anoienca oferia aquest escenari per tal d\u2019escoltar i detectar les seves preocupacions davant un teixit empresarial que fa poc que ha comen\u00e7at la seva activitat empresarial o que es troba en un proc\u00e9s de relleu generacional, entre altres aspectes, com l\u2019emprenedoria; per\u00f2 tamb\u00e9, ser un espai de di\u00e0leg, relaci\u00f3 i sinergies entre les diferents empreses existents, per tal que puguin compartir per una part, un espai com\u00fa, per\u00f2 tamb\u00e9, poder establir noves relacions de negoci i professionals, i\u00a0 treballar conjuntament pel progr\u00e9s de l\u2019economia de la comarca.<\/p>\n<p>Joan Mateu, president de la Uni\u00f3 Empresarial de l\u2019Anoia, va dedicar unes paraules d\u2019agra\u00efment al p\u00fablic assistent, especialment, per l\u2019\u00e8xit de convocat\u00f2ria i bona acollida d\u2019aquest primer punt de trobada, el qual s\u2019espera que tingui una continu\u00eftat per tal d\u2019acompanyar, assessorar i ajudar en tot all\u00f2 que necessitin com a professionals i empreses: \u201cAvui us oferim aquest nou espai. Us felicito perqu\u00e8 sigueu aqu\u00ed, i tamb\u00e9 us dono les gr\u00e0cies. Gr\u00e0cies per crear empresa, per continuar-la. Per generar progr\u00e9s a la nostra comarca\u201d. En\u00a0 aquestes l\u00ednies, el president tamb\u00e9 reiterava que \u201cSou el present, per\u00f2 tamb\u00e9, el futur de l\u2019economia de la nostra comarca. Feu territori i feu pa\u00eds. Volem escoltar-vos perqu\u00e8 com a patronal, aquest \u00e9s el nostre deure. Treballar per totes les necessitats que t\u00e9 el nostre teixit empresarial, sigui de la mida que sigui, des del professional aut\u00f2nom a la gran empresa\u201d.<\/p>\n<p>Algunes de les inquietuds i preocupacions manifestades pels joves varen ser com fer front del relleu generacional, at\u00e8s que moltes empreses s\u2019estan trobant en l\u2019actualitat amb aquest paradigma, especialment, en sectors industrials i oficis. A m\u00e9s, una de les altres preocupacions manifestades pels joves empresaris anoiencs \u00e9s com fer front a la manca de talent format, qualificat i especialitzat, ja que \u00e9s important tenir gent formada per a consolidar i fer cr\u00e9ixer l\u2019empresa. Una de les altres inquietuds m\u00e9s comunes va ser la dificultat de la burocr\u00e0cia administrativa, una dificultat que fa que molts emprenedors es tirin enrere.<\/p>\n<p>A trav\u00e9s de totes les peticions realitzades pels joves, la UEA continuar\u00e0 impulsant tot un seguit de din\u00e0miques i accions per acompanyar als empresaris del dem\u00e0, per tal d\u2019impulsar aquest nou col\u00b7lectiu que \u00e9s en realitat, el present i el futur del nostre territori i de la nostra economia.<\/p>\n<p>El perfil d\u2019aquest nou espai \u00e9s de joves empresaris\/es, directius\/ves i emprenedors\/es que tinguin entre 22 i 35 anys, des de professionals aut\u00f2noms sense treballadors a c\u00e0rrec, pimes i\/o grans empreses. La Uni\u00f3 Empresarial de l\u2019Anoia fa una crida a totes aquelles persones interessades a formar part d\u2019aquest projecte per tal que s\u2019hi sumin en benefici de sumar esfor\u00e7os i generar sinergies entre professionals. Per a m\u00e9s informaci\u00f3,\u00a0<a href=\"mailto:uea@uea.cat\">uea@uea.cat<\/a><\/p>\n","protected":false},"excerpt":{"rendered":"<p>La primera presa de contacte va tenir lloc ahir, dijous dia 4 de juny a Can Maci\u00e0 (\u00d2dena) per tal de con\u00e8ixer les inquietuds dels joves i poder establir un full de ruta per a la competitivitat del teixit empresarial anoienc que fa poc que ha comen\u00e7at l\u2019activitat empresarial o que es troba davant un proc\u00e9s de relleu generacional L\u2019acte va comptar amb l\u2019assist\u00e8ncia de prop d\u2019una cinquantena de joves Prop d\u2019una cinquantena de joves empresaris\/es, directius\/ves i emprenedors\/es van trobar-se ahir, dimarts 4 de juny, en un acte organitzat per la Uni\u00f3 Empresarial de l\u2019Anoia, a Can Maci\u00e0, amb l\u2019objectiu d\u2019oferir un ambient dist\u00e8s i proper per als joves, i con\u00e8ixer les seves necessitats i inquietuds. En aquest sentit, amb \u201cPunt de trobada i networking entre joves\u201d, la patronal anoienca oferia aquest escenari per tal d\u2019escoltar i detectar les seves preocupacions davant un teixit empresarial que fa poc que ha comen\u00e7at la seva activitat empresarial o que es troba en un proc\u00e9s de relleu generacional, entre altres aspectes, com l\u2019emprenedoria; per\u00f2 tamb\u00e9, ser un espai de di\u00e0leg, relaci\u00f3 i sinergies entre les diferents empreses existents, per tal que puguin compartir per una part, un espai com\u00fa, per\u00f2 tamb\u00e9, poder [&hellip;]<\/p>\n","protected":false},"author":1,"featured_media":186612,"comment_status":"closed","ping_status":"closed","sticky":false,"template":"","format":"standard","meta":{"_links_to":"","_links_to_target":""},"categories":[8407],"tags":[8415],"acf":[],"wps_subtitle":"","_links":{"self":[{"href":"https:\/\/www.foment.com\/es\/wp-json\/wp\/v2\/posts\/186614"}],"collection":[{"href":"https:\/\/www.foment.com\/es\/wp-json\/wp\/v2\/posts"}],"about":[{"href":"https:\/\/www.foment.com\/es\/wp-json\/wp\/v2\/types\/post"}],"author":[{"embeddable":true,"href":"https:\/\/www.foment.com\/es\/wp-json\/wp\/v2\/users\/1"}],"replies":[{"embeddable":true,"href":"https:\/\/www.foment.com\/es\/wp-json\/wp\/v2\/comments?post=186614"}],"version-history":[{"count":1,"href":"https:\/\/www.foment.com\/es\/wp-json\/wp\/v2\/posts\/186614\/revisions"}],"predecessor-version":[{"id":186615,"href":"https:\/\/www.foment.com\/es\/wp-json\/wp\/v2\/posts\/186614\/revisions\/186615"}],"wp:featuredmedia":[{"embeddable":true,"href":"https:\/\/www.foment.com\/es\/wp-json\/wp\/v2\/media\/186612"}],"wp:attachment":[{"href":"https:\/\/www.foment.com\/es\/wp-json\/wp\/v2\/media?parent=186614"}],"wp:term":[{"taxonomy":"category","embeddable":true,"href":"https:\/\/www.foment.com\/es\/wp-json\/wp\/v2\/categories?post=186614"},{"taxonomy":"post_tag","embeddable":true,"href":"https:\/\/www.foment.com\/es\/wp-json\/wp\/v2\/tags?post=186614"}],"curies":[{"name":"wp","href":"https:\/\/api.w.org\/{rel}","templated":true}]}}