{"id":186791,"date":"2024-04-24T17:09:16","date_gmt":"2024-04-24T15:09:16","guid":{"rendered":"https:\/\/www.foment.com\/les-persones-amb-discapacitat-intel%c2%b7lectual-reclamen-per-sant-jordi-el-seu-dret-a-la-lectura\/"},"modified":"2024-06-27T17:10:56","modified_gmt":"2024-06-27T15:10:56","slug":"les-persones-amb-discapacitat-intel%c2%b7lectual-reclamen-per-sant-jordi-el-seu-dret-a-la-lectura","status":"publish","type":"post","link":"https:\/\/www.foment.com\/es\/les-persones-amb-discapacitat-intel%c2%b7lectual-reclamen-per-sant-jordi-el-seu-dret-a-la-lectura\/","title":{"rendered":"Les persones amb discapacitat intel\u00b7lectual reclamen per Sant Jordi el seu dret a la lectura"},"content":{"rendered":"<div class=\"entry-header\">\n<div class=\"jeg_meta_container\">\n<div class=\"jeg_post_meta jeg_post_meta_1\">\n<div class=\"meta_left\"><\/div>\n<\/div>\n<\/div>\n<\/div>\n<div class=\"entry-content no-share\">\n<div class=\"jeg_share_button share-float jeg_sticky_share clearfix share-monocrhome\">\n<div class=\"jegStickyHolder\">\n<ul>\n<li class=\"theiaStickySidebar\"><strong>Dincat, <\/strong><strong>representant del sector de la discapacitat intel\u00b7lectual a Catalunya, recorda la import\u00e0ncia de fomentar l\u2019accessibilitat cognitiva, adaptant els llibres i textos per tal que tothom els pugui entendre i, aix\u00ed, poder gaudir d\u2019una diada de Sant Jordi m\u00e9s inclusiva.<\/strong><\/li>\n<\/ul>\n<\/div>\n<\/div>\n<div class=\"content-inner \">\n<ul>\n<li><strong>El col\u00b7lectiu destaca, tamb\u00e9, la import\u00e0ncia que les editorials publiquin m\u00e9s llibres adaptats en lectura f\u00e0cil, per tal que les biblioteques p\u00fabliques de Catalunya puguin tenir a disposici\u00f3 m\u00e9s llibres en aquest format, ja que actualment nom\u00e9s representen el 0,45% del total.<\/strong><\/li>\n<\/ul>\n<p>Dincat, representant del sector de la discapacitat intel\u00b7lectual a Catalunya, fa una crida a l\u2019administraci\u00f3 p\u00fablica, aix\u00ed com a tot el sector cultural del territori, per recordar la\u00a0<strong>import\u00e0ncia de fomentar l\u2019accessibilitat cognitiva,\u00a0<\/strong>adaptant els llibres i textos per tal que tothom els pugui entendre i, aix\u00ed, poder\u00a0<strong>gaudir d\u2019una diada de Sant Jordi m\u00e9s inclusiva<\/strong>.<\/p>\n<p>La federaci\u00f3 explica que\u00a0<strong>s\u00f3n milers les persones que veuen vulnerat el seu dret a la cultura i a la informaci\u00f3, en no poder entendre la major part dels llibres i documents<\/strong>. Per aix\u00f2, reclama que s\u2019impulsi la lectura f\u00e0cil (LF), un m\u00e8tode de creaci\u00f3, adaptaci\u00f3 i validaci\u00f3 de documents perqu\u00e8 siguin m\u00e9s f\u00e0cils de llegir i entendre. En concret, el sector demana que s\u2019escriguin m\u00e9s llibres en LF i que les editorials prenguin consci\u00e8ncia d\u2019aquesta necessitat, apostant per l\u2019edici\u00f3 i publicaci\u00f3 de llibres en aquest format.<\/p>\n<p>Dincat, destaca, tamb\u00e9,\u00a0<strong>la import\u00e0ncia que les editorials publiquin m\u00e9s llibres adaptats en lectura f\u00e0cil, per tal que les biblioteques p\u00fabliques de Catalunya puguin tenir a disposici\u00f3 m\u00e9s llibres en aquest format, ja que actualment nom\u00e9s representen el 0,45% del total.<\/strong>\u00a0<strong>Un percentatge molt baix<\/strong>\u00a0<strong>tenint en compte que,\u00a0<\/strong>segons dades de l\u2019Associaci\u00f3 de Lectura F\u00e0cil,<strong>\u00a0el 30% de la poblaci\u00f3 al territori t\u00e9 problemes de comprensi\u00f3 lectora<\/strong>\u00a0i, per tant, es podrien beneficiar d\u2019aquest tipus de llibres i textos adaptats.<\/p>\n<p>Una altra problem\u00e0tica amb qu\u00e8 es troben les persones amb discapacitat intel\u00b7lectual \u00e9s que moltes vegades es veuen obligades a llegir llibres o contes infantils o cl\u00e0ssics de la literatura, per la manca de publicacions de les novel\u00b7les m\u00e9s actuals en Lectura F\u00e0cil. Aquest fet demostra, una vegada m\u00e9s, el desconeixement entorn el col\u00b7lectiu, en no tenir en compte que les persones adultes amb discapacitat intel\u00b7lectual volen gaudir de novel\u00b7les d\u2019actualitat i d\u2019acord amb la seva edat.<\/p>\n<p>D\u2019altra banda, Dincat aposta per l\u2019impuls de m\u00e9s Clubs de Lectura F\u00e0cil.\u00a0<strong>Actualment, n\u2019existeixen a Catalunya 179<\/strong>, dels quals 34 estan especialitzats en persones amb discapacitat intel\u00b7lectual. En aquest sentit, cal destacar que, si b\u00e9 des del 2017 fins ara els clubs de lectura f\u00e0cil han augmentat en un 32%, els que s\u00f3n especialitzats en PDID nom\u00e9s ho han fet en un 21%. Aquests Clubs s\u00f3n una eina per a l\u2019aprenentatge i la pr\u00e0ctica de la llengua. De fet, l\u2019any 2017, la Diputaci\u00f3 de Barcelona va realitzar un estudi sobre el seu impacte que assenyala que la participaci\u00f3 dels usuaris es tradueix en un increment del 54% del seu h\u00e0bit lector i en una millora de gaireb\u00e9 un 20% de les seves compet\u00e8ncies ling\u00fc\u00edstiques.<\/p>\n<p>Per \u00faltim, el sector aprofita per reivindicar informaci\u00f3 clara, de f\u00e0cil comprensi\u00f3 i accessible, recordant que aquesta problem\u00e0tica es trasllada en tots els \u00e0mbits socials, pol\u00edtics i administratius i que, a part dels llibres, tamb\u00e9 haurien d\u2019estar en lectura f\u00e0cil els documents oficials, els formularis, les webs, les lleis o les receptes m\u00e8diques, entre d\u2019altres.<\/p>\n<\/div>\n<\/div>\n","protected":false},"excerpt":{"rendered":"<p>Dincat, representant del sector de la discapacitat intel\u00b7lectual a Catalunya, recorda la import\u00e0ncia de fomentar l\u2019accessibilitat cognitiva, adaptant els llibres i textos per tal que tothom els pugui entendre i, aix\u00ed, poder gaudir d\u2019una diada de Sant Jordi m\u00e9s inclusiva. El col\u00b7lectiu destaca, tamb\u00e9, la import\u00e0ncia que les editorials publiquin m\u00e9s llibres adaptats en lectura f\u00e0cil, per tal que les biblioteques p\u00fabliques de Catalunya puguin tenir a disposici\u00f3 m\u00e9s llibres en aquest format, ja que actualment nom\u00e9s representen el 0,45% del total. Dincat, representant del sector de la discapacitat intel\u00b7lectual a Catalunya, fa una crida a l\u2019administraci\u00f3 p\u00fablica, aix\u00ed com a tot el sector cultural del territori, per recordar la\u00a0import\u00e0ncia de fomentar l\u2019accessibilitat cognitiva,\u00a0adaptant els llibres i textos per tal que tothom els pugui entendre i, aix\u00ed, poder\u00a0gaudir d\u2019una diada de Sant Jordi m\u00e9s inclusiva. La federaci\u00f3 explica que\u00a0s\u00f3n milers les persones que veuen vulnerat el seu dret a la cultura i a la informaci\u00f3, en no poder entendre la major part dels llibres i documents. Per aix\u00f2, reclama que s\u2019impulsi la lectura f\u00e0cil (LF), un m\u00e8tode de creaci\u00f3, adaptaci\u00f3 i validaci\u00f3 de documents perqu\u00e8 siguin m\u00e9s f\u00e0cils de llegir i entendre. En concret, el sector demana que s\u2019escriguin m\u00e9s [&hellip;]<\/p>\n","protected":false},"author":1,"featured_media":186789,"comment_status":"closed","ping_status":"closed","sticky":false,"template":"","format":"standard","meta":{"_links_to":"","_links_to_target":""},"categories":[8407],"tags":[8415],"acf":[],"wps_subtitle":"","_links":{"self":[{"href":"https:\/\/www.foment.com\/es\/wp-json\/wp\/v2\/posts\/186791"}],"collection":[{"href":"https:\/\/www.foment.com\/es\/wp-json\/wp\/v2\/posts"}],"about":[{"href":"https:\/\/www.foment.com\/es\/wp-json\/wp\/v2\/types\/post"}],"author":[{"embeddable":true,"href":"https:\/\/www.foment.com\/es\/wp-json\/wp\/v2\/users\/1"}],"replies":[{"embeddable":true,"href":"https:\/\/www.foment.com\/es\/wp-json\/wp\/v2\/comments?post=186791"}],"version-history":[{"count":1,"href":"https:\/\/www.foment.com\/es\/wp-json\/wp\/v2\/posts\/186791\/revisions"}],"predecessor-version":[{"id":186792,"href":"https:\/\/www.foment.com\/es\/wp-json\/wp\/v2\/posts\/186791\/revisions\/186792"}],"wp:featuredmedia":[{"embeddable":true,"href":"https:\/\/www.foment.com\/es\/wp-json\/wp\/v2\/media\/186789"}],"wp:attachment":[{"href":"https:\/\/www.foment.com\/es\/wp-json\/wp\/v2\/media?parent=186791"}],"wp:term":[{"taxonomy":"category","embeddable":true,"href":"https:\/\/www.foment.com\/es\/wp-json\/wp\/v2\/categories?post=186791"},{"taxonomy":"post_tag","embeddable":true,"href":"https:\/\/www.foment.com\/es\/wp-json\/wp\/v2\/tags?post=186791"}],"curies":[{"name":"wp","href":"https:\/\/api.w.org\/{rel}","templated":true}]}}