{"id":186805,"date":"2024-04-22T17:13:30","date_gmt":"2024-04-22T15:13:30","guid":{"rendered":"https:\/\/www.foment.com\/chery-aterra-a-barcelona-i-es-consolida-la-reindustrialitzacio-de-la-zona-franca-despres-de-limpuls-del-president-jaume-roura\/"},"modified":"2024-06-27T17:14:41","modified_gmt":"2024-06-27T15:14:41","slug":"chery-aterra-a-barcelona-i-es-consolida-la-reindustrialitzacio-de-la-zona-franca-despres-de-limpuls-del-president-jaume-roura","status":"publish","type":"post","link":"https:\/\/www.foment.com\/es\/chery-aterra-a-barcelona-i-es-consolida-la-reindustrialitzacio-de-la-zona-franca-despres-de-limpuls-del-president-jaume-roura\/","title":{"rendered":"Chery aterra a Barcelona i es consolida la reindustrialitzaci\u00f3 de la Zona Franca despr\u00e9s de l\u2019impuls del president Jaume Roura"},"content":{"rendered":"<p><strong>Aquest divendres s\u2019ha fet realitat la reindustrialitzaci\u00f3 de l\u2019antiga f\u00e0brica Nissan a la Zona Franca de Barcelona, gr\u00e0cies a l\u2019acord que\u00a0EBRO i el fabricant xin\u00e8s, Chery, han tancat i permetr\u00e0 la producci\u00f3 inicial de 50.000 vehicles a l\u2019any el 2027 a Espanya, i recuperar fins a 1.250 llocs de treball. D\u2019aquesta manera, es tanca tota la feina feta iniciada fa cinc anys pel president de Fecavem i la Uni\u00f3 Patronal Metal\u00b7l\u00fargica (UPM),\u00a0Jaume Roura i Calls, que va conv\u00e8ncer a Mr. Guibing Zhang, Executive Vice President de Chery International Company en una primera trobada a la Xina l\u2019any 2019: \u201cEl viatge va coincidir\u00a0pr\u00e0cticament abans del confinament i l\u2019esclat de la covid a la Xina, per\u00f2 ens vam comprometre amb Mr Zhang a parlar d\u2019un futur impuls conjunt des de Barcelona per portar les intencions de Chery a casa nostra. Cal estar satisfets de com l\u2019inter\u00e8s privat i la motivaci\u00f3 que l\u2019empresariat catal\u00e0 continuem tenint, fa teixir treball i economia de valor a casa nostra\u201d, ha declarat el president Roura des de la Zona Franca de Barcelona.<\/strong><\/p>\n<p>Posteriorment a la trobada de l\u2019any 2019, el novembre del 2022, Fecavem i la UPM juntament amb Foment del Treball, van conv\u00e8ncer a un equip de Chery liderat per Mr. Guibing\u00a0 Zhang que vinguessin a visitar la capital catalana i establir els primers contactes amb l\u2019administraci\u00f3. Despr\u00e9s de la bona entesa, la professionalitat d\u2019Ebro i l\u2019inter\u00e8s per definir un projecte clar a la Zona Franca de Barcelona,\u00a0han concl\u00f2s en una realitat que marca un precedent a tot el conjunt de la Uni\u00f3 Europea.<\/p>\n<p>El president de Fecavem, Jaume Roura, ha assistit a l\u2019acte juntament amb el secretari general de Foment del Treball, David Tornos. La trobada tamb\u00e9 ha servit per intercanviar impressions amb Mr. Guibing Zhang, per\u00f2 tamb\u00e9 amb el president del Gobierno de Espa\u00f1a, Pedro S\u00e1nchez, el president del Govern de la Generalitat de Catalunya, Pere Aragon\u00e8s, aix\u00ed com el ministre d\u2019Ind\u00fastria del Gobierno de Espa\u00f1a, Jordi Hereu, el conseller d\u2019Empresa i Treball, Roger Torrent, i la presidenta de Faconauto, Marta Bl\u00e1zquez.<\/p>\n<p>L\u2019acord fa\u00a0realitat la reindustrialitzaci\u00f3 de la planta de Zona Franca de Barcelona, propietat d\u2019EBRO-EV MOTORS, que a partir d\u2019ara es denomina EBRO FACTORY. El\u00a0Primer vehicle d\u2019EBRO, un SUV de tecnologia avan\u00e7ada, es comen\u00e7ar\u00e0 a fabricar en el quart trimestre d\u2019enguany, despr\u00e9s de l\u2019inici productiu de l\u2019Omoda 5 el\u00e8ctric, de Chery. El llan\u00e7ament de la pick up el\u00e8ctrica d\u2019EBRO es preveu per a m\u00e9s endavant.<\/p>\n<p>Aquesta aposta consolida l\u2019objectiu de potenciar la reindustrialitzaci\u00f3 en el conjunt d\u2019Espanya i, sobretot, seguir liderant des de Catalunya la ind\u00fastria m\u00e9s representativa en pes econ\u00f2mic:\u00a0l\u2019automoci\u00f3. Per la seva banda, Chery \u00e9s referent mundial en la fabricaci\u00f3 i desenvolupament de vehicles. El grup, fundat eL 1997, amb seu a Wuhu (la Xina), \u00e9s el n\u00famero 1 en exportaci\u00f3 d\u2019autom\u00f2bils de passatgers de la Xina des de fa 21 anys. Compta amb m\u00e9s de 80.000 empleats (5.500 d\u2019ells en R+D), i unes vendes que superen els 41.700 milions d\u2019euros. Amb m\u00e9s de 13 milions de clients, en 2023 va aconseguir unes vendes d\u20191.881.316 unitats, la qual cosa representa un creixement interanual del 52,6%, superant la taxa de creixement de la ind\u00fastria.<\/p>\n","protected":false},"excerpt":{"rendered":"<p>Aquest divendres s\u2019ha fet realitat la reindustrialitzaci\u00f3 de l\u2019antiga f\u00e0brica Nissan a la Zona Franca de Barcelona, gr\u00e0cies a l\u2019acord que\u00a0EBRO i el fabricant xin\u00e8s, Chery, han tancat i permetr\u00e0 la producci\u00f3 inicial de 50.000 vehicles a l\u2019any el 2027 a Espanya, i recuperar fins a 1.250 llocs de treball. D\u2019aquesta manera, es tanca tota la feina feta iniciada fa cinc anys pel president de Fecavem i la Uni\u00f3 Patronal Metal\u00b7l\u00fargica (UPM),\u00a0Jaume Roura i Calls, que va conv\u00e8ncer a Mr. Guibing Zhang, Executive Vice President de Chery International Company en una primera trobada a la Xina l\u2019any 2019: \u201cEl viatge va coincidir\u00a0pr\u00e0cticament abans del confinament i l\u2019esclat de la covid a la Xina, per\u00f2 ens vam comprometre amb Mr Zhang a parlar d\u2019un futur impuls conjunt des de Barcelona per portar les intencions de Chery a casa nostra. Cal estar satisfets de com l\u2019inter\u00e8s privat i la motivaci\u00f3 que l\u2019empresariat catal\u00e0 continuem tenint, fa teixir treball i economia de valor a casa nostra\u201d, ha declarat el president Roura des de la Zona Franca de Barcelona. Posteriorment a la trobada de l\u2019any 2019, el novembre del 2022, Fecavem i la UPM juntament amb Foment del Treball, van conv\u00e8ncer a un equip [&hellip;]<\/p>\n","protected":false},"author":1,"featured_media":186803,"comment_status":"closed","ping_status":"closed","sticky":false,"template":"","format":"standard","meta":{"_links_to":"","_links_to_target":""},"categories":[8407],"tags":[8415],"acf":[],"wps_subtitle":"La iniciativa privada i de la patronal catalana fan realitat un projecte iniciat l'any 2019","_links":{"self":[{"href":"https:\/\/www.foment.com\/es\/wp-json\/wp\/v2\/posts\/186805"}],"collection":[{"href":"https:\/\/www.foment.com\/es\/wp-json\/wp\/v2\/posts"}],"about":[{"href":"https:\/\/www.foment.com\/es\/wp-json\/wp\/v2\/types\/post"}],"author":[{"embeddable":true,"href":"https:\/\/www.foment.com\/es\/wp-json\/wp\/v2\/users\/1"}],"replies":[{"embeddable":true,"href":"https:\/\/www.foment.com\/es\/wp-json\/wp\/v2\/comments?post=186805"}],"version-history":[{"count":1,"href":"https:\/\/www.foment.com\/es\/wp-json\/wp\/v2\/posts\/186805\/revisions"}],"predecessor-version":[{"id":186806,"href":"https:\/\/www.foment.com\/es\/wp-json\/wp\/v2\/posts\/186805\/revisions\/186806"}],"wp:featuredmedia":[{"embeddable":true,"href":"https:\/\/www.foment.com\/es\/wp-json\/wp\/v2\/media\/186803"}],"wp:attachment":[{"href":"https:\/\/www.foment.com\/es\/wp-json\/wp\/v2\/media?parent=186805"}],"wp:term":[{"taxonomy":"category","embeddable":true,"href":"https:\/\/www.foment.com\/es\/wp-json\/wp\/v2\/categories?post=186805"},{"taxonomy":"post_tag","embeddable":true,"href":"https:\/\/www.foment.com\/es\/wp-json\/wp\/v2\/tags?post=186805"}],"curies":[{"name":"wp","href":"https:\/\/api.w.org\/{rel}","templated":true}]}}