{"id":186833,"date":"2024-04-17T17:20:44","date_gmt":"2024-04-17T15:20:44","guid":{"rendered":"https:\/\/www.foment.com\/lalcaldessa-ha-protagonitzat-avui-el-desdejuni-del-fem-llobregat-m-rosa-fiol-vicepresidenta-i-directora-general-daeball-ha-demanat-millores-al-transport-public-del-territori-per-a\/"},"modified":"2024-06-27T17:26:51","modified_gmt":"2024-06-27T15:26:51","slug":"lalcaldessa-ha-protagonitzat-avui-el-desdejuni-del-fem-llobregat-m-rosa-fiol-vicepresidenta-i-directora-general-daeball-ha-demanat-millores-al-transport-public-del-territori-per-a","status":"publish","type":"post","link":"https:\/\/www.foment.com\/es\/lalcaldessa-ha-protagonitzat-avui-el-desdejuni-del-fem-llobregat-m-rosa-fiol-vicepresidenta-i-directora-general-daeball-ha-demanat-millores-al-transport-public-del-territori-per-a\/","title":{"rendered":"La FEGP destaca amb el seu estudi que les empreses del Garraf i el Pened\u00e8s puntuen la situaci\u00f3 del negoci amb un 7,6 i confirmen la tend\u00e8ncia de millora respecte el trimestre anterior"},"content":{"rendered":"<h3>\u25cf La FEGP recupera el Panel de Clima Empresarial per a copsar l\u2019opini\u00f3 de les empreses de forma trimestral.<br \/>\n\u25cf Les perspectives per al proper trimestre confirmen tamb\u00e9 la l\u00ednia ascendent<\/h3>\n<p>La Federaci\u00f3 d\u2019Empresaris del Gran Pened\u00e8s (FEGP) ha presentat els resultats de la seva darrera enquesta, reflectint un panorama prometedor per a les empreses del Garraf i el Pened\u00e8s. Els resultats mostren no nom\u00e9s estabilitat i millores en el sector empresarial sin\u00f3 tamb\u00e9 una valoraci\u00f3 mitjana destacada de\u00a0<strong>7,6 en la \u201cSituaci\u00f3 del Negoci\u201d,<\/strong>\u00a0un indicador clar de la confian\u00e7a i el positivisme en el teixit empresarial d\u2019aquestes regions.<\/p>\n<p>La pregunta sobre l\u2019<strong>\u201dEvoluci\u00f3 del Negoci<\/strong>\u201d respecte el trimestre anterior\u00a0 ha evidenciat que un 40% de les empreses consideren que la seva situaci\u00f3 ha millorat i en un percentatge similar han indicat que ha augmentat l\u2019ocupaci\u00f3. Nom\u00e9s un 7% de les empreses responen que la situaci\u00f3 ha empitjorat.<\/p>\n<p>Pel que fa a les expectatives per al proper trimestre un 54% de les empreses apunten que la situaci\u00f3 millorar\u00e0, i un 26% preveu un augment de la ocupaci\u00f3. Aix\u00ed mateix, s\u00f3n poques les empreses que tenen males previsions de cara al proper trimestre.<\/p>\n<h3>Difer\u00e8ncies per tipus i mida\u00a0 d\u2019empresa<\/h3>\n<p>El Panel classifica tamb\u00e9 les respostes de les empreses segons si aquestes s\u00f3n industries o empreses de serveis, i tamb\u00e9 segons la seva mida. Aix\u00f2 permet descobrir difer\u00e8ncies significatives en algunes respostes.<\/p>\n<p>En aquesta onada del Panel de Clima Empresarial destaquem que les empreses m\u00e9s petites i les del sector servei s\u00f3n les que tenen una marxa m\u00e9s positiva respecte al trimestre anterior.<\/p>\n<p>De tota manera, pel que fa a l\u2019expectativa de l\u2019ocupaci\u00f3, per al proper trimestre, fins a un 40% de les empreses de m\u00e9s de 50 treballadors i les empreses entre 10 i 50 treballadors preveuen que l\u2019ocupaci\u00f3 augmentar\u00e0, percentatge molt superior al que es dona en les empreses m\u00e9s petites.<\/p>\n<h3>Preguntes sobre conjuntura empresarial i opini\u00f3<\/h3>\n<p>La FEGP aprofita la distribuci\u00f3 Panel per a preguntar als enquestats sobre q\u00fcestions de pr\u00e0ctiques empresarials i opini\u00f3 sobre temes d\u2019actualitat que afecten les empreses. A continuaci\u00f3 es mostren els resultats m\u00e9s rellevants.<\/p>\n<p><strong>Preocupaci\u00f3 de l\u2019impacte de la sequera en el negoci:<\/strong>\u00a0Un ter\u00e7 dels enquestats responen que pot tenir un impacte molt fort.<\/p>\n<p><strong>Complicaci\u00f3 dels tr\u00e0mits administratius:<\/strong>\u00a0Gaireb\u00e9 dos ter\u00e7os responen que, malgrat la digitalitzaci\u00f3, els tr\u00e0mits amb les administracions s\u2019han complicat.<\/p>\n<p><strong>Suport a les reivindicacions de la pagesia:<\/strong>\u00a0Pr\u00e0cticament la totalitat dels enquestats donen suport a les reivindicacions, i fins i tot el 69% les recolzen fortament.<\/p>\n<p><strong>Afectaci\u00f3 de l\u2019encariment del finan\u00e7ament.<\/strong>\u00a0Nom\u00e9s un 20% manifesten que la pujada de tipus d\u2019inter\u00e8s els ha afectat fortament, tot i que a un 57% de les empreses les\u00a0 ha afectat lleugerament.<\/p>\n<p><strong>Manteniment del teletreball:<\/strong>\u00a0Tan sols un 7% de les empreses mantenen el teletreball amb forta implantaci\u00f3 mentre que el 54% no el practiquen.<\/p>\n<p><strong>Mesures de ciberseguretat:<\/strong>\u00a0El 84% de les empreses declaren haver implantat mesures per a evitar ciberatacs.<\/p>\n<h3>Notes metodol\u00f2giques<\/h3>\n<p>El Panel de Clima Empresarial el formen les empreses representades a la Junta de la FEGP, que tot i no ser un mostreig aleatori sobre la massa social, s\u00ed que t\u00e9 una representativitat proporcional sobre el tipus d\u2019empresa i la seva localitzaci\u00f3 al territori.<\/p>\n<p>El formulari s\u2019administra cada final de trimestre, i el responen una cinquantena d\u2019empreses. Es realitza una afixaci\u00f3 de les respostes en base a les agrupacions per tipus d\u2019empresa (ind\u00fastria o servei) i per mida de l\u2019empresa (amb una classificaci\u00f3 en tres grups).<\/p>\n","protected":false},"excerpt":{"rendered":"<p>\u25cf La FEGP recupera el Panel de Clima Empresarial per a copsar l\u2019opini\u00f3 de les empreses de forma trimestral. \u25cf Les perspectives per al proper trimestre confirmen tamb\u00e9 la l\u00ednia ascendent La Federaci\u00f3 d\u2019Empresaris del Gran Pened\u00e8s (FEGP) ha presentat els resultats de la seva darrera enquesta, reflectint un panorama prometedor per a les empreses del Garraf i el Pened\u00e8s. Els resultats mostren no nom\u00e9s estabilitat i millores en el sector empresarial sin\u00f3 tamb\u00e9 una valoraci\u00f3 mitjana destacada de\u00a07,6 en la \u201cSituaci\u00f3 del Negoci\u201d,\u00a0un indicador clar de la confian\u00e7a i el positivisme en el teixit empresarial d\u2019aquestes regions. La pregunta sobre l\u2019\u201dEvoluci\u00f3 del Negoci\u201d respecte el trimestre anterior\u00a0 ha evidenciat que un 40% de les empreses consideren que la seva situaci\u00f3 ha millorat i en un percentatge similar han indicat que ha augmentat l\u2019ocupaci\u00f3. Nom\u00e9s un 7% de les empreses responen que la situaci\u00f3 ha empitjorat. Pel que fa a les expectatives per al proper trimestre un 54% de les empreses apunten que la situaci\u00f3 millorar\u00e0, i un 26% preveu un augment de la ocupaci\u00f3. Aix\u00ed mateix, s\u00f3n poques les empreses que tenen males previsions de cara al proper trimestre. Difer\u00e8ncies per tipus i mida\u00a0 d\u2019empresa El Panel classifica tamb\u00e9 [&hellip;]<\/p>\n","protected":false},"author":1,"featured_media":186831,"comment_status":"closed","ping_status":"closed","sticky":false,"template":"","format":"standard","meta":{"_links_to":"","_links_to_target":""},"categories":[8407],"tags":[8415],"acf":[],"wps_subtitle":"","_links":{"self":[{"href":"https:\/\/www.foment.com\/es\/wp-json\/wp\/v2\/posts\/186833"}],"collection":[{"href":"https:\/\/www.foment.com\/es\/wp-json\/wp\/v2\/posts"}],"about":[{"href":"https:\/\/www.foment.com\/es\/wp-json\/wp\/v2\/types\/post"}],"author":[{"embeddable":true,"href":"https:\/\/www.foment.com\/es\/wp-json\/wp\/v2\/users\/1"}],"replies":[{"embeddable":true,"href":"https:\/\/www.foment.com\/es\/wp-json\/wp\/v2\/comments?post=186833"}],"version-history":[{"count":2,"href":"https:\/\/www.foment.com\/es\/wp-json\/wp\/v2\/posts\/186833\/revisions"}],"predecessor-version":[{"id":186845,"href":"https:\/\/www.foment.com\/es\/wp-json\/wp\/v2\/posts\/186833\/revisions\/186845"}],"wp:featuredmedia":[{"embeddable":true,"href":"https:\/\/www.foment.com\/es\/wp-json\/wp\/v2\/media\/186831"}],"wp:attachment":[{"href":"https:\/\/www.foment.com\/es\/wp-json\/wp\/v2\/media?parent=186833"}],"wp:term":[{"taxonomy":"category","embeddable":true,"href":"https:\/\/www.foment.com\/es\/wp-json\/wp\/v2\/categories?post=186833"},{"taxonomy":"post_tag","embeddable":true,"href":"https:\/\/www.foment.com\/es\/wp-json\/wp\/v2\/tags?post=186833"}],"curies":[{"name":"wp","href":"https:\/\/api.w.org\/{rel}","templated":true}]}}