{"id":186840,"date":"2024-04-17T17:22:18","date_gmt":"2024-04-17T15:22:18","guid":{"rendered":"https:\/\/www.foment.com\/laceb-presenta-lestudi-per-a-la-possible-creacio-duna-comunitat-energetica-on-hi-participen-24-empreses-del-poligon-de-la-valldan\/"},"modified":"2024-06-27T17:23:40","modified_gmt":"2024-06-27T15:23:40","slug":"laceb-presenta-lestudi-per-a-la-possible-creacio-duna-comunitat-energetica-on-hi-participen-24-empreses-del-poligon-de-la-valldan","status":"publish","type":"post","link":"https:\/\/www.foment.com\/es\/laceb-presenta-lestudi-per-a-la-possible-creacio-duna-comunitat-energetica-on-hi-participen-24-empreses-del-poligon-de-la-valldan\/","title":{"rendered":"L\u2019ACEB presenta l\u2019estudi per a la possible creaci\u00f3 d\u2019una comunitat energ\u00e8tica on hi participen 24 empreses del Pol\u00edgon de la Valldan"},"content":{"rendered":"<p>24 empreses del Pol\u00edgon Industrial de la Valldan han participat a l\u2019estudi per a la possible creaci\u00f3 d\u2019una comunitat energ\u00e8tica al Pol\u00edgon de la Valldan.<\/p>\n<p class=\"lazyloaded\">Aquest dimarts, la seu de l\u2019ACEB va acollir la presentaci\u00f3 de l\u2019estudi realitzat per Km0 davant d\u2019una vintena de responsables de les empreses interessades, la majoria s\u00f2cies de l\u2019Associaci\u00f3 de Propietaris del Pol\u00edgon de la Valldan i de l\u2019ACEB.<\/p>\n<p>Durant la sessi\u00f3, el responsable de l\u2019estudi va exposar els resultats extrets a partir de les dades de consum cedides per les mateixes empreses en les darreres setmanes. Aquestes xifres serviran perqu\u00e8 les empreses a t\u00edtol individual, i tamb\u00e9 en conjunt, puguin analitzar el valor de consum i la necessitat aproximada de plaques fotovoltaiques per cobrir una part d\u2019aquest consum, el potencial de megawatts segons les cobertes i les instal\u00b7lacions necess\u00e0ries que farien falta en el cas que el projecte tiri endavant.<\/p>\n<p>A m\u00e9s a m\u00e9s, es van donar a con\u00e8ixer els detalls del funcionament de les comunitats energ\u00e8tiques, a partir d\u2019alguns exemples i precedents que ja existeixen a la Catalunya Central, aix\u00ed com tamb\u00e9 informacions i dades aproximades sobre el cost que tindrien les instal\u00b7lacions, els possibles sistemes de repartiment de l\u2019energia, aix\u00ed com de la part organitzativa i de gesti\u00f3 administrativa.<\/p>\n<p>Ara, les empreses interessades, a banda de valorar els seus resultats a partir de les dades analitzades de cada activitat, hauran de valorar els costos, beneficis i interessos per poder prendre la decisi\u00f3 d\u2019iniciar o no el projecte de crear una comunitat energ\u00e8tica, una plataforma d\u2019autoconsum compartit o algun altre sistema d\u2019autoconsum.<\/p>\n<p>A la sessi\u00f3 hi va assistir el president de l\u2019ACEB, Josep Maria Serarols; el vicepresident de l\u2019ADB, Sebasti\u00e0 Prat i, de manera telem\u00e0tica, el regidor de Pol\u00edgons de l\u2019Ajuntament de Berga, Mois\u00e8s Masanas.<\/p>\n","protected":false},"excerpt":{"rendered":"<p>24 empreses del Pol\u00edgon Industrial de la Valldan han participat a l\u2019estudi per a la possible creaci\u00f3 d\u2019una comunitat energ\u00e8tica al Pol\u00edgon de la Valldan. Aquest dimarts, la seu de l\u2019ACEB va acollir la presentaci\u00f3 de l\u2019estudi realitzat per Km0 davant d\u2019una vintena de responsables de les empreses interessades, la majoria s\u00f2cies de l\u2019Associaci\u00f3 de Propietaris del Pol\u00edgon de la Valldan i de l\u2019ACEB. Durant la sessi\u00f3, el responsable de l\u2019estudi va exposar els resultats extrets a partir de les dades de consum cedides per les mateixes empreses en les darreres setmanes. Aquestes xifres serviran perqu\u00e8 les empreses a t\u00edtol individual, i tamb\u00e9 en conjunt, puguin analitzar el valor de consum i la necessitat aproximada de plaques fotovoltaiques per cobrir una part d\u2019aquest consum, el potencial de megawatts segons les cobertes i les instal\u00b7lacions necess\u00e0ries que farien falta en el cas que el projecte tiri endavant. A m\u00e9s a m\u00e9s, es van donar a con\u00e8ixer els detalls del funcionament de les comunitats energ\u00e8tiques, a partir d\u2019alguns exemples i precedents que ja existeixen a la Catalunya Central, aix\u00ed com tamb\u00e9 informacions i dades aproximades sobre el cost que tindrien les instal\u00b7lacions, els possibles sistemes de repartiment de l\u2019energia, aix\u00ed com de [&hellip;]<\/p>\n","protected":false},"author":1,"featured_media":186838,"comment_status":"closed","ping_status":"closed","sticky":false,"template":"","format":"standard","meta":{"_links_to":"","_links_to_target":""},"categories":[8407],"tags":[8415],"acf":[],"wps_subtitle":"Els resultats s\u2019han presentat davant de les empreses interessades a l\u2019ACEB","_links":{"self":[{"href":"https:\/\/www.foment.com\/es\/wp-json\/wp\/v2\/posts\/186840"}],"collection":[{"href":"https:\/\/www.foment.com\/es\/wp-json\/wp\/v2\/posts"}],"about":[{"href":"https:\/\/www.foment.com\/es\/wp-json\/wp\/v2\/types\/post"}],"author":[{"embeddable":true,"href":"https:\/\/www.foment.com\/es\/wp-json\/wp\/v2\/users\/1"}],"replies":[{"embeddable":true,"href":"https:\/\/www.foment.com\/es\/wp-json\/wp\/v2\/comments?post=186840"}],"version-history":[{"count":1,"href":"https:\/\/www.foment.com\/es\/wp-json\/wp\/v2\/posts\/186840\/revisions"}],"predecessor-version":[{"id":186841,"href":"https:\/\/www.foment.com\/es\/wp-json\/wp\/v2\/posts\/186840\/revisions\/186841"}],"wp:featuredmedia":[{"embeddable":true,"href":"https:\/\/www.foment.com\/es\/wp-json\/wp\/v2\/media\/186838"}],"wp:attachment":[{"href":"https:\/\/www.foment.com\/es\/wp-json\/wp\/v2\/media?parent=186840"}],"wp:term":[{"taxonomy":"category","embeddable":true,"href":"https:\/\/www.foment.com\/es\/wp-json\/wp\/v2\/categories?post=186840"},{"taxonomy":"post_tag","embeddable":true,"href":"https:\/\/www.foment.com\/es\/wp-json\/wp\/v2\/tags?post=186840"}],"curies":[{"name":"wp","href":"https:\/\/api.w.org\/{rel}","templated":true}]}}