{"id":186922,"date":"2024-06-27T19:18:33","date_gmt":"2024-06-27T17:18:33","guid":{"rendered":"https:\/\/www.foment.com\/foment-celebra-dia-empresa-realcant-quatre-nous-lideratges-amb-compromis-social-i-ecologic\/"},"modified":"2024-06-27T19:23:26","modified_gmt":"2024-06-27T17:23:26","slug":"foment-celebra-dia-empresa-realzando-cuatro-nuevos-liderazgos-con-compromiso-social-y-ecologico","status":"publish","type":"post","link":"https:\/\/www.foment.com\/es\/foment-celebra-dia-empresa-realzando-cuatro-nuevos-liderazgos-con-compromiso-social-y-ecologico\/","title":{"rendered":"Foment celebra el Dia de l\u2019Empresa real\u00e7ant quatre \u2018Nous Lideratges\u2019 amb comprom\u00eds social i ecol\u00f2gic"},"content":{"rendered":"<section class=\"wpb-content-wrapper\"><p>[vc_row][vc_column][vc_column_text]<\/p>\n<ul>\n<li>La patronal es complau per poder celebrar per tercer any el Dia de l\u2019Empresa a Catalunya per homenatjar la figura de l\u2019empresari i l\u2019aportaci\u00f3 que fan les empreses per la societat<\/li>\n<li>L&#8217;acte ha reunit figures destacades del m\u00f3n empresarial i ha posat en relleu les estrat\u00e8gies de sostenibilitat de quatre empreses: Areas, PortAventura World, Vueling i Naturgy<\/li>\n<\/ul>\n<p>En motiu de la celebraci\u00f3 avui 27 de juny del Dia de l\u2019Empresa, Foment del Treball ha presentat una <strong>nova edici\u00f3 de la jornada <em>&#8216;Nous Lideratges&#8217;<\/em><\/strong> per destacar algunes de les innovadores iniciatives empresarials que estan impulsant un futur m\u00e9s sostenible. L&#8217;acte ha reunit figures destacades del m\u00f3n empresarial i ha comptat amb la <strong>participaci\u00f3 de representants de diverses empreses amb comprom\u00eds social i ecol\u00f2gic<\/strong>.<\/p>\n<p>En aquest context, el secretari general de la patronal, <strong>David Tornos<\/strong>, ha donat la benvinguda i ha manifestat que Foment va iniciar l\u2019impuls del Dia de l\u2019Empresa perqu\u00e8 veia necessari comptar amb un dia de reconeixement al paper de l\u2019empresari i l\u2019aportaci\u00f3 que fan les empreses per a la societat:<strong> \u201cVa ser una iniciativa que estava en el programa del president de Foment en el primer mandat, i que un cop va ser proclamat president es va posar en marxa\u201d<\/strong>.<\/p>\n<p>Segons Tornos <strong>\u201csi tenim la societat que tenim a Catalunya, Espanya i a la UE, \u00e9s gr\u00e0cies, entre d\u2019altres i molt fonamentalment, a l\u2019activitat de les nostres empreses\u201d<\/strong>, i per aix\u00f2 des de Foment ha reclamat als governs de tots els nivells que estableixin el marc d\u2019actuaci\u00f3 perqu\u00e8 les empreses siguin el m\u00e9s competitives possibles a nivell mundial i no al contrari.<\/p>\n<p>Seguidament, la periodista <strong>Nuria Casas<\/strong> ha entrevistat al Chief Growth Officer i Co-founder de Bakery Group, <strong>Carlos S\u00e1nchez-Llibre<\/strong>, qui ha defensat la import\u00e0ncia del contingut de marca amb prop\u00f2sit, assenyalant que <strong>\u00abel format del branded content \u00e9s perfecte per poder explicar temes importants per a la societat entretenint i tocant l\u2019emoci\u00f3\u00bb<\/strong>.<\/p>\n<p>La jornada ha continuat amb una taula rodona que ha posat en relleu les estrat\u00e8gies de sostenibilitat de quatre empreses: <strong>Areas, PortAventura World, Vueling i Naturgy<\/strong>.<\/p>\n<p>La directora de Comunicaci\u00f3 i Sostenibilitat d&#8217;Areas, Blanca<strong> L\u00f3pez<\/strong>, ha compartit les iniciatives d&#8217;Areas per reduir el malbaratament alimentari, destacant que \u00ab<strong>la reducci\u00f3 del malbaratament alimentari \u00e9s un objectiu fonamental dins de la nostra estrat\u00e8gia de ESG <em>&#8216;Areas for Change<\/em>&#8216;.<\/strong> Lluitem contra aquest problema duent a terme accions concretes i creant aliances clau\u00bb.<\/p>\n<p>Per la seva part, <strong>Bel\u00e9n Badia<\/strong>, directora de Persones i Cultura de PortAventura World, ha abordat la q\u00fcesti\u00f3 de la retenci\u00f3 de talent, explicant que aposten per la promoci\u00f3 interna i una formaci\u00f3 cont\u00ednua: \u201c\u00e9s un valor afegit que podem fer les empreses, ajudar en aquests joves i no tan joves a provar nous camins, i no sempre ha de ser una promoci\u00f3 ascendents, poden haver-hi promocions horitzontals. De totes maneres <strong>sembla que estigui tot millor fora que no a casa, ens hem de vendre millor i explicar molt el que estem fent i l\u2019experi\u00e8ncia laboral que oferim<\/strong>\u201d.<\/p>\n<p>De la m\u00e0 del director de Sostenibilitat a Vueling,<strong> Franc Sanmart\u00ed<\/strong>, ha explicat el comprom\u00eds de la companyia la reducci\u00f3 de les emissions de CO\u2082: \u00ab<strong>les solucions reals per a la reducci\u00f3 de les emissions de CO\u2082 passen per accelerar l&#8217;\u00fas de combustibles sostenibles en l&#8217;aviaci\u00f3<\/strong>, i aix\u00ed mantenir els avantatges que ens dona la connectivitat\u00bb.<\/p>\n<p>Finalment, <strong>Rub\u00e9n Mart\u00ednez<\/strong>, director Zona Mediterrani Gasos Renovables de Naturgy, ha exposat l\u2019aposta que com a pa\u00eds cal fer per la producci\u00f3 dels gasos renovables per a la descarbonitzaci\u00f3 de l&#8217;economia, amb el biomet\u00e0 com un dels protagonistes: \u00abSi f\u00f3ssim capa\u00e7os de produir i consumir tot el potencial dels gasos renovables, <strong>podr\u00edem substituir el 45% de la demanda t\u00e8rmica d&#8217;Espanya, reduint la depend\u00e8ncia energ\u00e8tica de l&#8217;exterior<\/strong>\u00ab.[\/vc_column_text]<div class=\"flexslider wpb_content_element\"><ul class=\"slides\"><li><img src=\"https:\/\/www.foment.com\/wp-content\/uploads\/2024\/06\/photo_6048444075083940714_y.jpg\" alt=\"\" \/><\/li><li><img src=\"https:\/\/www.foment.com\/wp-content\/uploads\/2024\/06\/photo_6048444075083940749_y.jpg\" alt=\"\" \/><\/li><li><img src=\"https:\/\/www.foment.com\/wp-content\/uploads\/2024\/06\/photo_6048444075083940745_y.jpg\" alt=\"\" \/><\/li><li><img src=\"https:\/\/www.foment.com\/wp-content\/uploads\/2024\/06\/photo_6048444075083940866_y.jpg\" alt=\"\" \/><\/li><li><img src=\"https:\/\/www.foment.com\/wp-content\/uploads\/2024\/06\/photo_6048444075083940817_y.jpg\" alt=\"\" \/><\/li><li><img src=\"https:\/\/www.foment.com\/wp-content\/uploads\/2024\/06\/photo_6048444075083940846_y.jpg\" alt=\"\" \/><\/li><li><img src=\"https:\/\/www.foment.com\/wp-content\/uploads\/2024\/06\/photo_6048444075083940790_y.jpg\" alt=\"\" \/><\/li><li><img src=\"https:\/\/www.foment.com\/wp-content\/uploads\/2024\/06\/photo_6048444075083940801_y.jpg\" alt=\"\" \/><\/li><li><img src=\"https:\/\/www.foment.com\/wp-content\/uploads\/2024\/06\/photo_6048444075083940742_y.jpg\" alt=\"\" \/><\/li><li><img src=\"https:\/\/www.foment.com\/wp-content\/uploads\/2024\/06\/photo_6048444075083940794_y.jpg\" alt=\"\" \/><\/li><li><img src=\"https:\/\/www.foment.com\/wp-content\/uploads\/2024\/06\/photo_6048444075083940800_y.jpg\" alt=\"\" \/><\/li><li><img src=\"https:\/\/www.foment.com\/wp-content\/uploads\/2024\/06\/photo_6048444075083940792_y.jpg\" alt=\"\" \/><\/li><li><img src=\"https:\/\/www.foment.com\/wp-content\/uploads\/2024\/06\/photo_6048444075083940732_y.jpg\" alt=\"\" \/><\/li><\/ul><\/div>[vc_raw_html]JTNDaWZyYW1lJTIwd2lkdGglM0QlMjI1NjAlMjIlMjBoZWlnaHQlM0QlMjIzMTUlMjIlMjBzcmMlM0QlMjJodHRwcyUzQSUyRiUyRnd3dy55b3V0dWJlLmNvbSUyRmVtYmVkJTJGQzRYeXdJd05EbzQlM0ZzaSUzRG9wb3JSUTJxZjh4TkNxdEclMjIlMjB0aXRsZSUzRCUyMllvdVR1YmUlMjB2aWRlbyUyMHBsYXllciUyMiUyMGZyYW1lYm9yZGVyJTNEJTIyMCUyMiUyMGFsbG93JTNEJTIyYWNjZWxlcm9tZXRlciUzQiUyMGF1dG9wbGF5JTNCJTIwY2xpcGJvYXJkLXdyaXRlJTNCJTIwZW5jcnlwdGVkLW1lZGlhJTNCJTIwZ3lyb3Njb3BlJTNCJTIwcGljdHVyZS1pbi1waWN0dXJlJTNCJTIwd2ViLXNoYXJlJTIyJTIwcmVmZXJyZXJwb2xpY3klM0QlMjJzdHJpY3Qtb3JpZ2luLXdoZW4tY3Jvc3Mtb3JpZ2luJTIyJTIwYWxsb3dmdWxsc2NyZWVuJTNFJTNDJTJGaWZyYW1lJTNF[\/vc_raw_html][\/vc_column][\/vc_row]<\/p>\n<\/section>","protected":false},"excerpt":{"rendered":"<p>[vc_row][vc_column][vc_column_text] La patronal es complau per poder celebrar per tercer any el Dia de l\u2019Empresa a Catalunya per homenatjar la figura de l\u2019empresari i l\u2019aportaci\u00f3 que fan les empreses per la societat L&#8217;acte ha reunit figures destacades del m\u00f3n empresarial i ha posat en relleu les estrat\u00e8gies de sostenibilitat de quatre empreses: Areas, PortAventura World, Vueling i Naturgy En motiu de la celebraci\u00f3 avui 27 de juny del Dia de l\u2019Empresa, Foment del Treball ha presentat una nova edici\u00f3 de la jornada &#8216;Nous Lideratges&#8217; per destacar algunes de les innovadores iniciatives empresarials que estan impulsant un futur m\u00e9s sostenible. L&#8217;acte ha reunit figures destacades del m\u00f3n empresarial i ha comptat amb la participaci\u00f3 de representants de diverses empreses amb comprom\u00eds social i ecol\u00f2gic. En aquest context, el secretari general de la patronal, David Tornos, ha donat la benvinguda i ha manifestat que Foment va iniciar l\u2019impuls del Dia de l\u2019Empresa perqu\u00e8 veia necessari comptar amb un dia de reconeixement al paper de l\u2019empresari i l\u2019aportaci\u00f3 que fan les empreses per a la societat: \u201cVa ser una iniciativa que estava en el programa del president de Foment en el primer mandat, i que un cop va ser proclamat president es va [&hellip;]<\/p>\n","protected":false},"author":10,"featured_media":186881,"comment_status":"closed","ping_status":"closed","sticky":false,"template":"","format":"standard","meta":{"_links_to":"","_links_to_target":""},"categories":[114,68,5714],"tags":[6887,6883,7847],"acf":[],"wps_subtitle":"","_links":{"self":[{"href":"https:\/\/www.foment.com\/es\/wp-json\/wp\/v2\/posts\/186922"}],"collection":[{"href":"https:\/\/www.foment.com\/es\/wp-json\/wp\/v2\/posts"}],"about":[{"href":"https:\/\/www.foment.com\/es\/wp-json\/wp\/v2\/types\/post"}],"author":[{"embeddable":true,"href":"https:\/\/www.foment.com\/es\/wp-json\/wp\/v2\/users\/10"}],"replies":[{"embeddable":true,"href":"https:\/\/www.foment.com\/es\/wp-json\/wp\/v2\/comments?post=186922"}],"version-history":[{"count":1,"href":"https:\/\/www.foment.com\/es\/wp-json\/wp\/v2\/posts\/186922\/revisions"}],"predecessor-version":[{"id":186923,"href":"https:\/\/www.foment.com\/es\/wp-json\/wp\/v2\/posts\/186922\/revisions\/186923"}],"wp:featuredmedia":[{"embeddable":true,"href":"https:\/\/www.foment.com\/es\/wp-json\/wp\/v2\/media\/186881"}],"wp:attachment":[{"href":"https:\/\/www.foment.com\/es\/wp-json\/wp\/v2\/media?parent=186922"}],"wp:term":[{"taxonomy":"category","embeddable":true,"href":"https:\/\/www.foment.com\/es\/wp-json\/wp\/v2\/categories?post=186922"},{"taxonomy":"post_tag","embeddable":true,"href":"https:\/\/www.foment.com\/es\/wp-json\/wp\/v2\/tags?post=186922"}],"curies":[{"name":"wp","href":"https:\/\/api.w.org\/{rel}","templated":true}]}}