{"id":186936,"date":"2024-06-30T10:30:07","date_gmt":"2024-06-30T08:30:07","guid":{"rendered":"https:\/\/www.foment.com\/?p=186936"},"modified":"2024-06-30T02:19:40","modified_gmt":"2024-06-30T00:19:40","slug":"foment-del-treball-censura-que-el-gobierno-quiera-ampliar-durante-el-proximo-ano-los-impuestos-extraordinarios-a-empresas-energeticas-y-bancos","status":"publish","type":"post","link":"https:\/\/www.foment.com\/es\/foment-del-treball-censura-que-el-gobierno-quiera-ampliar-durante-el-proximo-ano-los-impuestos-extraordinarios-a-empresas-energeticas-y-bancos\/","title":{"rendered":"Foment del Treball censura que el Gobierno quiera ampliar durante el pr\u00f3ximo a\u00f1o los impuestos extraordinarios a empresas energ\u00e9ticas y bancos"},"content":{"rendered":"<ul>\n<li>Josep S\u00e1nchez Llibre recuerda que \u201ceste era un impuesto que era temporal y mantenerlo parece una persecuci\u00f3n\u201d.<\/li>\n<\/ul>\n<p>Ante algunas informaciones que apuntan que el Gobierno central intentar\u00e1 ampliar durante el pr\u00f3ximo a\u00f1o los impuestos extraordinarios a empresas energ\u00e9ticas y bancos, Foment del Treball muestra su rechazo frontal a estas medidas que considera un castigo sin sentido a ciertos sectores econ\u00f3micos y con \u00e1nimo confiscatorio. Cabe tener en cuenta que estas figuras fiscales sobre entidades bancarias y empresas energ\u00e9ticas recaudaron 2.900 millones de euros en 2023. El presidente de Foment, Josep S\u00e1nchez Llibre, considera que \u201cel Gobierno deber\u00eda repens\u00e1rselo y recordar que estos impuestos eran temporales y en un contexto en el que se pidi\u00f3 un esfuerzo a todos, mantenerlo parece una persecuci\u00f3n\u201d. Estas figuras supuestamente se crearon por razones de la crisis econ\u00f3mica, y si como el Gobierno se\u00f1ala estamos teniendo una recuperaci\u00f3n destacada, y por encima de la europea, parece innecesario insistir en el mantenimiento de estas figuras extraordinarias.<\/p>\n<p>El Ministerio de Hacienda public\u00f3 el pasado jueves en el Bolet\u00edn Oficial del Estado (BOE) la orden de elaboraci\u00f3n de los Presupuestos Generales del Estado de 2025 donde ya se recoge la prolongaci\u00f3n de los dos impuestos que deb\u00edan ser temporales. Tambi\u00e9n deb\u00eda ser temporal en su momento el impuesto de Patrimonio, \u00fanico en su especie en Europa, del que Foment pide su erradicaci\u00f3n total y por eso present\u00f3 recurso a la Audiencia Nacional, entendiendo que es confiscatorio. Si no se ganara en esta instancia judicial, Foment tiene preparado un recurso para llevar al Tribunal de Derechos Humanos de Estrasburgo la eliminaci\u00f3n del impuesto de patrimonio. En este caso, s\u00ed que toca llevar a cabo una armonizaci\u00f3n, y hacer desaparecer, como lo han hecho los pa\u00edses de la UE, esta figura tributaria del sistema fiscal. Insistir en su mantenimiento no aporta nada, tan solo querer poner de manifiesto una postura ideol\u00f3gica, que hace tiempo que ha abandonado la totalidad de pa\u00edses de la UE, excepto Espa\u00f1a.<\/p>\n<p>Adem\u00e1s, durante esta semana tambi\u00e9n se ha sabido que el Ministerio de Hacienda llevar\u00e1 al pr\u00f3ximo Consejo de Pol\u00edtica Fiscal y Financiera (CPFF) del pr\u00f3ximo mes de julio el debate sobre la reforma de la financiaci\u00f3n auton\u00f3mica una armonizaci\u00f3n del impuesto de Sucesiones y Donaciones, que establezca un tipo m\u00ednimo com\u00fan para todas las comunidades aut\u00f3nomas. Foment considera que esta acci\u00f3n va contra las competencias de las Comunidades Aut\u00f3nomas y se suma a la carrera intervencionista del Gobierno central a nivel fiscal, hecho que frena la actividad econ\u00f3mica y hunde la competitividad de las empresas. Lo que hace falta no es limitar la capacidad fiscal de las comunidades aut\u00f3nomas, sino llevar a cabo la reforma del sistema de financiaci\u00f3n que no se ha tocado desde 2009.<\/p>\n<p>Finalmente, Foment reclama deflactar la tarifa del IRPF, huyendo de la progresividad en fr\u00edo, es decir, hacer pagar m\u00e1s a Hacienda, no porque la ciudadan\u00eda gane m\u00e1s, sino por el proceso inflacionista: toca ya deflactar la tarifa.<\/p>\n","protected":false},"excerpt":{"rendered":"<p>Josep S\u00e1nchez Llibre recuerda que \u201ceste era un impuesto que era temporal y mantenerlo parece una persecuci\u00f3n\u201d. Ante algunas informaciones que apuntan que el Gobierno central intentar\u00e1 ampliar durante el pr\u00f3ximo a\u00f1o los impuestos extraordinarios a empresas energ\u00e9ticas y bancos, Foment del Treball muestra su rechazo frontal a estas medidas que considera un castigo sin sentido a ciertos sectores econ\u00f3micos y con \u00e1nimo confiscatorio. Cabe tener en cuenta que estas figuras fiscales sobre entidades bancarias y empresas energ\u00e9ticas recaudaron 2.900 millones de euros en 2023. El presidente de Foment, Josep S\u00e1nchez Llibre, considera que \u201cel Gobierno deber\u00eda repens\u00e1rselo y recordar que estos impuestos eran temporales y en un contexto en el que se pidi\u00f3 un esfuerzo a todos, mantenerlo parece una persecuci\u00f3n\u201d. Estas figuras supuestamente se crearon por razones de la crisis econ\u00f3mica, y si como el Gobierno se\u00f1ala estamos teniendo una recuperaci\u00f3n destacada, y por encima de la europea, parece innecesario insistir en el mantenimiento de estas figuras extraordinarias. El Ministerio de Hacienda public\u00f3 el pasado jueves en el Bolet\u00edn Oficial del Estado (BOE) la orden de elaboraci\u00f3n de los Presupuestos Generales del Estado de 2025 donde ya se recoge la prolongaci\u00f3n de los dos impuestos que deb\u00edan ser [&hellip;]<\/p>\n","protected":false},"author":281,"featured_media":186934,"comment_status":"closed","ping_status":"closed","sticky":false,"template":"","format":"standard","meta":{"_links_to":"","_links_to_target":""},"categories":[114,69,5714],"tags":[337],"acf":[],"wps_subtitle":"","_links":{"self":[{"href":"https:\/\/www.foment.com\/es\/wp-json\/wp\/v2\/posts\/186936"}],"collection":[{"href":"https:\/\/www.foment.com\/es\/wp-json\/wp\/v2\/posts"}],"about":[{"href":"https:\/\/www.foment.com\/es\/wp-json\/wp\/v2\/types\/post"}],"author":[{"embeddable":true,"href":"https:\/\/www.foment.com\/es\/wp-json\/wp\/v2\/users\/281"}],"replies":[{"embeddable":true,"href":"https:\/\/www.foment.com\/es\/wp-json\/wp\/v2\/comments?post=186936"}],"version-history":[{"count":1,"href":"https:\/\/www.foment.com\/es\/wp-json\/wp\/v2\/posts\/186936\/revisions"}],"predecessor-version":[{"id":186937,"href":"https:\/\/www.foment.com\/es\/wp-json\/wp\/v2\/posts\/186936\/revisions\/186937"}],"wp:featuredmedia":[{"embeddable":true,"href":"https:\/\/www.foment.com\/es\/wp-json\/wp\/v2\/media\/186934"}],"wp:attachment":[{"href":"https:\/\/www.foment.com\/es\/wp-json\/wp\/v2\/media?parent=186936"}],"wp:term":[{"taxonomy":"category","embeddable":true,"href":"https:\/\/www.foment.com\/es\/wp-json\/wp\/v2\/categories?post=186936"},{"taxonomy":"post_tag","embeddable":true,"href":"https:\/\/www.foment.com\/es\/wp-json\/wp\/v2\/tags?post=186936"}],"curies":[{"name":"wp","href":"https:\/\/api.w.org\/{rel}","templated":true}]}}