{"id":18729,"date":"2016-01-25T09:00:52","date_gmt":"2016-01-25T08:00:52","guid":{"rendered":"http:\/\/foment.itartech.com\/?p=18729"},"modified":"2017-05-26T09:21:47","modified_gmt":"2017-05-26T07:21:47","slug":"foment-del-treball-acerca-la-compra-publica-innovadora-las-pymes-catalanas","status":"publish","type":"post","link":"https:\/\/www.foment.com\/es\/foment-del-treball-acerca-la-compra-publica-innovadora-las-pymes-catalanas\/","title":{"rendered":"Foment del treball acerca la Compra Publica Innovadora a las pymes catalanas"},"content":{"rendered":"<section class=\"wpb-content-wrapper\"><p>[vc_row][vc_column width=\u00bb1\/1&#8243;][vc_column_text]Foment del Treball y Science &amp; Innovation Link Office (SILO) celebraron el lunes 25 de enero una jornada informativa sobre Compra P\u00fablica Innovadora, especialmente dirigida a las PYMES catalanas. En el evento, con notable asistencia, participaron algunos de los principales expertos a nivel catal\u00e1n y estatal de este instrumento de est\u00edmulo p\u00fablico a proyectos innovadores.<\/p>\n<p>La compra p\u00fablica innovadora tiene como objetivo la adquisici\u00f3n de nuevas tecnolog\u00edas que permitan la incorporaci\u00f3n de bienes o servicios innovadores que mejoren la prestaci\u00f3n de servicios a los ciudadanos o suponga mejoras en la eficiencia y el coste de los servicios p\u00fablicos.<\/p>\n<p>En la actualidad, las administraciones p\u00fablicas europeas toman decisiones de compra, cada a\u00f1o, por un valor superior al 14% del PIB, lo que supone una capacidad de movilizaci\u00f3n de recursos muy significativa. Las iniciativas de compra p\u00fablica innovadora pretenden destinar parte de esa capacidad contractual de las administraciones hacia proyectos de I+D y de alto contenido innovador.<\/p>\n<p>Los ponentes del evento destacaron que la Compra P\u00fablica Innovadora puede convertirse en un elemento de pol\u00edtica industrial y tecnol\u00f3gica de primer orden puesto que favorece que las empresas de base tecnol\u00f3gica, especialmente pymes, fundamenten el desarrollo de sus productos y sus investigaciones en contratos con la Administraci\u00f3n. Este es un esquema que se ha utilizado con notable \u00e9xito en otros pa\u00edses occidentales, especialmente en Estados Unidos y que empieza a abrirse paso en Europa. De hecho, la Comisi\u00f3n Europea ha adoptado un programa de 130 millones de euros para el periodo 2016-2017 en el que se pueden financiar hasta el 90% de los costes de este tipo de proyectos.<\/p>\n<p>La administraci\u00f3n catalana ha sido puntera a nivel nacional en el desarrollo de iniciativas de este tipo, con un total de 9 proyectos de compra p\u00fablica innovadora apoyados tanto con fondos FEDER como fondos del programa europeo Horizonte 2020. Algunos ejemplos de estos proyectos est\u00e1n enfocados al \u00e1mbito de la salud, en concreto los proyectos Thalea, de la agencia Aquas, para desarrollar una plataforma para monitorizar los pacientes con m\u00e1s riesgo en la UCI y mejorar el cuidado de pacientes en estado cr\u00edtico mediante la telemedicina y el proyecto Decipher para mejorar la atenci\u00f3n sanitaria de los ciudadanos en la Uni\u00f3n Europea.<\/p>\n<p>A pesar del potencial de este tipo de iniciativas, en la jornada se constat\u00f3 que a\u00fan queda mucho camino por recorrer para alcanzar el nivel de otros pa\u00edses en este \u00e1mbito y se puso en conocimiento de las pymes catalanas experiencias previas y recomendaciones claves para afrontar esta oportunidad con garant\u00eda de \u00e9xito.<\/p>\n<p>La apertura de la jornada corri\u00f3 a cargo de Don Joan Pujol Segarra, secretario General de Fomento del Treball quien se\u00f1alo que la Compra Publica Innovadora cumple un rol importante en el plan estrat\u00e9gico de Catalu\u00f1a para el fomento e impulso de la competitividad e internacionalizaci\u00f3n de las empresas catalanas.<\/p>\n<p>Do\u00f1a Lorena Mu\u00f1oz, directora de SILO y moderadora de la jornada destac\u00f3 la programaci\u00f3n de los fondos FEDER con casi 20.000 millones de euros de inversi\u00f3n en Espa\u00f1a en el periodo 2014-2020, de los que m\u00e1s de 300 millones ser\u00e1n gestionados por el Ministerio de Econom\u00eda y Competitividad en las distintas comunidades aut\u00f3nomas, mediante el programa denominado Fomento de la Innovaci\u00f3n desde la Demanda.<\/p>\n<p>Durante la jornada, Ramon Maspons, director de innovaci\u00f3n de la agencia AQUAS, empresa p\u00fablica referente en la evaluaci\u00f3n sanitaria en Catalu\u00f1a destac\u00f3 la compra p\u00fablica innovadora como motor clave para hacer evolucionar los sistemas sanitarios. Destac\u00f3 el \u00e9xito que han tenido con los proyectos concedidos bajo esta modalidad de contrataci\u00f3n, as\u00ed como el aprendizaje adquirido en los \u00faltimos a\u00f1os. Su visi\u00f3n fue complementada por representantes de otras administraciones catalanas.<\/p>\n<p>Joan Comas, Director de Accio, cont\u00f3 las herramientas que pone a disposici\u00f3n de las empresas para mejorar la competitividad del tejido industrial en Catalu\u00f1a. Carlos Sisternas, Director de Fenin Catalu\u00f1a, Federaci\u00f3n Espa\u00f1ola de Empresas de Tecnolog\u00eda Sanitaria, por su parte recalc\u00f3 el papel dinamizador de la asociaci\u00f3n en la Compra P\u00fablica Innovadora. Miguel Ortiz, coordinador de la compra publica innovadora en CDTI, explico las ayudas que existen tanto para empresas\u2014programa INNODEMANDA\u2014 y para el sector p\u00fablico \u2014programa INNOCOMPRA. Destacando el presupuesto creciente que la Comisi\u00f3n Europea dedica a esta \u00e1rea.<\/p>\n<p>Xavier Castillo, en representaci\u00f3n de AMETIC, Asociaci\u00f3n de Empresas de Electr\u00f3nica, Tecnolog\u00edas de la Informaci\u00f3n, de la Comunicaci\u00f3n, de las Telecomunicaciones y de los Contenidos Digitales destac\u00f3 la importancia de la compra p\u00fablica innovadora como motor clave para el acceso al mercado del sector de las telecomunicaciones. Tambi\u00e9n compar\u00f3 las herramientas de compra p\u00fablica innovadora en EEUU con las que hay en Europa y constat\u00f3 que hay mucho terreno de mejora. AMETIC tambi\u00e9n anunci\u00f3 que ha hecho llegar a los responsables de los programas electorales un documento incluyendo propuestas de mejora para impulsar la compra p\u00fablica innovadora.<\/p>\n<p>La estrategia de las empresas para beneficiarse de la CPI pasa por dos opciones, la primera de tipo reactiva y la segunda proactiva fueron las recomendaciones que present\u00f3 Don Juan Sebasti\u00e1n Ruiz, Manager de SILO. Quien adem\u00e1s explic\u00f3 c\u00f3mo las pymes catalanas pueden utilizar la financiaci\u00f3n europea (con 130 millones de euros provenientes del programa Horizon 2020, el m\u00e1s importante de I+D en Europa) con la que cuentan las administraciones para definir sus estrategias de compra publica innovadora.<\/p>\n<h3><strong>Sobre Science &amp; Innovation Link Office (SILO)<\/strong><\/h3>\n<p>SILO es una empresa de asesor\u00eda especializada en el campo de la I+D+i y el desarrollo de negocio en sectores tecnol\u00f3gicos. La experiencia p\u00fablico-privada al m\u00e1s alto nivel del equipo directivo permite dise\u00f1ar, implantar, gestionar y evaluar soluciones a la medida para todos los agentes del ecosistema de innovaci\u00f3n. Estas soluciones incluyen el dise\u00f1o de pol\u00edticas p\u00fablicas a alto nivel y la aplicaci\u00f3n de metodolog\u00edas propias de gesti\u00f3n de la innovaci\u00f3n en empresas, centros de I+D y de apoyo a la innovaci\u00f3n, y entidades del sistema nacional de salud.<\/p>\n<h3><strong>Innovaci\u00f3n Competitiva de Foment del Treball<\/strong><\/h3>\n<p>Foment del Treball, con el ciclo Innovaci\u00f3n Competitiva, ofrece un calendario de acciones presenciales dirigido al personal directivo y mandos intermedios de las empresas, para facilitar instrumentos para la mejora de la competitividad y adaptaci\u00f3n al cambio, incrementar el nivel de formaci\u00f3n de los profesionales de las empresas en el \u00e1mbito de la innovaci\u00f3n y las nuevas tecnolog\u00edas y favorecer el networking entre las empresas para propiciar un entorno de confianza de cara a posibles colaboraciones. En definitiva, Innovaci\u00f3n Competitiva pretende conseguir un entorno que ayude a las empresas a mejorar su nivel de competitividad especialmente en el \u00e1mbito de la I+D, innovaci\u00f3n y nuevas tecnolog\u00edas, haciendo uso de las redes sociales.[\/vc_column_text][\/vc_column][\/vc_row][vc_row][vc_column width=\u00bb1\/1&#8243;]<div class=\"spacer\" style=\"height: 20px;\"><\/div>[vc_raw_html]JTNDaWZyYW1lJTIwc3JjJTNEJTIyaHR0cHMlM0ElMkYlMkZ3d3cuZmFjZWJvb2suY29tJTJGcGx1Z2lucyUyRnBvc3QucGhwJTNGaHJlZiUzRGh0dHBzJTI1M0ElMjUyRiUyNTJGd3d3LmZhY2Vib29rLmNvbSUyNTJGbWVkaWElMjUyRnNldCUyNTJGJTI1M0ZzZXQlMjUzRGEuNTQ4NDY0MTYxOTg2OTY4LjEwNzM3NDE4NjcuMjY5ODE0MzgzMTg1MjgyJTI1MjZ0eXBlJTI1M0QzJTI2d2lkdGglM0Q1MDAlMjZzaG93X3RleHQlM0R0cnVlJTI2aGVpZ2h0JTNENzU0JTI2YXBwSWQlMjIlMjB3aWR0aCUzRCUyMjUwMCUyMiUyMGhlaWdodCUzRCUyMjc1NCUyMiUyMHN0eWxlJTNEJTIyYm9yZGVyJTNBbm9uZSUzQm92ZXJmbG93JTNBaGlkZGVuJTIyJTIwc2Nyb2xsaW5nJTNEJTIybm8lMjIlMjBmcmFtZWJvcmRlciUzRCUyMjAlMjIlMjBhbGxvd1RyYW5zcGFyZW5jeSUzRCUyMnRydWUlMjIlM0UlM0MlMkZpZnJhbWUlM0U=[\/vc_raw_html][\/vc_column][\/vc_row]<\/p>\n<\/section>","protected":false},"excerpt":{"rendered":"<p>[vc_row][vc_column width=\u00bb1\/1&#8243;][vc_column_text]Foment del Treball y Science &amp; Innovation Link Office (SILO) celebraron el lunes 25 de enero una jornada informativa sobre Compra P\u00fablica Innovadora, especialmente dirigida a las PYMES catalanas. En el evento, con notable asistencia, participaron algunos de los principales expertos a nivel catal\u00e1n y estatal de este instrumento de est\u00edmulo p\u00fablico a proyectos innovadores. La compra p\u00fablica innovadora tiene como objetivo la adquisici\u00f3n de nuevas tecnolog\u00edas que permitan la incorporaci\u00f3n de bienes o servicios innovadores que mejoren la prestaci\u00f3n de servicios a los ciudadanos o suponga mejoras en la eficiencia y el coste de los servicios p\u00fablicos. En la actualidad, las administraciones p\u00fablicas europeas toman decisiones de compra, cada a\u00f1o, por un valor superior al 14% del PIB, lo que supone una capacidad de movilizaci\u00f3n de recursos muy significativa. Las iniciativas de compra p\u00fablica innovadora pretenden destinar parte de esa capacidad contractual de las administraciones hacia proyectos de I+D y de alto contenido innovador. Los ponentes del evento destacaron que la Compra P\u00fablica Innovadora puede convertirse en un elemento de pol\u00edtica industrial y tecnol\u00f3gica de primer orden puesto que favorece que las empresas de base tecnol\u00f3gica, especialmente pymes, fundamenten el desarrollo de sus productos y sus investigaciones en [&hellip;]<\/p>\n","protected":false},"author":24,"featured_media":18864,"comment_status":"closed","ping_status":"closed","sticky":false,"template":"","format":"standard","meta":{"_links_to":"","_links_to_target":""},"categories":[71],"tags":[594],"acf":[],"wps_subtitle":"La UE dedicar\u00e1 130 millones de euros en los a\u00f1os 2016 y 2017 para fomentar esta modalidad de contrataci\u00f3n p\u00fablica. Catalu\u00f1a, especialmente en el \u00e1mbito de la salud, es una de las regiones que con mayor \u00e9xito aplica a estos fondos a nivel europeo","_links":{"self":[{"href":"https:\/\/www.foment.com\/es\/wp-json\/wp\/v2\/posts\/18729"}],"collection":[{"href":"https:\/\/www.foment.com\/es\/wp-json\/wp\/v2\/posts"}],"about":[{"href":"https:\/\/www.foment.com\/es\/wp-json\/wp\/v2\/types\/post"}],"author":[{"embeddable":true,"href":"https:\/\/www.foment.com\/es\/wp-json\/wp\/v2\/users\/24"}],"replies":[{"embeddable":true,"href":"https:\/\/www.foment.com\/es\/wp-json\/wp\/v2\/comments?post=18729"}],"version-history":[{"count":0,"href":"https:\/\/www.foment.com\/es\/wp-json\/wp\/v2\/posts\/18729\/revisions"}],"wp:featuredmedia":[{"embeddable":true,"href":"https:\/\/www.foment.com\/es\/wp-json\/wp\/v2\/media\/18864"}],"wp:attachment":[{"href":"https:\/\/www.foment.com\/es\/wp-json\/wp\/v2\/media?parent=18729"}],"wp:term":[{"taxonomy":"category","embeddable":true,"href":"https:\/\/www.foment.com\/es\/wp-json\/wp\/v2\/categories?post=18729"},{"taxonomy":"post_tag","embeddable":true,"href":"https:\/\/www.foment.com\/es\/wp-json\/wp\/v2\/tags?post=18729"}],"curies":[{"name":"wp","href":"https:\/\/api.w.org\/{rel}","templated":true}]}}