{"id":187298,"date":"2024-07-10T12:15:43","date_gmt":"2024-07-10T10:15:43","guid":{"rendered":"https:\/\/www.foment.com\/?p=187298"},"modified":"2024-07-10T12:15:43","modified_gmt":"2024-07-10T10:15:43","slug":"lempresa-de-maquinaria-agricola-virkar-es-compromet-amb-la-fundacio-uea-per-fomentar-les-vocacions-industrials-entre-els-joves-i-limpuls-de-la-comarca","status":"publish","type":"post","link":"https:\/\/www.foment.com\/es\/lempresa-de-maquinaria-agricola-virkar-es-compromet-amb-la-fundacio-uea-per-fomentar-les-vocacions-industrials-entre-els-joves-i-limpuls-de-la-comarca\/","title":{"rendered":"L\u2019empresa de maquin\u00e0ria agr\u00edcola Virkar es compromet amb la Fundaci\u00f3 UEA per fomentar les vocacions industrials entre els joves i l\u2019impuls de la comarca"},"content":{"rendered":"<p>Nascuda el 2012 de la m\u00e0 de tres emprenedors amb l\u2019objectiu de crear una sembradora d\u2019altes prestacions, Virkar ha procurat posar sempre al centre els professionals del sector i la seva competitivitat. \u00c9s per aix\u00f2 que, acompanyat d\u2019una important aposta per la sostenibilitat lligada a la pr\u00f2pia naturalesa del camp, l\u2019empresa t\u00e9 un ferm comprom\u00eds amb la Responsabilitat Social Corporativa recolzant el projecte social de la Fundaci\u00f3 UEA. Un comprom\u00eds que s\u2019adre\u00e7a especialment al col\u00b7lectiu dels joves de la comarca.<\/p>\n<p>Aix\u00ed, la col\u00b7laboraci\u00f3 de Virkar va dirigit a les accions de la Fundaci\u00f3 en el foment de les vocacions industrials, per posar en valor els oficis, les feines, la professionalitat dels sectors industrials i fer el pont amb els centres educatius, per una millor orientaci\u00f3 dels joves i el foment de la ocupaci\u00f3 industrial.<\/p>\n<p>Amb aquesta implicaci\u00f3, Vikrar referma el comprom\u00eds que ja t\u00e9 amb el territori, tant a nivell social com a nivell mediambiental.<\/p>\n<p>L\u2019acord i el comprom\u00eds es va formalitzar de la m\u00e0 de Xavier Riba, gerent de Virkar Group i Joan Mateu, president de la Fundaci\u00f3 Uni\u00f3 Empresarial de l\u2019Anoia.<\/p>\n","protected":false},"excerpt":{"rendered":"<p>Nascuda el 2012 de la m\u00e0 de tres emprenedors amb l\u2019objectiu de crear una sembradora d\u2019altes prestacions, Virkar ha procurat posar sempre al centre els professionals del sector i la seva competitivitat. \u00c9s per aix\u00f2 que, acompanyat d\u2019una important aposta per la sostenibilitat lligada a la pr\u00f2pia naturalesa del camp, l\u2019empresa t\u00e9 un ferm comprom\u00eds amb la Responsabilitat Social Corporativa recolzant el projecte social de la Fundaci\u00f3 UEA. Un comprom\u00eds que s\u2019adre\u00e7a especialment al col\u00b7lectiu dels joves de la comarca. Aix\u00ed, la col\u00b7laboraci\u00f3 de Virkar va dirigit a les accions de la Fundaci\u00f3 en el foment de les vocacions industrials, per posar en valor els oficis, les feines, la professionalitat dels sectors industrials i fer el pont amb els centres educatius, per una millor orientaci\u00f3 dels joves i el foment de la ocupaci\u00f3 industrial. Amb aquesta implicaci\u00f3, Vikrar referma el comprom\u00eds que ja t\u00e9 amb el territori, tant a nivell social com a nivell mediambiental. L\u2019acord i el comprom\u00eds es va formalitzar de la m\u00e0 de Xavier Riba, gerent de Virkar Group i Joan Mateu, president de la Fundaci\u00f3 Uni\u00f3 Empresarial de l\u2019Anoia.<\/p>\n","protected":false},"author":281,"featured_media":187296,"comment_status":"closed","ping_status":"closed","sticky":false,"template":"","format":"standard","meta":{"_links_to":"","_links_to_target":""},"categories":[8407],"tags":[5774],"acf":[],"wps_subtitle":"","_links":{"self":[{"href":"https:\/\/www.foment.com\/es\/wp-json\/wp\/v2\/posts\/187298"}],"collection":[{"href":"https:\/\/www.foment.com\/es\/wp-json\/wp\/v2\/posts"}],"about":[{"href":"https:\/\/www.foment.com\/es\/wp-json\/wp\/v2\/types\/post"}],"author":[{"embeddable":true,"href":"https:\/\/www.foment.com\/es\/wp-json\/wp\/v2\/users\/281"}],"replies":[{"embeddable":true,"href":"https:\/\/www.foment.com\/es\/wp-json\/wp\/v2\/comments?post=187298"}],"version-history":[{"count":1,"href":"https:\/\/www.foment.com\/es\/wp-json\/wp\/v2\/posts\/187298\/revisions"}],"predecessor-version":[{"id":187299,"href":"https:\/\/www.foment.com\/es\/wp-json\/wp\/v2\/posts\/187298\/revisions\/187299"}],"wp:featuredmedia":[{"embeddable":true,"href":"https:\/\/www.foment.com\/es\/wp-json\/wp\/v2\/media\/187296"}],"wp:attachment":[{"href":"https:\/\/www.foment.com\/es\/wp-json\/wp\/v2\/media?parent=187298"}],"wp:term":[{"taxonomy":"category","embeddable":true,"href":"https:\/\/www.foment.com\/es\/wp-json\/wp\/v2\/categories?post=187298"},{"taxonomy":"post_tag","embeddable":true,"href":"https:\/\/www.foment.com\/es\/wp-json\/wp\/v2\/tags?post=187298"}],"curies":[{"name":"wp","href":"https:\/\/api.w.org\/{rel}","templated":true}]}}