{"id":187396,"date":"2024-07-10T15:26:24","date_gmt":"2024-07-10T13:26:24","guid":{"rendered":"https:\/\/www.foment.com\/?p=187396"},"modified":"2024-07-11T13:07:34","modified_gmt":"2024-07-11T11:07:34","slug":"el-foro-rrhh-de-foment-abandera-el-humor-como-herramienta-esencial-para-la-gestion-de-las-personas-en-su-fiesta-anual","status":"publish","type":"post","link":"https:\/\/www.foment.com\/es\/el-foro-rrhh-de-foment-abandera-el-humor-como-herramienta-esencial-para-la-gestion-de-las-personas-en-su-fiesta-anual\/","title":{"rendered":"El Foro RRHH de Foment abandera el humor como herramienta esencial para la gesti\u00f3n de las personas en su fiesta anual"},"content":{"rendered":"<section class=\"wpb-content-wrapper\"><p>El F\u00f2rum RH de Foment del Treball, que cuenta con el patrocinio de Randstad, ha celebrado su fiesta anual con un refrescante y divertido encuentro entre expertos en Personas, donde el humor se ha convertido en la herramienta protagonista en la gesti\u00f3n de las personas para mejorar la productividad, la salud mental y las relaciones laborales, tal como ha asegurado la presidenta del F\u00f2rum, S\u00edlvia For\u00e9s, quien ha dado paso a la actuaci\u00f3n del humorista Victor Parrado. Con su mon\u00f3logo, Parrado, adem\u00e1s de entretener a la audiencia, transmiti\u00f3 algunas reflexiones poniendo en valor que la gesti\u00f3n de personas va m\u00e1s all\u00e1 de las m\u00e9tricas y los procesos, se trata de comprender la complejidad de las relaciones humanas y c\u00f3mo influyen en el \u00e9xito de las organizaciones.<\/p>\n<p>La vicepresidenta de Foment, Mar Alarc\u00f3n, ha reiterado un a\u00f1o m\u00e1s el apoyo firme y decidido de Foment por la actividad y la tarea de este F\u00f2rum que se ha convertido en un espacio de referencia para los profesionales de esta materia, que \u201cson una pieza clave en nuestras empresas porque se ocupan del bienestar de las personas\u201d, manifestaba Alarc\u00f3n.<\/p>\n<p>En este sentido, el director de Relaciones Externas de Randstad, Daniel Lorenzo, ha remarcado en el cierre del acto la necesidad de contar con empresas donde la gente se sienta a gusto, se trabaje con valores y con el trabajador en el centro, \u201cas\u00ed conseguiremos tambi\u00e9n una sociedad m\u00e1s sana y sostenible\u201d.<\/p>\n<p>A continuaci\u00f3n se ha invitado a todos los miembros del F\u00f2rum al escenario para agradecer su tarea coordinando la actividad que este ofrece, y se ha emplazado a los invitados a continuar la celebraci\u00f3n con un c\u00f3ctel en la singular terraza del Pier 07.<\/p>\n<p>&nbsp;<\/p>\n<p><strong>F\u00f2rum RRHH de Foment<\/strong><\/p>\n<p>Creado en 2001 por un grupo de prestigiosos directores de recursos humanos de organizaciones asociadas a Foment del Treball, el F\u00f2rum RRHH permite un entorno para el intercambio de ideas y experiencias alrededor de la gesti\u00f3n de personas en las organizaciones, aparador de las mejores pr\u00e1cticas empresariales. Hoy en d\u00eda, el F\u00f2rum se ha convertido en una de las principales plataformas del pa\u00eds y punto de encuentro entre profesionales y directivos de este sector.<\/p>\n<p>Cada mes se organizan jornadas profesionales, sesiones muy pr\u00e1cticas sobre temas estructurales englobadas en los ciclos de Essentials, y los CEOTalks, desayunos coloquio en los cuales un director general se re\u00fane con un grupo de prestigiosos directores de recursos humanos para compartir su visi\u00f3n en cuanto a la estrategia de personas implantada en la empresa que lidera. [\/vc_column_text]<div class=\"flexslider wpb_content_element\"><ul class=\"slides\"><li><img src=\"https:\/\/www.foment.com\/wp-content\/uploads\/2024\/07\/photo1720615749-5.jpeg\" alt=\"\" \/><\/li><li><img src=\"https:\/\/www.foment.com\/wp-content\/uploads\/2024\/07\/photo1720615749-4.jpeg\" alt=\"\" \/><\/li><li><img src=\"https:\/\/www.foment.com\/wp-content\/uploads\/2024\/07\/photo1720615749-3.jpeg\" alt=\"\" \/><\/li><li><img src=\"https:\/\/www.foment.com\/wp-content\/uploads\/2024\/07\/photo1720615749-2.jpeg\" alt=\"\" \/><\/li><li><img src=\"https:\/\/www.foment.com\/wp-content\/uploads\/2024\/07\/photo1720615747-6.jpeg\" alt=\"\" \/><\/li><li><img src=\"https:\/\/www.foment.com\/wp-content\/uploads\/2024\/07\/photo1720615747-5.jpeg\" alt=\"\" \/><\/li><li><img src=\"https:\/\/www.foment.com\/wp-content\/uploads\/2024\/07\/photo1720615746-3.jpeg\" alt=\"\" \/><\/li><li><img src=\"https:\/\/www.foment.com\/wp-content\/uploads\/2024\/07\/photo1720615746-2.jpeg\" alt=\"\" \/><\/li><li><img src=\"https:\/\/www.foment.com\/wp-content\/uploads\/2024\/07\/photo1720615745-6.jpeg\" alt=\"\" \/><\/li><li><img src=\"https:\/\/www.foment.com\/wp-content\/uploads\/2024\/07\/photo1720615745-5.jpeg\" alt=\"\" \/><\/li><li><img src=\"https:\/\/www.foment.com\/wp-content\/uploads\/2024\/07\/photo1720615745-4.jpeg\" alt=\"\" \/><\/li><li><img src=\"https:\/\/www.foment.com\/wp-content\/uploads\/2024\/07\/photo1720615744-21.jpeg\" alt=\"\" \/><\/li><li><img src=\"https:\/\/www.foment.com\/wp-content\/uploads\/2024\/07\/photo1720615744-20.jpeg\" alt=\"\" \/><\/li><li><img src=\"https:\/\/www.foment.com\/wp-content\/uploads\/2024\/07\/photo1720615744-19.jpeg\" alt=\"\" \/><\/li><li><img src=\"https:\/\/www.foment.com\/wp-content\/uploads\/2024\/07\/photo1720615744-18.jpeg\" alt=\"\" \/><\/li><li><img src=\"https:\/\/www.foment.com\/wp-content\/uploads\/2024\/07\/photo1720615744-17.jpeg\" alt=\"\" \/><\/li><li><img src=\"https:\/\/www.foment.com\/wp-content\/uploads\/2024\/07\/photo1720615744-16.jpeg\" alt=\"\" \/><\/li><li><img src=\"https:\/\/www.foment.com\/wp-content\/uploads\/2024\/07\/photo1720615744-15.jpeg\" alt=\"\" \/><\/li><li><img src=\"https:\/\/www.foment.com\/wp-content\/uploads\/2024\/07\/photo1720615744-14.jpeg\" alt=\"\" \/><\/li><li><img src=\"https:\/\/www.foment.com\/wp-content\/uploads\/2024\/07\/photo1720615744-13.jpeg\" alt=\"\" \/><\/li><\/ul><\/div><div class=\"video-embed  wpb_content_element\"><iframe title=\"F\u00f2rum Recursos Humans de Foment del Treball - Festa de la Primavera 2024 amb Victor Parrado\" width=\"1161\" height=\"653\" src=\"https:\/\/www.youtube.com\/embed\/zUjDdqA1NxQ?feature=oembed\" frameborder=\"0\" allow=\"accelerometer; autoplay; clipboard-write; encrypted-media; gyroscope; picture-in-picture; web-share\" referrerpolicy=\"strict-origin-when-cross-origin\" allowfullscreen><\/iframe><\/div>[\/vc_column][\/vc_row]<\/p>\n<\/section>","protected":false},"excerpt":{"rendered":"<p>El F\u00f2rum RH de Foment del Treball, que cuenta con el patrocinio de Randstad, ha celebrado su fiesta anual con un refrescante y divertido encuentro entre expertos en Personas, donde el humor se ha convertido en la herramienta protagonista en la gesti\u00f3n de las personas para mejorar la productividad, la salud mental y las relaciones laborales, tal como ha asegurado la presidenta del F\u00f2rum, S\u00edlvia For\u00e9s, quien ha dado paso a la actuaci\u00f3n del humorista Victor Parrado. Con su mon\u00f3logo, Parrado, adem\u00e1s de entretener a la audiencia, transmiti\u00f3 algunas reflexiones poniendo en valor que la gesti\u00f3n de personas va m\u00e1s all\u00e1 de las m\u00e9tricas y los procesos, se trata de comprender la complejidad de las relaciones humanas y c\u00f3mo influyen en el \u00e9xito de las organizaciones. La vicepresidenta de Foment, Mar Alarc\u00f3n, ha reiterado un a\u00f1o m\u00e1s el apoyo firme y decidido de Foment por la actividad y la tarea de este F\u00f2rum que se ha convertido en un espacio de referencia para los profesionales de esta materia, que \u201cson una pieza clave en nuestras empresas porque se ocupan del bienestar de las personas\u201d, manifestaba Alarc\u00f3n. En este sentido, el director de Relaciones Externas de Randstad, Daniel Lorenzo, ha remarcado [&hellip;]<\/p>\n","protected":false},"author":281,"featured_media":187630,"comment_status":"closed","ping_status":"closed","sticky":false,"template":"","format":"standard","meta":{"_links_to":"","_links_to_target":""},"categories":[114,120,8407],"tags":[405],"acf":[],"wps_subtitle":"","_links":{"self":[{"href":"https:\/\/www.foment.com\/es\/wp-json\/wp\/v2\/posts\/187396"}],"collection":[{"href":"https:\/\/www.foment.com\/es\/wp-json\/wp\/v2\/posts"}],"about":[{"href":"https:\/\/www.foment.com\/es\/wp-json\/wp\/v2\/types\/post"}],"author":[{"embeddable":true,"href":"https:\/\/www.foment.com\/es\/wp-json\/wp\/v2\/users\/281"}],"replies":[{"embeddable":true,"href":"https:\/\/www.foment.com\/es\/wp-json\/wp\/v2\/comments?post=187396"}],"version-history":[{"count":4,"href":"https:\/\/www.foment.com\/es\/wp-json\/wp\/v2\/posts\/187396\/revisions"}],"predecessor-version":[{"id":187627,"href":"https:\/\/www.foment.com\/es\/wp-json\/wp\/v2\/posts\/187396\/revisions\/187627"}],"wp:featuredmedia":[{"embeddable":true,"href":"https:\/\/www.foment.com\/es\/wp-json\/wp\/v2\/media\/187630"}],"wp:attachment":[{"href":"https:\/\/www.foment.com\/es\/wp-json\/wp\/v2\/media?parent=187396"}],"wp:term":[{"taxonomy":"category","embeddable":true,"href":"https:\/\/www.foment.com\/es\/wp-json\/wp\/v2\/categories?post=187396"},{"taxonomy":"post_tag","embeddable":true,"href":"https:\/\/www.foment.com\/es\/wp-json\/wp\/v2\/tags?post=187396"}],"curies":[{"name":"wp","href":"https:\/\/api.w.org\/{rel}","templated":true}]}}