{"id":187966,"date":"2024-07-17T10:02:07","date_gmt":"2024-07-17T08:02:07","guid":{"rendered":"https:\/\/www.foment.com\/?p=187966"},"modified":"2024-07-17T10:06:13","modified_gmt":"2024-07-17T08:06:13","slug":"manpowergroup-se-une-a-foment-del-treball-para-ayudar-a-las-empresas-catalanas-con-sus-retos-relacionados-con-el-talento","status":"publish","type":"post","link":"https:\/\/www.foment.com\/es\/manpowergroup-se-une-a-foment-del-treball-para-ayudar-a-las-empresas-catalanas-con-sus-retos-relacionados-con-el-talento\/","title":{"rendered":"ManpowerGroup se une a Foment del Treball para ayudar a las empresas catalanas con sus retos relacionados con el talento"},"content":{"rendered":"<section class=\"wpb-content-wrapper\"><p>[vc_row][vc_column][vc_column_text]<\/p>\n<ul>\n<li><strong>El objetivo es entender y afrontar de manera conjunta los desaf\u00edos de desarrollo econ\u00f3mico y los retos que el actual mercado del empleo presenta<\/strong><\/li>\n<li><strong>La alianza incluye a todas las marcas del grupo -Experis, Talent Solutions, Manpower y la fundaci\u00f3n Human Age Institute- y se enmarca en la estrategia de la compa\u00f1\u00eda por demostrar su compromiso con Catalu\u00f1a, su talento y sus empresas<\/strong><\/li>\n<\/ul>\n<p>Coincidiendo con el trig\u00e9simo quinto aniversario de su llegada a Barcelona, ManpowerGroup se adhiere a Foment del Treball, la principal asociaci\u00f3n empresarial catalana. Esta alianza subraya el compromiso de ManpowerGroup con la creaci\u00f3n de empleo en Catalu\u00f1a, donde la que la empresa abri\u00f3 su primera oficina en Espa\u00f1a, y desde donde gestiona m\u00e1s del 20% de los contratos que opera a nivel nacional.<\/p>\n<p>La adhesi\u00f3n de ManpowerGroup y todas su marcas -Experis, Talent Solutions, Manpower y la fundaci\u00f3n Human Age Institute-, a Foment del Treball se enmarca en la estrategia de la compa\u00f1\u00eda por demostrar su compromiso con Catalu\u00f1a, su talento y su tejido empresarial. El objetivo es abordar de manera conjunta los desaf\u00edos de desarrollo econ\u00f3mico y los retos que el actual mercado del empleo presenta. De hecho, la colaboraci\u00f3n se ha estrenado recientemente con un encuentro en el que se abord\u00f3 el impacto de la inteligencia artificial en el mundo del empleo.<\/p>\n<p>Como parte de esa misma estrategia, este acuerdo se suma a otras acciones que la empresa ha emprendido recientemente en Catalu\u00f1a, como la apertura de la nueva oficina de Manpower en el centro de Barcelona.<\/p>\n<p>Francisco Ribeiro, Country Manager de ManpowerGroup, comentaba <em>\u201cen ManpowerGroup llevamos m\u00e1s de 75 a\u00f1os apostando por la innovaci\u00f3n en torno a la tecnolog\u00eda y el talento. De ellos, 35 los hemos pasado en Catalu\u00f1a. Este hito nos sirve para tomar impulso y seguir construyendo el futuro del empleo y seguir demostrando nuestro compromiso con el tejido empresarial catal\u00e1n. Foment es un socio estrat\u00e9gico que nos va a ayudar a recorrer este camino<\/em>\u201d.<\/p>\n<p>Por su parte, el secretario general de Foment del Treball, David Tornos, manifestaba <em>\u201cestamos encantados de dar la bienvenida a ManpowerGroup a nuestra asociaci\u00f3n. Su experiencia y compromiso con la innovaci\u00f3n y el desarrollo del talento son valores que compartimos plenamente en Foment del Treball. Estamos convencidos de que esta colaboraci\u00f3n contribuir\u00e1 significativamente a afrontar los desaf\u00edos actuales del mercado laboral y a impulsar el crecimiento econ\u00f3mico en Catalu\u00f1a\u201d.<\/em><\/p>\n<p>&nbsp;<\/p>\n<p><strong>Sobre<\/strong> <strong>ManpowerGroup<\/strong><\/p>\n<p>ManpowerGroup es la compa\u00f1\u00eda l\u00edder mundial en soluciones de talento y tecnolog\u00eda. Ayuda a las organizaciones a adaptarse a un mercado del empleo en constante cambio, seleccionando, evaluando, desarrollando y gestionando el talento que necesitan para lograr sus objetivos de negocio. Apoy\u00e1ndose en las \u00faltimas herramientas tecnol\u00f3gicas, crea estrategias innovadoras para cientos de miles de empresas cada a\u00f1o, permiti\u00e9ndoles contar con los profesionales cualificados que necesitan, al mismo tiempo que ofrece un empleo digno y sostenible a millones de personas. A trav\u00e9s de sus distintas marcas (Manpower, Experis y Talent Solutions), aporta valor a candidatos y clientes en m\u00e1s de 75 pa\u00edses, como lleva haciendo durante m\u00e1s de 70 a\u00f1os. Adem\u00e1s, sus pol\u00edticas de diversidad, inclusi\u00f3n e igualdad y sus buenas pr\u00e1cticas de negocio son reconocidas por multitud de organizaciones.<\/p>\n<p>M\u00e1s informaci\u00f3n en <a href=\"http:\/\/www.manpowergroup.es\" target=\"_blank\" rel=\"noopener\">www.manpowergroup.es<\/a><\/p>\n<p>[\/vc_column_text]<div class=\"flexslider wpb_content_element\"><ul class=\"slides\"><li><img src=\"https:\/\/www.foment.com\/wp-content\/uploads\/2024\/07\/Portada-soci-2-scaled.jpg\" alt=\"\" \/><\/li><li><img src=\"https:\/\/www.foment.com\/wp-content\/uploads\/2024\/07\/DSC_0903-scaled.jpg\" alt=\"\" \/><\/li><li><img src=\"https:\/\/www.foment.com\/wp-content\/uploads\/2024\/07\/Portada-soci-1-scaled.jpg\" alt=\"\" \/><\/li><\/ul><\/div>[\/vc_column][\/vc_row]<\/p>\n<\/section>","protected":false},"excerpt":{"rendered":"<p>[vc_row][vc_column][vc_column_text] El objetivo es entender y afrontar de manera conjunta los desaf\u00edos de desarrollo econ\u00f3mico y los retos que el actual mercado del empleo presenta La alianza incluye a todas las marcas del grupo -Experis, Talent Solutions, Manpower y la fundaci\u00f3n Human Age Institute- y se enmarca en la estrategia de la compa\u00f1\u00eda por demostrar su compromiso con Catalu\u00f1a, su talento y sus empresas Coincidiendo con el trig\u00e9simo quinto aniversario de su llegada a Barcelona, ManpowerGroup se adhiere a Foment del Treball, la principal asociaci\u00f3n empresarial catalana. Esta alianza subraya el compromiso de ManpowerGroup con la creaci\u00f3n de empleo en Catalu\u00f1a, donde la que la empresa abri\u00f3 su primera oficina en Espa\u00f1a, y desde donde gestiona m\u00e1s del 20% de los contratos que opera a nivel nacional. La adhesi\u00f3n de ManpowerGroup y todas su marcas -Experis, Talent Solutions, Manpower y la fundaci\u00f3n Human Age Institute-, a Foment del Treball se enmarca en la estrategia de la compa\u00f1\u00eda por demostrar su compromiso con Catalu\u00f1a, su talento y su tejido empresarial. El objetivo es abordar de manera conjunta los desaf\u00edos de desarrollo econ\u00f3mico y los retos que el actual mercado del empleo presenta. De hecho, la colaboraci\u00f3n se ha estrenado recientemente con [&hellip;]<\/p>\n","protected":false},"author":281,"featured_media":187979,"comment_status":"closed","ping_status":"closed","sticky":false,"template":"","format":"standard","meta":{"_links_to":"","_links_to_target":""},"categories":[114,7534,5714],"tags":[7538],"acf":[],"wps_subtitle":"","_links":{"self":[{"href":"https:\/\/www.foment.com\/es\/wp-json\/wp\/v2\/posts\/187966"}],"collection":[{"href":"https:\/\/www.foment.com\/es\/wp-json\/wp\/v2\/posts"}],"about":[{"href":"https:\/\/www.foment.com\/es\/wp-json\/wp\/v2\/types\/post"}],"author":[{"embeddable":true,"href":"https:\/\/www.foment.com\/es\/wp-json\/wp\/v2\/users\/281"}],"replies":[{"embeddable":true,"href":"https:\/\/www.foment.com\/es\/wp-json\/wp\/v2\/comments?post=187966"}],"version-history":[{"count":5,"href":"https:\/\/www.foment.com\/es\/wp-json\/wp\/v2\/posts\/187966\/revisions"}],"predecessor-version":[{"id":187992,"href":"https:\/\/www.foment.com\/es\/wp-json\/wp\/v2\/posts\/187966\/revisions\/187992"}],"wp:featuredmedia":[{"embeddable":true,"href":"https:\/\/www.foment.com\/es\/wp-json\/wp\/v2\/media\/187979"}],"wp:attachment":[{"href":"https:\/\/www.foment.com\/es\/wp-json\/wp\/v2\/media?parent=187966"}],"wp:term":[{"taxonomy":"category","embeddable":true,"href":"https:\/\/www.foment.com\/es\/wp-json\/wp\/v2\/categories?post=187966"},{"taxonomy":"post_tag","embeddable":true,"href":"https:\/\/www.foment.com\/es\/wp-json\/wp\/v2\/tags?post=187966"}],"curies":[{"name":"wp","href":"https:\/\/api.w.org\/{rel}","templated":true}]}}