{"id":188095,"date":"2024-07-17T16:21:27","date_gmt":"2024-07-17T14:21:27","guid":{"rendered":"https:\/\/www.foment.com\/?p=188095"},"modified":"2024-07-17T16:21:27","modified_gmt":"2024-07-17T14:21:27","slug":"la-cambra-i-el-consell-empresarial-dosona-impulsen-unes-trobades-per-reflexionar-sobre-els-reptes-empresarials-de-la-comarca","status":"publish","type":"post","link":"https:\/\/www.foment.com\/es\/la-cambra-i-el-consell-empresarial-dosona-impulsen-unes-trobades-per-reflexionar-sobre-els-reptes-empresarials-de-la-comarca\/","title":{"rendered":"La Cambra i el Consell Empresarial d\u2019Osona impulsen unes trobades per reflexionar sobre els reptes empresarials de la comarca"},"content":{"rendered":"<p style=\"font-weight: 400;\">Amb la voluntat de sumar esfor\u00e7os i establir grans projectes compartits a la comarca, la Cambra de Comer\u00e7 de Barcelona i el Consell Empresarial d\u2019Osona han decidit crear un f\u00f2rum de treball conjunt on reunir-se peri\u00f2dicament per consensuar l\u2019estrat\u00e8gia comarcal i establir plans d\u2019acci\u00f3 compartits. Aquesta nova iniciativa permetr\u00e0 establir i identificar l\u00ednies d\u2019actuaci\u00f3 comunes que impulsin el dinamisme i la competitivitat econ\u00f2mica i empresarial del territori.<\/p>\n<p style=\"font-weight: 400;\">Aquestes trobades estaran formades pels representants de cada un dels Comit\u00e8s Executius de les dues entitats empresarials, formades per una vintena d\u2019empresaris\/es. La reuni\u00f3 va estar liderada per les dues presid\u00e8ncies: Sra Gemma Vivet i Sr. Josep Pujadas.<\/p>\n<p style=\"font-weight: 400;\">Durant la primera trobada, es va fer el primer intercanvi d\u2019impressions i es va posar focus en donar resposta a tres grans reptes estrat\u00e8gics comarcals:<\/p>\n<ul style=\"font-weight: 400;\">\n<li aria-level=\"1\">L\u00ednies per afavorir una administraci\u00f3 m\u00e9s eficient<\/li>\n<li aria-level=\"1\">Propiciar pol\u00edtiques urban\u00edstiques m\u00e9s \u00e0gils, aix\u00ed com l\u00ednies de treball per millorar les infraestructures existents<\/li>\n<li aria-level=\"1\">Fomentar la taula de talent per coordinar accions a favor de la fidelitzaci\u00f3 i la captaci\u00f3 de talent a la comarca<\/li>\n<\/ul>\n<p style=\"font-weight: 400;\">Aquestes trobades est\u00e0 previst que se celebrin semestralment, tot i que des del f\u00f2rum s\u2019ha obert la porta a constituir comissions especialitzades que s\u2019encarreguin de gestionar cadascuna de les tem\u00e0tiques identificades.<\/p>\n","protected":false},"excerpt":{"rendered":"<p>Amb la voluntat de sumar esfor\u00e7os i establir grans projectes compartits a la comarca, la Cambra de Comer\u00e7 de Barcelona i el Consell Empresarial d\u2019Osona han decidit crear un f\u00f2rum de treball conjunt on reunir-se peri\u00f2dicament per consensuar l\u2019estrat\u00e8gia comarcal i establir plans d\u2019acci\u00f3 compartits. Aquesta nova iniciativa permetr\u00e0 establir i identificar l\u00ednies d\u2019actuaci\u00f3 comunes que impulsin el dinamisme i la competitivitat econ\u00f2mica i empresarial del territori. Aquestes trobades estaran formades pels representants de cada un dels Comit\u00e8s Executius de les dues entitats empresarials, formades per una vintena d\u2019empresaris\/es. La reuni\u00f3 va estar liderada per les dues presid\u00e8ncies: Sra Gemma Vivet i Sr. Josep Pujadas. Durant la primera trobada, es va fer el primer intercanvi d\u2019impressions i es va posar focus en donar resposta a tres grans reptes estrat\u00e8gics comarcals: L\u00ednies per afavorir una administraci\u00f3 m\u00e9s eficient Propiciar pol\u00edtiques urban\u00edstiques m\u00e9s \u00e0gils, aix\u00ed com l\u00ednies de treball per millorar les infraestructures existents Fomentar la taula de talent per coordinar accions a favor de la fidelitzaci\u00f3 i la captaci\u00f3 de talent a la comarca Aquestes trobades est\u00e0 previst que se celebrin semestralment, tot i que des del f\u00f2rum s\u2019ha obert la porta a constituir comissions especialitzades que s\u2019encarreguin de gestionar cadascuna [&hellip;]<\/p>\n","protected":false},"author":281,"featured_media":188096,"comment_status":"closed","ping_status":"closed","sticky":false,"template":"","format":"standard","meta":{"_links_to":"","_links_to_target":""},"categories":[8407],"tags":[],"acf":[],"wps_subtitle":"","_links":{"self":[{"href":"https:\/\/www.foment.com\/es\/wp-json\/wp\/v2\/posts\/188095"}],"collection":[{"href":"https:\/\/www.foment.com\/es\/wp-json\/wp\/v2\/posts"}],"about":[{"href":"https:\/\/www.foment.com\/es\/wp-json\/wp\/v2\/types\/post"}],"author":[{"embeddable":true,"href":"https:\/\/www.foment.com\/es\/wp-json\/wp\/v2\/users\/281"}],"replies":[{"embeddable":true,"href":"https:\/\/www.foment.com\/es\/wp-json\/wp\/v2\/comments?post=188095"}],"version-history":[{"count":1,"href":"https:\/\/www.foment.com\/es\/wp-json\/wp\/v2\/posts\/188095\/revisions"}],"predecessor-version":[{"id":188099,"href":"https:\/\/www.foment.com\/es\/wp-json\/wp\/v2\/posts\/188095\/revisions\/188099"}],"wp:featuredmedia":[{"embeddable":true,"href":"https:\/\/www.foment.com\/es\/wp-json\/wp\/v2\/media\/188096"}],"wp:attachment":[{"href":"https:\/\/www.foment.com\/es\/wp-json\/wp\/v2\/media?parent=188095"}],"wp:term":[{"taxonomy":"category","embeddable":true,"href":"https:\/\/www.foment.com\/es\/wp-json\/wp\/v2\/categories?post=188095"},{"taxonomy":"post_tag","embeddable":true,"href":"https:\/\/www.foment.com\/es\/wp-json\/wp\/v2\/tags?post=188095"}],"curies":[{"name":"wp","href":"https:\/\/api.w.org\/{rel}","templated":true}]}}