{"id":188366,"date":"2024-07-23T10:09:09","date_gmt":"2024-07-23T08:09:09","guid":{"rendered":"https:\/\/www.foment.com\/?p=188366"},"modified":"2024-07-23T10:50:25","modified_gmt":"2024-07-23T08:50:25","slug":"la-junta-de-la-sociedad-barcelonesa-de-estudios-economicos-y-sociales-renueva-sus-miembros","status":"publish","type":"post","link":"https:\/\/www.foment.com\/es\/la-junta-de-la-sociedad-barcelonesa-de-estudios-economicos-y-sociales-renueva-sus-miembros\/","title":{"rendered":"La junta de la Sociedad Barcelonesa de Estudios Econ\u00f3micos y Sociales renueva sus miembros"},"content":{"rendered":"<section class=\"wpb-content-wrapper\"><p>[vc_row][vc_column][vc_column_text]<\/p>\n<ul>\n<li>La SBEES incorpora a perfiles vinculados al mundo industrial y de la innovaci\u00f3n<\/li>\n<li>Josep S\u00e1nchez Llibre considera que \u201ces momento de incidir en el debate p\u00fablico con ideas que ayuden a mejorar la econom\u00eda y reducir las desigualdades sociales\u201d<\/li>\n<\/ul>\n<p>La junta de la Sociedad Barcelonesa de Estudios Econ\u00f3micos y Sociales (SBEES) ha renovado sus miembros de manera ordinaria. El objetivo de la SBEES es impulsar la idea de que la sociedad debe tener un debate vivo en materia econ\u00f3mica y tener espacios de an\u00e1lisis rigurosos. M\u00e1s all\u00e1 de estar atentos al d\u00eda a d\u00eda, como hacen todas las asociaciones empresariales, es necesario abordar tambi\u00e9n temas de fondo, estructurales, e intentar aproximarse a los retos del futuro para acertar en la toma de decisiones. El presidente de la SBEES, Josep S\u00e1nchez Llibre, ha asegurado que \u201ces momento de incidir en el debate p\u00fablico con ideas que ayuden a mejorar la econom\u00eda y reducir las desigualdades sociales con la mirada puesta en el futuro y sin prejuicios\u201d.<\/p>\n<p>En la reuni\u00f3n de la nueva junta se han tratado diversas cuestiones sobre la actualidad y el futuro de la SBEES y de sus actividades, ya sea con el ReThink BCN o la SBEES Madrid, que abri\u00f3 delegaci\u00f3n en la capital espa\u00f1ola en febrero de este a\u00f1o.<\/p>\n<p>Los miembros de la nueva junta son:<\/p>\n<p><strong>Presidente: <\/strong><\/p>\n<ul>\n<li>Josep S\u00e1nchez Llibre<\/li>\n<\/ul>\n<p><strong>Vicepresidentes:<\/strong><\/p>\n<ul>\n<li>Isabel Buesa Gambau<\/li>\n<li>Elisabeth Ca\u00f1igueral Borras<\/li>\n<li>Joan Roget Alemany<\/li>\n<li>David Tornos Salom\u00f3<\/li>\n<\/ul>\n<p><strong>Secretario:<\/strong><\/p>\n<ul>\n<li>Manuel Jos\u00e9 Silva S\u00e1nchez<\/li>\n<\/ul>\n<p><strong>Tesorero:<\/strong><\/p>\n<ul>\n<li>Laure\u00e0 Folch Millet<\/li>\n<\/ul>\n<p><strong>Vocales:<\/strong><\/p>\n<ul>\n<li>Jordi Alberich Llaveria<\/li>\n<li>Jordi Casas Bed\u00f3s<\/li>\n<\/ul>\n<p>Entre las acciones de la SBEES cabe destacar, entre otras, la celebraci\u00f3n del Foro de Di\u00e1logo Espa\u00f1a-Italia, los ciclos de conferencias \u201c<em>Hacer metr\u00f3polis<\/em>\u201d o \u201c<em>El progreso en el siglo XXI<\/em>\u201d en el marco de ReThink BCN. Tambi\u00e9n cabe destacar como SBEES en Madrid, sea en su sede del Palau de Miraflores como en otros lugares ha encendido debates sobre el papel de las ciudades en el siglo XXI, el dividendo de la colaboraci\u00f3n p\u00fablico-privada, o el presente y el futuro del turismo en las metr\u00f3polis espa\u00f1olas y portuguesas.[\/vc_column_text]<div class=\"flexslider wpb_content_element\"><ul class=\"slides\"><li><img src=\"https:\/\/www.foment.com\/wp-content\/uploads\/2024\/07\/DSC_0017-scaled.jpg\" alt=\"\" \/><\/li><\/ul><\/div>[\/vc_column][\/vc_row]<\/p>\n<\/section>","protected":false},"excerpt":{"rendered":"<p>[vc_row][vc_column][vc_column_text] La SBEES incorpora a perfiles vinculados al mundo industrial y de la innovaci\u00f3n Josep S\u00e1nchez Llibre considera que \u201ces momento de incidir en el debate p\u00fablico con ideas que ayuden a mejorar la econom\u00eda y reducir las desigualdades sociales\u201d La junta de la Sociedad Barcelonesa de Estudios Econ\u00f3micos y Sociales (SBEES) ha renovado sus miembros de manera ordinaria. El objetivo de la SBEES es impulsar la idea de que la sociedad debe tener un debate vivo en materia econ\u00f3mica y tener espacios de an\u00e1lisis rigurosos. M\u00e1s all\u00e1 de estar atentos al d\u00eda a d\u00eda, como hacen todas las asociaciones empresariales, es necesario abordar tambi\u00e9n temas de fondo, estructurales, e intentar aproximarse a los retos del futuro para acertar en la toma de decisiones. El presidente de la SBEES, Josep S\u00e1nchez Llibre, ha asegurado que \u201ces momento de incidir en el debate p\u00fablico con ideas que ayuden a mejorar la econom\u00eda y reducir las desigualdades sociales con la mirada puesta en el futuro y sin prejuicios\u201d. En la reuni\u00f3n de la nueva junta se han tratado diversas cuestiones sobre la actualidad y el futuro de la SBEES y de sus actividades, ya sea con el ReThink BCN o la SBEES [&hellip;]<\/p>\n","protected":false},"author":281,"featured_media":188361,"comment_status":"closed","ping_status":"closed","sticky":false,"template":"","format":"standard","meta":{"_links_to":"","_links_to_target":""},"categories":[114,5714,1799],"tags":[4781],"acf":[],"wps_subtitle":"","_links":{"self":[{"href":"https:\/\/www.foment.com\/es\/wp-json\/wp\/v2\/posts\/188366"}],"collection":[{"href":"https:\/\/www.foment.com\/es\/wp-json\/wp\/v2\/posts"}],"about":[{"href":"https:\/\/www.foment.com\/es\/wp-json\/wp\/v2\/types\/post"}],"author":[{"embeddable":true,"href":"https:\/\/www.foment.com\/es\/wp-json\/wp\/v2\/users\/281"}],"replies":[{"embeddable":true,"href":"https:\/\/www.foment.com\/es\/wp-json\/wp\/v2\/comments?post=188366"}],"version-history":[{"count":3,"href":"https:\/\/www.foment.com\/es\/wp-json\/wp\/v2\/posts\/188366\/revisions"}],"predecessor-version":[{"id":188369,"href":"https:\/\/www.foment.com\/es\/wp-json\/wp\/v2\/posts\/188366\/revisions\/188369"}],"wp:featuredmedia":[{"embeddable":true,"href":"https:\/\/www.foment.com\/es\/wp-json\/wp\/v2\/media\/188361"}],"wp:attachment":[{"href":"https:\/\/www.foment.com\/es\/wp-json\/wp\/v2\/media?parent=188366"}],"wp:term":[{"taxonomy":"category","embeddable":true,"href":"https:\/\/www.foment.com\/es\/wp-json\/wp\/v2\/categories?post=188366"},{"taxonomy":"post_tag","embeddable":true,"href":"https:\/\/www.foment.com\/es\/wp-json\/wp\/v2\/tags?post=188366"}],"curies":[{"name":"wp","href":"https:\/\/api.w.org\/{rel}","templated":true}]}}